{"id":454098,"date":"2022-03-20T10:29:46","date_gmt":"2022-03-20T07:29:46","guid":{"rendered":"http:\/\/arantv.az\/?p=454098"},"modified":"2022-03-20T10:29:46","modified_gmt":"2022-03-20T07:29:46","slug":"avropa-ittifaqi-il%c9%99-az%c9%99rbaycan-arasinda-intensiv-dialoqun-v%c9%99-munasib%c9%99tl%c9%99rin-inkisafinin-sahidi-oluruq","status":"publish","type":"post","link":"https:\/\/arantv.az\/?p=454098","title":{"rendered":"Avropa \u0130ttifaq\u0131 il\u0259 Az\u0259rbaycan aras\u0131nda intensiv dialoqun v\u0259 m\u00fcnasib\u0259tl\u0259rin inki\u015faf\u0131n\u0131n \u015fahidi oluruq"},"content":{"rendered":"<p>Avropa \u0130ttifaq\u0131n\u0131n Az\u0259rbaycandak\u0131 N\u00fcmay\u0259nd\u0259liyinin r\u0259hb\u0259ri Peter Mixalko Az\u0259rbaycan xalq\u0131n\u0131 Novruz bayram\u0131 m\u00fcnasib\u0259ti il\u0259 t\u0259brik edib.<\/p>\n<p><strong>ARANTV.AZ\u00a0 x\u0259b\u0259r verir ki,<\/strong>\u00a0\u00a0Peter Mixalko bildirib ki, Novruz dir\u00e7\u0259li\u015f, yeni ba\u015flan\u011f\u0131clar, bahar\u0131n n\u0259f\u0259si, bolluq v\u0259 birlik bayram\u0131d\u0131r.<\/p>\n<p>P. Mixalko qeyd edib ki, bu bayram yeni ba\u015flan\u011f\u0131clar\u0131 v\u0259 bahar\u0131 qeyd etm\u0259k, ail\u0259 v\u0259 dostlarla bir araya g\u0259lm\u0259k \u00fc\u00e7\u00fcn unikal f\u00fcrs\u0259tdir: \u201cBu g\u00fcn ham\u0131 d\u00fcnyada ba\u015f ver\u0259n pandemiya v\u0259 Ukraynadak\u0131 m\u00fcharib\u0259y\u0259 g\u00f6r\u0259 \u00e7\u0259tin g\u00fcnl\u0259r ya\u015fay\u0131r. Lakin biz h\u0259l\u0259 d\u0259 parlaq g\u0259l\u0259c\u0259y\u0259 \u00fcmid edirik, s\u00fclh v\u0259 firavanl\u0131q, daha yax\u015f\u0131 g\u0259l\u0259c\u0259k \u00fc\u00e7\u00fcn birlikd\u0259 i\u015fl\u0259m\u0259y\u0259 davam edirik. Biz Avropa \u0130ttifaq\u0131 il\u0259 Az\u0259rbaycan aras\u0131nda h\u0259m ikit\u0259r\u0259fli, h\u0259m d\u0259 \u015e\u0259rq T\u0259r\u0259fda\u015fl\u0131\u011f\u0131 \u00e7\u0259r\u00e7iv\u0259sind\u0259 \u0259h\u0259miyy\u0259tli v\u0259 intensiv dialoqun v\u0259 m\u00fcnasib\u0259tl\u0259rin inki\u015faf\u0131n\u0131n \u015fahidi oluruq. Avropa \u0130ttifaq\u0131n\u0131n Az\u0259rbaycandak\u0131 n\u00fcmay\u0259nd\u0259liyi ad\u0131ndan Az\u0259rbaycan xalq\u0131n\u0131 Beyn\u0259lxalq Novruz G\u00fcn\u00fc m\u00fcnasib\u0259ti il\u0259 t\u0259brik edir\u0259m. Bu bayram\u0131n evl\u0259riniz\u0259 sevinc, s\u00fcfr\u0259l\u0259riniz\u0259 bolluq g\u0259tirm\u0259sini arzu edirik. G\u0259lin ham\u0131m\u0131z bu g\u00f6z\u0259l bayram\u0131 qeyd ed\u0259r\u0259k, bir-birimizl\u0259 daha mehriban, sa\u011flam qalmaq \u00fc\u00e7\u00fcn bir-birimiz\u0259 d\u0259st\u0259k olaq\u201d.<\/p>\n","protected":false},"excerpt":{"rendered":"<p>Avropa \u0130ttifaq\u0131n\u0131n Az\u0259rbaycandak\u0131 N\u00fcmay\u0259nd\u0259liyinin r\u0259hb\u0259ri Peter Mixalko Az\u0259rbaycan xalq\u0131n\u0131 Novruz bayram\u0131 m\u00fcnasib\u0259ti il\u0259 t\u0259brik edib. ARANTV.AZ\u00a0 x\u0259b\u0259r verir ki,\u00a0\u00a0Peter Mixalko bildirib ki, Novruz dir\u00e7\u0259li\u015f, yeni ba\u015flan\u011f\u0131clar, bahar\u0131n n\u0259f\u0259si, bolluq v\u0259 birlik bayram\u0131d\u0131r. P. Mixalko qeyd edib ki, bu bayram yeni ba\u015flan\u011f\u0131clar\u0131 v\u0259 bahar\u0131 qeyd etm\u0259k, ail\u0259 v\u0259 dostlarla bir araya g\u0259lm\u0259k \u00fc\u00e7\u00fcn unikal f\u00fcrs\u0259tdir: \u201cBu g\u00fcn ham\u0131 d\u00fcnyada ba\u015f ver\u0259n pandemiya v\u0259 Ukraynadak\u0131 m\u00fcharib\u0259y\u0259 g\u00f6r\u0259 \u00e7\u0259tin g\u00fcnl\u0259r ya\u015fay\u0131r. Lakin biz h\u0259l\u0259 d\u0259 parlaq g\u0259l\u0259c\u0259y\u0259 \u00fcmid edirik, s\u00fclh v\u0259 firavanl\u0131q, daha yax\u015f\u0131 g\u0259l\u0259c\u0259k \u00fc\u00e7\u00fcn birlikd\u0259 i\u015fl\u0259m\u0259y\u0259 davam edirik. Biz Avropa \u0130ttifaq\u0131&hellip;<\/p>\n","protected":false},"author":2,"featured_media":454099,"comment_status":"closed","ping_status":"closed","sticky":false,"template":"","format":"standard","meta":{"om_disable_all_campaigns":false,"_monsterinsights_skip_tracking":false,"_monsterinsights_sitenote_active":false,"_monsterinsights_sitenote_note":"","_monsterinsights_sitenote_category":0},"categories":[4],"tags":[],"aioseo_notices":[],"gutentor_comment":0,"rttpg_featured_image_url":{"full":["https:\/\/arantv.az\/wp-content\/uploads\/2022\/03\/78573683164775658515139014510628072.jpg",975,540,false],"landscape":["https:\/\/arantv.az\/wp-content\/uploads\/2022\/03\/78573683164775658515139014510628072.jpg",975,540,false],"portraits":["https:\/\/arantv.az\/wp-content\/uploads\/2022\/03\/78573683164775658515139014510628072.jpg",975,540,false],"thumbnail":["https:\/\/arantv.az\/wp-content\/uploads\/2022\/03\/78573683164775658515139014510628072-500x280.jpg",500,280,true],"medium":["https:\/\/arantv.az\/wp-content\/uploads\/2022\/03\/78573683164775658515139014510628072-660x365.jpg",660,365,true],"large":["https:\/\/arantv.az\/wp-content\/uploads\/2022\/03\/78573683164775658515139014510628072-840x465.jpg",640,354,true],"1536x1536":["https:\/\/arantv.az\/wp-content\/uploads\/2022\/03\/78573683164775658515139014510628072.jpg",975,540,false],"2048x2048":["https:\/\/arantv.az\/wp-content\/uploads\/2022\/03\/78573683164775658515139014510628072.jpg",975,540,false],"post-thumbnail":["https:\/\/arantv.az\/wp-content\/uploads\/2022\/03\/78573683164775658515139014510628072-240x172.jpg",240,172,true],"advps-thumb-one":["https:\/\/arantv.az\/wp-content\/uploads\/2022\/03\/78573683164775658515139014510628072.jpg",975,540,false]},"rttpg_author":{"display_name":"V\u00fcsal Rafiqo\u011flu","author_link":"https:\/\/arantv.az\/?author=2"},"rttpg_comment":0,"rttpg_category":"<a href=\"https:\/\/arantv.az\/?cat=4\" rel=\"category\">Siyas\u0259t<\/a>","rttpg_excerpt":"Avropa \u0130ttifaq\u0131n\u0131n Az\u0259rbaycandak\u0131 N\u00fcmay\u0259nd\u0259liyinin r\u0259hb\u0259ri Peter Mixalko Az\u0259rbaycan xalq\u0131n\u0131 Novruz bayram\u0131 m\u00fcnasib\u0259ti il\u0259 t\u0259brik edib. ARANTV.AZ\u00a0 x\u0259b\u0259r verir ki,\u00a0\u00a0Peter Mixalko bildirib ki, Novruz dir\u00e7\u0259li\u015f, yeni ba\u015flan\u011f\u0131clar, bahar\u0131n n\u0259f\u0259si, bolluq v\u0259 birlik bayram\u0131d\u0131r. P. Mixalko qeyd edib ki, bu bayram yeni ba\u015flan\u011f\u0131clar\u0131 v\u0259 bahar\u0131 qeyd etm\u0259k, ail\u0259 v\u0259 dostlarla bir araya g\u0259lm\u0259k \u00fc\u00e7\u00fcn unikal f\u00fcrs\u0259tdir: \u201cBu&hellip;","_links":{"self":[{"href":"https:\/\/arantv.az\/index.php?rest_route=\/wp\/v2\/posts\/454098"}],"collection":[{"href":"https:\/\/arantv.az\/index.php?rest_route=\/wp\/v2\/posts"}],"about":[{"href":"https:\/\/arantv.az\/index.php?rest_route=\/wp\/v2\/types\/post"}],"author":[{"embeddable":true,"href":"https:\/\/arantv.az\/index.php?rest_route=\/wp\/v2\/users\/2"}],"replies":[{"embeddable":true,"href":"https:\/\/arantv.az\/index.php?rest_route=%2Fwp%2Fv2%2Fcomments&post=454098"}],"version-history":[{"count":0,"href":"https:\/\/arantv.az\/index.php?rest_route=\/wp\/v2\/posts\/454098\/revisions"}],"wp:featuredmedia":[{"embeddable":true,"href":"https:\/\/arantv.az\/index.php?rest_route=\/wp\/v2\/media\/454099"}],"wp:attachment":[{"href":"https:\/\/arantv.az\/index.php?rest_route=%2Fwp%2Fv2%2Fmedia&parent=454098"}],"wp:term":[{"taxonomy":"category","embeddable":true,"href":"https:\/\/arantv.az\/index.php?rest_route=%2Fwp%2Fv2%2Fcategories&post=454098"},{"taxonomy":"post_tag","embeddable":true,"href":"https:\/\/arantv.az\/index.php?rest_route=%2Fwp%2Fv2%2Ftags&post=454098"}],"curies":[{"name":"wp","href":"https:\/\/api.w.org\/{rel}","templated":true}]}}