{"id":454121,"date":"2022-03-20T15:46:08","date_gmt":"2022-03-20T12:46:08","guid":{"rendered":"http:\/\/arantv.az\/?p=454121"},"modified":"2022-03-20T15:46:08","modified_gmt":"2022-03-20T12:46:08","slug":"turkiy%c9%99d%c9%99-mualic%c9%99-alan-qazil%c9%99rimiz-ucun-novruz-bayrami-s%c9%99nliyi-t%c9%99skil-olunub-foto","status":"publish","type":"post","link":"https:\/\/arantv.az\/?p=454121","title":{"rendered":"T\u00fcrkiy\u0259d\u0259 m\u00fcalic\u0259 alan qazil\u0259rimiz \u00fc\u00e7\u00fcn Novruz bayram\u0131 \u015f\u0259nliyi t\u0259\u015fkil olunub &#8211; FOTO"},"content":{"rendered":"<p>Az\u0259rbaycan\u0131n T\u00fcrkiy\u0259d\u0259ki s\u0259firliyi n\u0259zdind\u0259 h\u0259rbi atta\u015felik aparat\u0131 t\u0259r\u0259find\u0259n Novruz bayram\u0131 m\u00fcnasib\u0259til\u0259 qarda\u015f \u00f6lk\u0259d\u0259 m\u00fcalic\u0259 alan v\u0259 reabilitasiya prosesi ke\u00e7\u0259n qazil\u0259rimiz \u00fc\u00e7\u00fcn Bursa \u015f\u0259h\u0259rind\u0259 t\u0259nt\u0259n\u0259li bayram m\u0259rasimi t\u0259\u015fkil edilib.<\/p>\n<p>Bu bar\u0259d\u0259 M\u00fcdafi\u0259 Nazirliyi m\u0259lumat yay\u0131b.<\/p>\n<div class=\"AdviadNativeVideo\"><\/div>\n<p>Bayram \u015f\u0259nliyind\u0259 Kocaeli v\u0259 Bursa \u015f\u0259h\u0259rl\u0259rind\u0259 b\u0259rpa v\u0259 m\u00fcalic\u0259 prosesi ke\u00e7\u0259n qazil\u0259rimiz, el\u0259c\u0259 d\u0259 onlar\u0131n ail\u0259 \u00fczvl\u0259ri, qazil\u0259rimizi m\u00fcalic\u0259 ed\u0259n h\u0259kiml\u0259r v\u0259 dig\u0259r tibb i\u015f\u00e7il\u0259ri, Bursada t\u0259hsil alan t\u0259l\u0259b\u0259l\u0259rimiz, habel\u0259 Az\u0259rbaycan\u0131n T\u00fcrkiy\u0259d\u0259ki s\u0259firi R\u0259\u015fad M\u0259mm\u0259dov, \u0130stanbuldak\u0131 ba\u015f konsulumuz N\u0259rmin\u0259 Mustafayeva, Az\u0259rbaycan\u0131n T\u00fcrkiy\u0259d\u0259ki h\u0259rbi atta\u015fesi polkovnik M\u00fc\u015ffiq M\u0259mm\u0259dov v\u0259 yerli hakimiyy\u0259t orqanlar\u0131n\u0131n t\u0259msil\u00e7il\u0259ri i\u015ftirak edibl\u0259r.<\/p>\n<p>Az\u0259rbaycan\u0131n v\u0259 T\u00fcrkiy\u0259nin D\u00f6vl\u0259t himnl\u0259rinin s\u0259sl\u0259ndirilm\u0259si il\u0259 ba\u015flayan m\u0259rasimd\u0259 \u015f\u0259hidl\u0259rin \u0259ziz xatir\u0259si bir d\u0259qiq\u0259lik s\u00fckutla yad edilib.<\/p>\n<p>T\u0259dbird\u0259 \u00e7\u0131x\u0131\u015f ed\u0259nl\u0259r Az\u0259rbaycan\u0131n V\u0259t\u0259n m\u00fcharib\u0259sind\u0259 \u0259ld\u0259 etdiyi \u015fanl\u0131 Z\u0259f\u0259rd\u0259n, Novruz ad\u0259t-\u0259n\u0259n\u0259l\u0259rind\u0259n, bu bayram\u0131n t\u00fcrk d\u00fcnyas\u0131 \u00fc\u00e7\u00fcn \u0259h\u0259miyy\u0259td\u0259n dan\u0131\u015f\u0131blar.<\/p>\n<p>B\u0259dii hiss\u0259d\u0259 Az\u0259rbaycandan g\u0259l\u0259n musiqi qrupu milli musiqimizin n\u00fcmun\u0259l\u0259ri il\u0259 q\u0259hr\u0259man qazil\u0259rimizin k\u00f6nl\u00fcn\u00fc ox\u015fay\u0131b.<\/p>\n<p>&nbsp;<\/p>\n<div class=\"gallery\">\n<div class=\"gallery-i\"><img src=\"https:\/\/cdn.oxu.az\/uploads\/W1siZiIsIjIwMjIvMDMvMjAvMTUvMzgvMDIvNWVmMTczZWUtOGYxMS00ZTFmLTg4NzAtOTY0ZTUwY2MyNzEwLzNmOGYzNjc2Y2FjNDY5ZWRjNDY2ODkwNDcyMzFiYmQxLmpwZyJdLFsicCIsImVuY29kZSIsImpwZyIsIi1xdWFsaXR5IDgwIl0sWyJwIiwidGh1bWIiLCI1OTB4NTkwXHUwMDNlIl1d?sha=a91727b627a73804\" alt=\"\" \/><\/p>\n<div class=\"gallery-i-caption\"><\/div>\n<\/div>\n<div class=\"gallery-i\"><img src=\"https:\/\/cdn.oxu.az\/uploads\/W1siZiIsIjIwMjIvMDMvMjAvMTUvMzgvMDIvYTVkOTVhN2ItYjk4Ni00ODBmLWE3M2UtMDE4Nzc2MTMzYThkLzEzYmE3ZTYyNjBhZTY0NWQ0MThiODFjNjcwNjY5NmUwLmpwZyJdLFsicCIsImVuY29kZSIsImpwZyIsIi1xdWFsaXR5IDgwIl0sWyJwIiwidGh1bWIiLCI1OTB4NTkwXHUwMDNlIl1d?sha=1ed0dcbf56dcbb69\" alt=\"\" \/><\/p>\n<div class=\"gallery-i-caption\"><\/div>\n<\/div>\n<div class=\"gallery-i\"><img src=\"https:\/\/cdn.oxu.az\/uploads\/W1siZiIsIjIwMjIvMDMvMjAvMTUvMzgvMDIvYjQ2MTA3NjEtOGIyOS00YTQ3LWIyYzgtZTdlZTJlZGYyMWZlLzllMjEyZGYxNzk2OWZlODMyNGE0NmUwMDM0YWE1ODk5LmpwZyJdLFsicCIsImVuY29kZSIsImpwZyIsIi1xdWFsaXR5IDgwIl0sWyJwIiwidGh1bWIiLCI1OTB4NTkwXHUwMDNlIl1d?sha=502f2d9165729933\" alt=\"\" \/><\/p>\n<div class=\"gallery-i-caption\"><\/div>\n<\/div>\n<div class=\"gallery-i\"><img src=\"https:\/\/cdn.oxu.az\/uploads\/W1siZiIsIjIwMjIvMDMvMjAvMTUvMzgvMDMvMjI2ZWQxNjgtODY4MS00NDFmLThjZjktY2FmMDk4YjE2ZjJiL2FkYjkzYTRkZTQ3ZDNiODVjZTFlZDM4OTVkNjg0NjVhLmpwZyJdLFsicCIsImVuY29kZSIsImpwZyIsIi1xdWFsaXR5IDgwIl0sWyJwIiwidGh1bWIiLCI1OTB4NTkwXHUwMDNlIl1d?sha=f65933753e733109\" alt=\"\" \/><\/p>\n<div class=\"gallery-i-caption\"><\/div>\n<\/div>\n<div class=\"gallery-i\"><img src=\"https:\/\/cdn.oxu.az\/uploads\/W1siZiIsIjIwMjIvMDMvMjAvMTUvMzgvMDMvMWNkOWRjN2ItMzliOC00NDM2LWEyNDMtZjI0NzYyNjdmZDM4L2ZhZDQyNGFmN2M4YWY0MjJmZmYyMzBkZDRmN2E5Mzk1LmpwZyJdLFsicCIsImVuY29kZSIsImpwZyIsIi1xdWFsaXR5IDgwIl0sWyJwIiwidGh1bWIiLCI1OTB4NTkwXHUwMDNlIl1d?sha=c210acb6a67e54b6\" alt=\"\" \/><\/p>\n<div class=\"gallery-i-caption\"><\/div>\n<\/div>\n<div class=\"gallery-i\"><img src=\"https:\/\/cdn.oxu.az\/uploads\/W1siZiIsIjIwMjIvMDMvMjAvMTUvMzgvMDMvMGM5YTM2ODYtMDU2Yy00ZjM4LWEwNWItMTM1NDBkNzMwY2M1LzJmNDIyYjVjYWI3MjlmNWJiZDA0Y2EwMmZjMDgwYzdiLmpwZyJdLFsicCIsImVuY29kZSIsImpwZyIsIi1xdWFsaXR5IDgwIl0sWyJwIiwidGh1bWIiLCI1OTB4NTkwXHUwMDNlIl1d?sha=fcd886b81068aa63\" alt=\"\" \/><\/p>\n<div class=\"gallery-i-caption\"><\/div>\n<\/div>\n<div class=\"gallery-i\"><img src=\"https:\/\/cdn.oxu.az\/uploads\/W1siZiIsIjIwMjIvMDMvMjAvMTUvMzgvMDMvMDg5NGE4MjktM2E1Yy00ZjhkLTg2OTEtNmI3NTcwM2ZjZTAwL2NkNDI1ODI3Y2E4OGY5M2I4ZWRkYmQwZWJjMDI1Y2ZhLmpwZyJdLFsicCIsImVuY29kZSIsImpwZyIsIi1xdWFsaXR5IDgwIl0sWyJwIiwidGh1bWIiLCI1OTB4NTkwXHUwMDNlIl1d?sha=aca97d8166fb2d87\" alt=\"\" \/><\/p>\n<div class=\"gallery-i-caption\"><\/div>\n<\/div>\n<div class=\"gallery-i\"><img src=\"https:\/\/cdn.oxu.az\/uploads\/W1siZiIsIjIwMjIvMDMvMjAvMTUvMzgvMDMvODc2Yzg1MmQtMDgxYS00YmY3LWIyZjEtOWM1Mzg0ZGQ2M2NiLzQyYTBlZDc3NzY0N2MxYjAxNDM3YjQ4MjYwNzcxNTA0LmpwZyJdLFsicCIsImVuY29kZSIsImpwZyIsIi1xdWFsaXR5IDgwIl0sWyJwIiwidGh1bWIiLCI1OTB4NTkwXHUwMDNlIl1d?sha=ae35866cd86b5789\" alt=\"\" \/><\/div>\n<\/div>\n","protected":false},"excerpt":{"rendered":"<p>Az\u0259rbaycan\u0131n T\u00fcrkiy\u0259d\u0259ki s\u0259firliyi n\u0259zdind\u0259 h\u0259rbi atta\u015felik aparat\u0131 t\u0259r\u0259find\u0259n Novruz bayram\u0131 m\u00fcnasib\u0259til\u0259 qarda\u015f \u00f6lk\u0259d\u0259 m\u00fcalic\u0259 alan v\u0259 reabilitasiya prosesi ke\u00e7\u0259n qazil\u0259rimiz \u00fc\u00e7\u00fcn Bursa \u015f\u0259h\u0259rind\u0259 t\u0259nt\u0259n\u0259li bayram m\u0259rasimi t\u0259\u015fkil edilib. Bu bar\u0259d\u0259 M\u00fcdafi\u0259 Nazirliyi m\u0259lumat yay\u0131b. Bayram \u015f\u0259nliyind\u0259 Kocaeli v\u0259 Bursa \u015f\u0259h\u0259rl\u0259rind\u0259 b\u0259rpa v\u0259 m\u00fcalic\u0259 prosesi ke\u00e7\u0259n qazil\u0259rimiz, el\u0259c\u0259 d\u0259 onlar\u0131n ail\u0259 \u00fczvl\u0259ri, qazil\u0259rimizi m\u00fcalic\u0259 ed\u0259n h\u0259kiml\u0259r v\u0259 dig\u0259r tibb i\u015f\u00e7il\u0259ri, Bursada t\u0259hsil alan t\u0259l\u0259b\u0259l\u0259rimiz, habel\u0259 Az\u0259rbaycan\u0131n T\u00fcrkiy\u0259d\u0259ki s\u0259firi R\u0259\u015fad M\u0259mm\u0259dov, \u0130stanbuldak\u0131 ba\u015f konsulumuz N\u0259rmin\u0259 Mustafayeva, Az\u0259rbaycan\u0131n T\u00fcrkiy\u0259d\u0259ki h\u0259rbi atta\u015fesi polkovnik M\u00fc\u015ffiq M\u0259mm\u0259dov v\u0259 yerli hakimiyy\u0259t orqanlar\u0131n\u0131n t\u0259msil\u00e7il\u0259ri i\u015ftirak edibl\u0259r. Az\u0259rbaycan\u0131n v\u0259&hellip;<\/p>\n","protected":false},"author":2,"featured_media":454122,"comment_status":"closed","ping_status":"closed","sticky":false,"template":"","format":"standard","meta":{"om_disable_all_campaigns":false,"_monsterinsights_skip_tracking":false,"_monsterinsights_sitenote_active":false,"_monsterinsights_sitenote_note":"","_monsterinsights_sitenote_category":0},"categories":[10],"tags":[],"aioseo_notices":[],"gutentor_comment":0,"rttpg_featured_image_url":{"full":["https:\/\/arantv.az\/wp-content\/uploads\/2022\/03\/FotoJet-45-2.jpg",620,413,false],"landscape":["https:\/\/arantv.az\/wp-content\/uploads\/2022\/03\/FotoJet-45-2.jpg",620,413,false],"portraits":["https:\/\/arantv.az\/wp-content\/uploads\/2022\/03\/FotoJet-45-2.jpg",620,413,false],"thumbnail":["https:\/\/arantv.az\/wp-content\/uploads\/2022\/03\/FotoJet-45-2-500x280.jpg",500,280,true],"medium":["https:\/\/arantv.az\/wp-content\/uploads\/2022\/03\/FotoJet-45-2-548x365.jpg",548,365,true],"large":["https:\/\/arantv.az\/wp-content\/uploads\/2022\/03\/FotoJet-45-2.jpg",620,413,false],"1536x1536":["https:\/\/arantv.az\/wp-content\/uploads\/2022\/03\/FotoJet-45-2.jpg",620,413,false],"2048x2048":["https:\/\/arantv.az\/wp-content\/uploads\/2022\/03\/FotoJet-45-2.jpg",620,413,false],"post-thumbnail":["https:\/\/arantv.az\/wp-content\/uploads\/2022\/03\/FotoJet-45-2-240x172.jpg",240,172,true],"advps-thumb-one":["https:\/\/arantv.az\/wp-content\/uploads\/2022\/03\/FotoJet-45-2.jpg",620,413,false]},"rttpg_author":{"display_name":"V\u00fcsal Rafiqo\u011flu","author_link":"https:\/\/arantv.az\/?author=2"},"rttpg_comment":0,"rttpg_category":"<a href=\"https:\/\/arantv.az\/?cat=10\" rel=\"category\">C\u0259bh\u0259d\u0259n X\u0259b\u0259r<\/a>","rttpg_excerpt":"Az\u0259rbaycan\u0131n T\u00fcrkiy\u0259d\u0259ki s\u0259firliyi n\u0259zdind\u0259 h\u0259rbi atta\u015felik aparat\u0131 t\u0259r\u0259find\u0259n Novruz bayram\u0131 m\u00fcnasib\u0259til\u0259 qarda\u015f \u00f6lk\u0259d\u0259 m\u00fcalic\u0259 alan v\u0259 reabilitasiya prosesi ke\u00e7\u0259n qazil\u0259rimiz \u00fc\u00e7\u00fcn Bursa \u015f\u0259h\u0259rind\u0259 t\u0259nt\u0259n\u0259li bayram m\u0259rasimi t\u0259\u015fkil edilib. Bu bar\u0259d\u0259 M\u00fcdafi\u0259 Nazirliyi m\u0259lumat yay\u0131b. Bayram \u015f\u0259nliyind\u0259 Kocaeli v\u0259 Bursa \u015f\u0259h\u0259rl\u0259rind\u0259 b\u0259rpa v\u0259 m\u00fcalic\u0259 prosesi ke\u00e7\u0259n qazil\u0259rimiz, el\u0259c\u0259 d\u0259 onlar\u0131n ail\u0259 \u00fczvl\u0259ri, qazil\u0259rimizi m\u00fcalic\u0259 ed\u0259n h\u0259kiml\u0259r&hellip;","_links":{"self":[{"href":"https:\/\/arantv.az\/index.php?rest_route=\/wp\/v2\/posts\/454121"}],"collection":[{"href":"https:\/\/arantv.az\/index.php?rest_route=\/wp\/v2\/posts"}],"about":[{"href":"https:\/\/arantv.az\/index.php?rest_route=\/wp\/v2\/types\/post"}],"author":[{"embeddable":true,"href":"https:\/\/arantv.az\/index.php?rest_route=\/wp\/v2\/users\/2"}],"replies":[{"embeddable":true,"href":"https:\/\/arantv.az\/index.php?rest_route=%2Fwp%2Fv2%2Fcomments&post=454121"}],"version-history":[{"count":0,"href":"https:\/\/arantv.az\/index.php?rest_route=\/wp\/v2\/posts\/454121\/revisions"}],"wp:featuredmedia":[{"embeddable":true,"href":"https:\/\/arantv.az\/index.php?rest_route=\/wp\/v2\/media\/454122"}],"wp:attachment":[{"href":"https:\/\/arantv.az\/index.php?rest_route=%2Fwp%2Fv2%2Fmedia&parent=454121"}],"wp:term":[{"taxonomy":"category","embeddable":true,"href":"https:\/\/arantv.az\/index.php?rest_route=%2Fwp%2Fv2%2Fcategories&post=454121"},{"taxonomy":"post_tag","embeddable":true,"href":"https:\/\/arantv.az\/index.php?rest_route=%2Fwp%2Fv2%2Ftags&post=454121"}],"curies":[{"name":"wp","href":"https:\/\/api.w.org\/{rel}","templated":true}]}}