{"id":454135,"date":"2022-03-20T15:51:01","date_gmt":"2022-03-20T12:51:01","guid":{"rendered":"http:\/\/arantv.az\/?p=454135"},"modified":"2022-03-20T15:51:01","modified_gmt":"2022-03-20T12:51:01","slug":"martin-26-d%c9%99k-asan-xidm%c9%99t-v%c9%99-asan-kommunal-m%c9%99rk%c9%99zl%c9%99rind%c9%99-qeyri-is-gundur","status":"publish","type":"post","link":"https:\/\/arantv.az\/?p=454135","title":{"rendered":"Mart\u0131n 26-d\u0259k \u201cASAN xidm\u0259t\u201d v\u0259 \u201cASAN kommunal\u201d m\u0259rk\u0259zl\u0259rind\u0259 qeyri-i\u015f g\u00fcnd\u00fcr"},"content":{"rendered":"<p>Novruz bayram\u0131 il\u0259 \u0259laq\u0259dar mart\u0131n 20-d\u0259n 26-d\u0259k \u201cASAN xidm\u0259t\u201d v\u0259 \u201cASAN kommunal\u201d m\u0259rk\u0259zl\u0259rind\u0259 qeyri-i\u015f g\u00fcn\u00fc olacaq.<\/p>\n<div class=\"AdviadNativeVideo\"><\/div>\n<p>Bu bar\u0259d\u0259 V\u0259t\u0259nda\u015flara Xidm\u0259t v\u0259 Sosial \u0130nnovasiyalar \u00fczr\u0259 D\u00f6vl\u0259t Agentliyinin \u0130ctimaiyy\u0259tl\u0259 \u0259laq\u0259l\u0259r \u015f\u00f6b\u0259sind\u0259n m\u0259lumat verilib.<\/p>\n<p>Bildirilib ki, mart\u0131n 20-d\u0259 v\u0259t\u0259nda\u015flar \u015f\u0259xsiyy\u0259t v\u0259siq\u0259l\u0259rinin v\u0259 \u00fcmumv\u0259t\u0259nda\u015f pasportlar\u0131n\u0131n verilm\u0259si v\u0259 d\u0259yi\u015fdirilm\u0259si xidm\u0259tl\u0259ri \u00fczr\u0259 yaln\u0131z haz\u0131r s\u0259n\u0259dl\u0259rin verilm\u0259si xidm\u0259tind\u0259n yararlana bil\u0259rl\u0259r.<\/p>\n<p>Mart\u0131n 27-d\u0259n etibar\u0259n is\u0259 v\u0259t\u0259nda\u015flar m\u0259rk\u0259zl\u0259r\u0259 m\u00fcraci\u0259t etm\u0259kl\u0259 m\u00fcvafiq xidm\u0259tl\u0259rd\u0259n yararlana bil\u0259rl\u0259r.<\/p>\n<p>\u201cASAN kommunal\u201d m\u0259rk\u0259zl\u0259rind\u0259 bazar g\u00fcn\u00fc qeyri-i\u015f g\u00fcn\u00fcd\u00fcr.<\/p>\n","protected":false},"excerpt":{"rendered":"<p>Novruz bayram\u0131 il\u0259 \u0259laq\u0259dar mart\u0131n 20-d\u0259n 26-d\u0259k \u201cASAN xidm\u0259t\u201d v\u0259 \u201cASAN kommunal\u201d m\u0259rk\u0259zl\u0259rind\u0259 qeyri-i\u015f g\u00fcn\u00fc olacaq. Bu bar\u0259d\u0259 V\u0259t\u0259nda\u015flara Xidm\u0259t v\u0259 Sosial \u0130nnovasiyalar \u00fczr\u0259 D\u00f6vl\u0259t Agentliyinin \u0130ctimaiyy\u0259tl\u0259 \u0259laq\u0259l\u0259r \u015f\u00f6b\u0259sind\u0259n m\u0259lumat verilib. Bildirilib ki, mart\u0131n 20-d\u0259 v\u0259t\u0259nda\u015flar \u015f\u0259xsiyy\u0259t v\u0259siq\u0259l\u0259rinin v\u0259 \u00fcmumv\u0259t\u0259nda\u015f pasportlar\u0131n\u0131n verilm\u0259si v\u0259 d\u0259yi\u015fdirilm\u0259si xidm\u0259tl\u0259ri \u00fczr\u0259 yaln\u0131z haz\u0131r s\u0259n\u0259dl\u0259rin verilm\u0259si xidm\u0259tind\u0259n yararlana bil\u0259rl\u0259r. Mart\u0131n 27-d\u0259n etibar\u0259n is\u0259 v\u0259t\u0259nda\u015flar m\u0259rk\u0259zl\u0259r\u0259 m\u00fcraci\u0259t etm\u0259kl\u0259 m\u00fcvafiq xidm\u0259tl\u0259rd\u0259n yararlana bil\u0259rl\u0259r. \u201cASAN kommunal\u201d m\u0259rk\u0259zl\u0259rind\u0259 bazar g\u00fcn\u00fc qeyri-i\u015f g\u00fcn\u00fcd\u00fcr.<\/p>\n","protected":false},"author":2,"featured_media":454136,"comment_status":"closed","ping_status":"closed","sticky":false,"template":"","format":"standard","meta":{"om_disable_all_campaigns":false,"_monsterinsights_skip_tracking":false,"_monsterinsights_sitenote_active":false,"_monsterinsights_sitenote_note":"","_monsterinsights_sitenote_category":0},"categories":[1],"tags":[],"aioseo_notices":[],"gutentor_comment":0,"rttpg_featured_image_url":{"full":["https:\/\/arantv.az\/wp-content\/uploads\/2022\/03\/dfdff51d-1477-41fb-8bd3-b4eb72f9ee3e_850.jpg",620,387,false],"landscape":["https:\/\/arantv.az\/wp-content\/uploads\/2022\/03\/dfdff51d-1477-41fb-8bd3-b4eb72f9ee3e_850.jpg",620,387,false],"portraits":["https:\/\/arantv.az\/wp-content\/uploads\/2022\/03\/dfdff51d-1477-41fb-8bd3-b4eb72f9ee3e_850.jpg",620,387,false],"thumbnail":["https:\/\/arantv.az\/wp-content\/uploads\/2022\/03\/dfdff51d-1477-41fb-8bd3-b4eb72f9ee3e_850-500x280.jpg",500,280,true],"medium":["https:\/\/arantv.az\/wp-content\/uploads\/2022\/03\/dfdff51d-1477-41fb-8bd3-b4eb72f9ee3e_850-585x365.jpg",585,365,true],"large":["https:\/\/arantv.az\/wp-content\/uploads\/2022\/03\/dfdff51d-1477-41fb-8bd3-b4eb72f9ee3e_850.jpg",620,387,false],"1536x1536":["https:\/\/arantv.az\/wp-content\/uploads\/2022\/03\/dfdff51d-1477-41fb-8bd3-b4eb72f9ee3e_850.jpg",620,387,false],"2048x2048":["https:\/\/arantv.az\/wp-content\/uploads\/2022\/03\/dfdff51d-1477-41fb-8bd3-b4eb72f9ee3e_850.jpg",620,387,false],"post-thumbnail":["https:\/\/arantv.az\/wp-content\/uploads\/2022\/03\/dfdff51d-1477-41fb-8bd3-b4eb72f9ee3e_850-240x172.jpg",240,172,true],"advps-thumb-one":["https:\/\/arantv.az\/wp-content\/uploads\/2022\/03\/dfdff51d-1477-41fb-8bd3-b4eb72f9ee3e_850.jpg",620,387,false]},"rttpg_author":{"display_name":"V\u00fcsal Rafiqo\u011flu","author_link":"https:\/\/arantv.az\/?author=2"},"rttpg_comment":0,"rttpg_category":"<a href=\"https:\/\/arantv.az\/?cat=1\" rel=\"category\">C\u0259miyy\u0259t<\/a>","rttpg_excerpt":"Novruz bayram\u0131 il\u0259 \u0259laq\u0259dar mart\u0131n 20-d\u0259n 26-d\u0259k \u201cASAN xidm\u0259t\u201d v\u0259 \u201cASAN kommunal\u201d m\u0259rk\u0259zl\u0259rind\u0259 qeyri-i\u015f g\u00fcn\u00fc olacaq. Bu bar\u0259d\u0259 V\u0259t\u0259nda\u015flara Xidm\u0259t v\u0259 Sosial \u0130nnovasiyalar \u00fczr\u0259 D\u00f6vl\u0259t Agentliyinin \u0130ctimaiyy\u0259tl\u0259 \u0259laq\u0259l\u0259r \u015f\u00f6b\u0259sind\u0259n m\u0259lumat verilib. Bildirilib ki, mart\u0131n 20-d\u0259 v\u0259t\u0259nda\u015flar \u015f\u0259xsiyy\u0259t v\u0259siq\u0259l\u0259rinin v\u0259 \u00fcmumv\u0259t\u0259nda\u015f pasportlar\u0131n\u0131n verilm\u0259si v\u0259 d\u0259yi\u015fdirilm\u0259si xidm\u0259tl\u0259ri \u00fczr\u0259 yaln\u0131z haz\u0131r s\u0259n\u0259dl\u0259rin verilm\u0259si xidm\u0259tind\u0259n yararlana bil\u0259rl\u0259r. Mart\u0131n 27-d\u0259n&hellip;","_links":{"self":[{"href":"https:\/\/arantv.az\/index.php?rest_route=\/wp\/v2\/posts\/454135"}],"collection":[{"href":"https:\/\/arantv.az\/index.php?rest_route=\/wp\/v2\/posts"}],"about":[{"href":"https:\/\/arantv.az\/index.php?rest_route=\/wp\/v2\/types\/post"}],"author":[{"embeddable":true,"href":"https:\/\/arantv.az\/index.php?rest_route=\/wp\/v2\/users\/2"}],"replies":[{"embeddable":true,"href":"https:\/\/arantv.az\/index.php?rest_route=%2Fwp%2Fv2%2Fcomments&post=454135"}],"version-history":[{"count":0,"href":"https:\/\/arantv.az\/index.php?rest_route=\/wp\/v2\/posts\/454135\/revisions"}],"wp:featuredmedia":[{"embeddable":true,"href":"https:\/\/arantv.az\/index.php?rest_route=\/wp\/v2\/media\/454136"}],"wp:attachment":[{"href":"https:\/\/arantv.az\/index.php?rest_route=%2Fwp%2Fv2%2Fmedia&parent=454135"}],"wp:term":[{"taxonomy":"category","embeddable":true,"href":"https:\/\/arantv.az\/index.php?rest_route=%2Fwp%2Fv2%2Fcategories&post=454135"},{"taxonomy":"post_tag","embeddable":true,"href":"https:\/\/arantv.az\/index.php?rest_route=%2Fwp%2Fv2%2Ftags&post=454135"}],"curies":[{"name":"wp","href":"https:\/\/api.w.org\/{rel}","templated":true}]}}