{"id":454151,"date":"2022-03-20T15:55:09","date_gmt":"2022-03-20T12:55:09","guid":{"rendered":"http:\/\/arantv.az\/?p=454151"},"modified":"2022-03-20T15:55:09","modified_gmt":"2022-03-20T12:55:09","slug":"deputatlarin-s%c9%99si-niy%c9%99-esidilmir-video","status":"publish","type":"post","link":"https:\/\/arantv.az\/?p=454151","title":{"rendered":"Deputatlar\u0131n s\u0259si niy\u0259 e\u015fidilmir? \u2013 V\u0130DEO"},"content":{"rendered":"<article class=\"news\">\n<div class=\"news-inner\">\n<p>Milli M\u0259clisin son iclas\u0131nda Nazirl\u0259r Kabinetinin 2021-ci ild\u0259 f\u0259aliyy\u0259ti haqq\u0131nda hesabat\u0131n\u0131n m\u00fczakir\u0259si zaman\u0131 Milli M\u0259clisin insan h\u00fcquqlar\u0131 komit\u0259sinin s\u0259dr m\u00fcavini Tahir K\u0259rimli h\u00f6kum\u0259t \u00fczvl\u0259rini mill\u0259t v\u0259kill\u0259rinin m\u00fcraci\u0259tl\u0259rin\u0259 cavab verm\u0259m\u0259sind\u0259n gileyl\u0259nib.<\/p>\n<div class=\"AdviadNativeVideo\"><\/div>\n<p>Deputat bildirib ki, n\u0259inki nazir he\u00e7 nazir m\u00fcavini s\u0259viyy\u0259sind\u0259 d\u0259 onlara cavab verilmir.<\/p>\n<p>\u201cBu qurumlar\u0131n h\u00f6kum\u0259t r\u0259hb\u0259rl\u0259ri g\u00fcv\u0259nirl\u0259r ki, bizi d\u00f6vl\u0259t ba\u015f\u00e7\u0131s\u0131 t\u0259yin edib. Onlar\u0131n qar\u015f\u0131s\u0131nda m\u0259suliyy\u0259t da\u015f\u0131y\u0131r\u0131q, qalan \u015f\u0259xsl\u0259r, o c\u00fcml\u0259d\u0259n deputatlar da biz\u0259 he\u00e7 n\u0259 dey\u0259 bilm\u0259z. \u00c7\u00fcnki biz m\u00fcst\u0259snal\u0131q t\u0259\u015fkil edirik\u201d, \u2013 dey\u0259\u00a0deputat qeyd edib.<\/p>\n<p>Deputat Sabir R\u00fcst\u0259mxanl\u0131 is\u0259 bir qurumdan, \u018fm\u0259k v\u0259 \u018fhalinin Sosial M\u00fcdafi\u0259si Nazirliyind\u0259n \u015fikay\u0259t\u00e7idir.<\/p>\n<p>Daha \u0259trafl\u0131 Baku TV-nin s\u00fcjetind\u0259:<\/p>\n<div><iframe loading=\"lazy\" title=\"YouTube video player\" src=\"https:\/\/www.youtube.com\/embed\/dycqQ92bMIs\" width=\"560\" height=\"315\" frameborder=\"0\" allowfullscreen=\"allowfullscreen\" data-mce-fragment=\"1\"><\/iframe><\/div>\n<\/div>\n<\/article>\n","protected":false},"excerpt":{"rendered":"<p>Milli M\u0259clisin son iclas\u0131nda Nazirl\u0259r Kabinetinin 2021-ci ild\u0259 f\u0259aliyy\u0259ti haqq\u0131nda hesabat\u0131n\u0131n m\u00fczakir\u0259si zaman\u0131 Milli M\u0259clisin insan h\u00fcquqlar\u0131 komit\u0259sinin s\u0259dr m\u00fcavini Tahir K\u0259rimli h\u00f6kum\u0259t \u00fczvl\u0259rini mill\u0259t v\u0259kill\u0259rinin m\u00fcraci\u0259tl\u0259rin\u0259 cavab verm\u0259m\u0259sind\u0259n gileyl\u0259nib. Deputat bildirib ki, n\u0259inki nazir he\u00e7 nazir m\u00fcavini s\u0259viyy\u0259sind\u0259 d\u0259 onlara cavab verilmir. \u201cBu qurumlar\u0131n h\u00f6kum\u0259t r\u0259hb\u0259rl\u0259ri g\u00fcv\u0259nirl\u0259r ki, bizi d\u00f6vl\u0259t ba\u015f\u00e7\u0131s\u0131 t\u0259yin edib. Onlar\u0131n qar\u015f\u0131s\u0131nda m\u0259suliyy\u0259t da\u015f\u0131y\u0131r\u0131q, qalan \u015f\u0259xsl\u0259r, o c\u00fcml\u0259d\u0259n deputatlar da biz\u0259 he\u00e7 n\u0259 dey\u0259 bilm\u0259z. \u00c7\u00fcnki biz m\u00fcst\u0259snal\u0131q t\u0259\u015fkil edirik\u201d, \u2013 dey\u0259\u00a0deputat qeyd edib. Deputat Sabir R\u00fcst\u0259mxanl\u0131 is\u0259 bir qurumdan, \u018fm\u0259k v\u0259 \u018fhalinin Sosial M\u00fcdafi\u0259si Nazirliyind\u0259n&hellip;<\/p>\n","protected":false},"author":2,"featured_media":454152,"comment_status":"closed","ping_status":"closed","sticky":false,"template":"","format":"standard","meta":{"om_disable_all_campaigns":false,"_monsterinsights_skip_tracking":false,"_monsterinsights_sitenote_active":false,"_monsterinsights_sitenote_note":"","_monsterinsights_sitenote_category":0},"categories":[1],"tags":[],"aioseo_notices":[],"gutentor_comment":0,"rttpg_featured_image_url":{"full":["https:\/\/arantv.az\/wp-content\/uploads\/2022\/03\/FotoJet-40-1.jpg",620,413,false],"landscape":["https:\/\/arantv.az\/wp-content\/uploads\/2022\/03\/FotoJet-40-1.jpg",620,413,false],"portraits":["https:\/\/arantv.az\/wp-content\/uploads\/2022\/03\/FotoJet-40-1.jpg",620,413,false],"thumbnail":["https:\/\/arantv.az\/wp-content\/uploads\/2022\/03\/FotoJet-40-1-500x280.jpg",500,280,true],"medium":["https:\/\/arantv.az\/wp-content\/uploads\/2022\/03\/FotoJet-40-1-548x365.jpg",548,365,true],"large":["https:\/\/arantv.az\/wp-content\/uploads\/2022\/03\/FotoJet-40-1.jpg",620,413,false],"1536x1536":["https:\/\/arantv.az\/wp-content\/uploads\/2022\/03\/FotoJet-40-1.jpg",620,413,false],"2048x2048":["https:\/\/arantv.az\/wp-content\/uploads\/2022\/03\/FotoJet-40-1.jpg",620,413,false],"post-thumbnail":["https:\/\/arantv.az\/wp-content\/uploads\/2022\/03\/FotoJet-40-1-240x172.jpg",240,172,true],"advps-thumb-one":["https:\/\/arantv.az\/wp-content\/uploads\/2022\/03\/FotoJet-40-1.jpg",620,413,false]},"rttpg_author":{"display_name":"V\u00fcsal Rafiqo\u011flu","author_link":"https:\/\/arantv.az\/?author=2"},"rttpg_comment":0,"rttpg_category":"<a href=\"https:\/\/arantv.az\/?cat=1\" rel=\"category\">C\u0259miyy\u0259t<\/a>","rttpg_excerpt":"Milli M\u0259clisin son iclas\u0131nda Nazirl\u0259r Kabinetinin 2021-ci ild\u0259 f\u0259aliyy\u0259ti haqq\u0131nda hesabat\u0131n\u0131n m\u00fczakir\u0259si zaman\u0131 Milli M\u0259clisin insan h\u00fcquqlar\u0131 komit\u0259sinin s\u0259dr m\u00fcavini Tahir K\u0259rimli h\u00f6kum\u0259t \u00fczvl\u0259rini mill\u0259t v\u0259kill\u0259rinin m\u00fcraci\u0259tl\u0259rin\u0259 cavab verm\u0259m\u0259sind\u0259n gileyl\u0259nib. Deputat bildirib ki, n\u0259inki nazir he\u00e7 nazir m\u00fcavini s\u0259viyy\u0259sind\u0259 d\u0259 onlara cavab verilmir. \u201cBu qurumlar\u0131n h\u00f6kum\u0259t r\u0259hb\u0259rl\u0259ri g\u00fcv\u0259nirl\u0259r ki, bizi d\u00f6vl\u0259t ba\u015f\u00e7\u0131s\u0131 t\u0259yin edib. Onlar\u0131n&hellip;","_links":{"self":[{"href":"https:\/\/arantv.az\/index.php?rest_route=\/wp\/v2\/posts\/454151"}],"collection":[{"href":"https:\/\/arantv.az\/index.php?rest_route=\/wp\/v2\/posts"}],"about":[{"href":"https:\/\/arantv.az\/index.php?rest_route=\/wp\/v2\/types\/post"}],"author":[{"embeddable":true,"href":"https:\/\/arantv.az\/index.php?rest_route=\/wp\/v2\/users\/2"}],"replies":[{"embeddable":true,"href":"https:\/\/arantv.az\/index.php?rest_route=%2Fwp%2Fv2%2Fcomments&post=454151"}],"version-history":[{"count":0,"href":"https:\/\/arantv.az\/index.php?rest_route=\/wp\/v2\/posts\/454151\/revisions"}],"wp:featuredmedia":[{"embeddable":true,"href":"https:\/\/arantv.az\/index.php?rest_route=\/wp\/v2\/media\/454152"}],"wp:attachment":[{"href":"https:\/\/arantv.az\/index.php?rest_route=%2Fwp%2Fv2%2Fmedia&parent=454151"}],"wp:term":[{"taxonomy":"category","embeddable":true,"href":"https:\/\/arantv.az\/index.php?rest_route=%2Fwp%2Fv2%2Fcategories&post=454151"},{"taxonomy":"post_tag","embeddable":true,"href":"https:\/\/arantv.az\/index.php?rest_route=%2Fwp%2Fv2%2Ftags&post=454151"}],"curies":[{"name":"wp","href":"https:\/\/api.w.org\/{rel}","templated":true}]}}