{"id":454221,"date":"2022-03-20T17:05:05","date_gmt":"2022-03-20T14:05:05","guid":{"rendered":"http:\/\/arantv.az\/?p=454221"},"modified":"2022-03-20T17:05:05","modified_gmt":"2022-03-20T14:05:05","slug":"ilham-%c9%99liyev-bundan-sonra-da-var-gucuml%c9%99-calisacagam-ki-az%c9%99rbaycan-daim-sur%c9%99tl%c9%99-inkisaf-etsin","status":"publish","type":"post","link":"https:\/\/arantv.az\/?p=454221","title":{"rendered":"\u0130lham \u018fliyev: \u201cBundan sonra da var g\u00fcc\u00fcml\u0259 \u00e7al\u0131\u015faca\u011fam ki, Az\u0259rbaycan daim s\u00fcr\u0259tl\u0259 inki\u015faf etsin\u201d"},"content":{"rendered":"<p>\u201cBu g\u00fcn bu g\u00f6z\u0259l m\u0259nz\u0259r\u0259li yerl\u0259r\u0259 baxd\u0131qca bir daha g\u00f6r\u00fcr\u0259m, diyar\u0131m\u0131z n\u0259 q\u0259d\u0259r g\u00f6z\u0259ldir, da\u011flar\u0131m\u0131z n\u0259 q\u0259d\u0259r \u0259z\u0259m\u0259tlidir. B\u00fct\u00fcn bu tarixi g\u00f6z\u0259lliy\u0259 biz g\u00f6z\u0259llik qataca\u011f\u0131q, z\u00f6vq qataca\u011f\u0131q v\u0259 burada az\u0259rbaycanl\u0131lar rahat ya\u015fayacaqlar, s\u00fclh, \u0259min-amanl\u0131q, t\u0259hl\u00fck\u0259sizlik \u015f\u0259raitind\u0259 ya\u015fayacaqlar\u201d.<\/p>\n<p>AZ\u018fRTAC x\u0259b\u0259r verir ki, bu fikirl\u0259ri Prezident \u0130lham \u018fliyev T\u0259rt\u0259r rayonunun Suqovu\u015fan q\u0259s\u0259b\u0259sind\u0259 bayram tonqal\u0131 alovland\u0131rd\u0131qdan sonra Az\u0259rbaycan xalq\u0131na t\u0259brikind\u0259 s\u00f6yl\u0259yib.<\/p>\n<p>Prezident bildirib ki, Qaraba\u011f diyar\u0131nda s\u00fclh\u00fcn v\u0259 t\u0259hl\u00fck\u0259sizliyin t\u0259minat\u00e7\u0131s\u0131 Az\u0259rbaycan d\u00f6vl\u0259ti v\u0259 Az\u0259rbaycan Silahl\u0131 Q\u00fcvv\u0259l\u0259ridir.<\/p>\n<p>\u201cM\u0259n xo\u015fb\u0259xt adamam ki, \u0259ziz, do\u011fma xalq\u0131ma i\u015f\u011faldan azad edilmi\u015f Qaraba\u011fdan Novruz bayram\u0131 m\u00fcnasib\u0259til\u0259 t\u0259brikl\u0259rimi \u00e7atd\u0131r\u0131ram. Bu \u0259ziz g\u00fcnd\u0259 bir daha b\u00fct\u00fcn Az\u0259rbaycan xalq\u0131n\u0131 g\u00f6z\u0259l bayram m\u00fcnasib\u0259til\u0259 t\u0259brik etm\u0259k ist\u0259yir\u0259m. Bir daha dem\u0259k ist\u0259yir\u0259m, bundan sonra da var g\u00fcc\u00fcml\u0259 \u00e7al\u0131\u015faca\u011fam ki, Az\u0259rbaycan daim s\u00fcr\u0259tl\u0259 inki\u015faf etsin, y\u00fcks\u0259l\u0259n x\u0259tl\u0259 getsin v\u0259 qar\u015f\u0131da duran b\u00fct\u00fcn v\u0259zif\u0259l\u0259r icra edilsin. Qaraba\u011f Az\u0259rbaycand\u0131r!\u201d, &#8211; dey\u0259 d\u00f6vl\u0259timiz ba\u015f\u00e7\u0131s\u0131 vur\u011fulay\u0131b.<\/p>\n","protected":false},"excerpt":{"rendered":"<p>\u201cBu g\u00fcn bu g\u00f6z\u0259l m\u0259nz\u0259r\u0259li yerl\u0259r\u0259 baxd\u0131qca bir daha g\u00f6r\u00fcr\u0259m, diyar\u0131m\u0131z n\u0259 q\u0259d\u0259r g\u00f6z\u0259ldir, da\u011flar\u0131m\u0131z n\u0259 q\u0259d\u0259r \u0259z\u0259m\u0259tlidir. B\u00fct\u00fcn bu tarixi g\u00f6z\u0259lliy\u0259 biz g\u00f6z\u0259llik qataca\u011f\u0131q, z\u00f6vq qataca\u011f\u0131q v\u0259 burada az\u0259rbaycanl\u0131lar rahat ya\u015fayacaqlar, s\u00fclh, \u0259min-amanl\u0131q, t\u0259hl\u00fck\u0259sizlik \u015f\u0259raitind\u0259 ya\u015fayacaqlar\u201d. AZ\u018fRTAC x\u0259b\u0259r verir ki, bu fikirl\u0259ri Prezident \u0130lham \u018fliyev T\u0259rt\u0259r rayonunun Suqovu\u015fan q\u0259s\u0259b\u0259sind\u0259 bayram tonqal\u0131 alovland\u0131rd\u0131qdan sonra Az\u0259rbaycan xalq\u0131na t\u0259brikind\u0259 s\u00f6yl\u0259yib. Prezident bildirib ki, Qaraba\u011f diyar\u0131nda s\u00fclh\u00fcn v\u0259 t\u0259hl\u00fck\u0259sizliyin t\u0259minat\u00e7\u0131s\u0131 Az\u0259rbaycan d\u00f6vl\u0259ti v\u0259 Az\u0259rbaycan Silahl\u0131 Q\u00fcvv\u0259l\u0259ridir. \u201cM\u0259n xo\u015fb\u0259xt adamam ki, \u0259ziz, do\u011fma xalq\u0131ma i\u015f\u011faldan azad edilmi\u015f Qaraba\u011fdan Novruz bayram\u0131 m\u00fcnasib\u0259til\u0259 t\u0259brikl\u0259rimi \u00e7atd\u0131r\u0131ram. Bu&hellip;<\/p>\n","protected":false},"author":2,"featured_media":454222,"comment_status":"closed","ping_status":"closed","sticky":false,"template":"","format":"standard","meta":{"om_disable_all_campaigns":false,"_monsterinsights_skip_tracking":false,"_monsterinsights_sitenote_active":false,"_monsterinsights_sitenote_note":"","_monsterinsights_sitenote_category":0},"categories":[8],"tags":[],"aioseo_notices":[],"gutentor_comment":0,"rttpg_featured_image_url":{"full":["https:\/\/arantv.az\/wp-content\/uploads\/2022\/03\/FotoJet-57.jpg",620,413,false],"landscape":["https:\/\/arantv.az\/wp-content\/uploads\/2022\/03\/FotoJet-57.jpg",620,413,false],"portraits":["https:\/\/arantv.az\/wp-content\/uploads\/2022\/03\/FotoJet-57.jpg",620,413,false],"thumbnail":["https:\/\/arantv.az\/wp-content\/uploads\/2022\/03\/FotoJet-57-500x280.jpg",500,280,true],"medium":["https:\/\/arantv.az\/wp-content\/uploads\/2022\/03\/FotoJet-57-548x365.jpg",548,365,true],"large":["https:\/\/arantv.az\/wp-content\/uploads\/2022\/03\/FotoJet-57.jpg",620,413,false],"1536x1536":["https:\/\/arantv.az\/wp-content\/uploads\/2022\/03\/FotoJet-57.jpg",620,413,false],"2048x2048":["https:\/\/arantv.az\/wp-content\/uploads\/2022\/03\/FotoJet-57.jpg",620,413,false],"post-thumbnail":["https:\/\/arantv.az\/wp-content\/uploads\/2022\/03\/FotoJet-57-240x172.jpg",240,172,true],"advps-thumb-one":["https:\/\/arantv.az\/wp-content\/uploads\/2022\/03\/FotoJet-57.jpg",620,413,false]},"rttpg_author":{"display_name":"V\u00fcsal Rafiqo\u011flu","author_link":"https:\/\/arantv.az\/?author=2"},"rttpg_comment":0,"rttpg_category":"<a href=\"https:\/\/arantv.az\/?cat=8\" rel=\"category\">\u018fsas s\u0259hif\u0259<\/a>","rttpg_excerpt":"\u201cBu g\u00fcn bu g\u00f6z\u0259l m\u0259nz\u0259r\u0259li yerl\u0259r\u0259 baxd\u0131qca bir daha g\u00f6r\u00fcr\u0259m, diyar\u0131m\u0131z n\u0259 q\u0259d\u0259r g\u00f6z\u0259ldir, da\u011flar\u0131m\u0131z n\u0259 q\u0259d\u0259r \u0259z\u0259m\u0259tlidir. B\u00fct\u00fcn bu tarixi g\u00f6z\u0259lliy\u0259 biz g\u00f6z\u0259llik qataca\u011f\u0131q, z\u00f6vq qataca\u011f\u0131q v\u0259 burada az\u0259rbaycanl\u0131lar rahat ya\u015fayacaqlar, s\u00fclh, \u0259min-amanl\u0131q, t\u0259hl\u00fck\u0259sizlik \u015f\u0259raitind\u0259 ya\u015fayacaqlar\u201d. AZ\u018fRTAC x\u0259b\u0259r verir ki, bu fikirl\u0259ri Prezident \u0130lham \u018fliyev T\u0259rt\u0259r rayonunun Suqovu\u015fan q\u0259s\u0259b\u0259sind\u0259 bayram tonqal\u0131 alovland\u0131rd\u0131qdan sonra Az\u0259rbaycan&hellip;","_links":{"self":[{"href":"https:\/\/arantv.az\/index.php?rest_route=\/wp\/v2\/posts\/454221"}],"collection":[{"href":"https:\/\/arantv.az\/index.php?rest_route=\/wp\/v2\/posts"}],"about":[{"href":"https:\/\/arantv.az\/index.php?rest_route=\/wp\/v2\/types\/post"}],"author":[{"embeddable":true,"href":"https:\/\/arantv.az\/index.php?rest_route=\/wp\/v2\/users\/2"}],"replies":[{"embeddable":true,"href":"https:\/\/arantv.az\/index.php?rest_route=%2Fwp%2Fv2%2Fcomments&post=454221"}],"version-history":[{"count":0,"href":"https:\/\/arantv.az\/index.php?rest_route=\/wp\/v2\/posts\/454221\/revisions"}],"wp:featuredmedia":[{"embeddable":true,"href":"https:\/\/arantv.az\/index.php?rest_route=\/wp\/v2\/media\/454222"}],"wp:attachment":[{"href":"https:\/\/arantv.az\/index.php?rest_route=%2Fwp%2Fv2%2Fmedia&parent=454221"}],"wp:term":[{"taxonomy":"category","embeddable":true,"href":"https:\/\/arantv.az\/index.php?rest_route=%2Fwp%2Fv2%2Fcategories&post=454221"},{"taxonomy":"post_tag","embeddable":true,"href":"https:\/\/arantv.az\/index.php?rest_route=%2Fwp%2Fv2%2Ftags&post=454221"}],"curies":[{"name":"wp","href":"https:\/\/api.w.org\/{rel}","templated":true}]}}