{"id":454224,"date":"2022-03-20T17:05:59","date_gmt":"2022-03-20T14:05:59","guid":{"rendered":"http:\/\/arantv.az\/?p=454224"},"modified":"2022-03-20T17:05:59","modified_gmt":"2022-03-20T14:05:59","slug":"prezident-bizim-%c9%99sas-v%c9%99zif%c9%99miz-kecmis-m%c9%99cburi-kockunl%c9%99ri-tezlikl%c9%99-bu-dogma-diyara-qaytarmaqdir","status":"publish","type":"post","link":"https:\/\/arantv.az\/?p=454224","title":{"rendered":"Prezident: \u201cBizim \u0259sas v\u0259zif\u0259miz ke\u00e7mi\u015f m\u0259cburi k\u00f6\u00e7k\u00fcnl\u0259ri tezlikl\u0259 bu do\u011fma diyara qaytarmaqd\u0131r\u201d"},"content":{"rendered":"<p>Suqovu\u015fan q\u0259dim Az\u0259rbaycan\u0131n tarixi yeridir. Az\u0259rbaycan xalq\u0131 bu \u0259razil\u0259rd\u0259 \u0259srl\u0259r boyu ya\u015fay\u0131b. Ancaq 1923-c\u00fc ild\u0259 do\u011fma Qaraba\u011f diyar\u0131m\u0131zda qanunsuz v\u0259 he\u00e7 bir \u0259sas\u0131 olmadan Da\u011fl\u0131q Qaraba\u011f Muxtar Vilay\u0259ti yarad\u0131lm\u0131\u015fd\u0131. Qaraba\u011f\u0131n g\u00f6z\u0259l, s\u0259fal\u0131 yerl\u0259ri, o c\u00fcml\u0259d\u0259n \u015eu\u015fa \u015f\u0259h\u0259ri v\u0259 Suqovu\u015fan q\u0259s\u0259b\u0259si qondarma quruma daxil edilmi\u015fdi, Bu, xalq\u0131m\u0131za qar\u015f\u0131 n\u00f6vb\u0259ti \u0259dal\u0259tsizlik, n\u00f6vb\u0259ti d\u00fc\u015fm\u0259n\u00e7ilik idi. \u00c7\u00fcnki Qaraba\u011f, onun tarixi Az\u0259rbaycan xalq\u0131n\u0131n ad\u0131 il\u0259 ba\u011fl\u0131d\u0131r.<\/p>\n<p>AZ\u018fRTAC x\u0259b\u0259r verir ki, bu bar\u0259d\u0259 Prezident \u0130lham \u018fliyev T\u0259rt\u0259r rayonunun Suqovu\u015fan q\u0259s\u0259b\u0259sind\u0259 bayram tonqal\u0131 alovland\u0131rd\u0131qdan sonra Az\u0259rbaycan xalq\u0131na t\u0259brikind\u0259 bildirib.<\/p>\n<p>D\u00f6vl\u0259timiz ba\u015f\u00e7\u0131s\u0131 deyib: \u201cAz\u0259rbaycan xalq\u0131 Qaraba\u011fda \u0259srl\u0259r boyu ya\u015fay\u0131b. Sad\u0259c\u0259 olaraq, siyasi m\u0259qs\u0259dl\u0259r namin\u0259 uzun ill\u0259r, sovet d\u00f6vr\u00fcnd\u0259 burada qondarma Da\u011fl\u0131q Qaraba\u011f Muxtar Vilay\u0259ti f\u0259aliyy\u0259t g\u00f6st\u0259rirdi. Bildiyiniz kimi, sonra erm\u0259nil\u0259r xalq\u0131m\u0131za qar\u015f\u0131 i\u015f\u011fal\u00e7\u0131l\u0131q siyas\u0259tin\u0259 \u0259l atd\u0131lar v\u0259 30 il\u0259 yax\u0131n m\u00fcdd\u0259td\u0259 bizim do\u011fma Qaraba\u011f\u0131m\u0131z v\u0259 \u015e\u0259rqi Z\u0259ng\u0259zurun bir hiss\u0259si erm\u0259nil\u0259rin \u0259lind\u0259 idi. Buna son qoyulmal\u0131 idi v\u0259 son qoyuldu\u201d.<\/p>\n<p>Az\u0259rbaycan Prezidenti vur\u011fulay\u0131b ki, biz d\u00f6y\u00fc\u015f\u0259r\u0259k, qan t\u00f6k\u0259r\u0259k, \u015f\u0259hidl\u0259r ver\u0259r\u0259k do\u011fma diyar\u0131m\u0131z\u0131 erm\u0259ni i\u015f\u011fal\u0131ndan azad etdik v\u0259 Qaraba\u011fa qay\u0131td\u0131q. Biz art\u0131q burada yerl\u0259\u015fmi\u015fik, biz buraya qay\u0131tm\u0131\u015f\u0131q, do\u011fma diyar\u0131m\u0131za qay\u0131tm\u0131\u015f\u0131q.<\/p>\n<p>\u201cB\u00fct\u00fcn Qaraba\u011f v\u0259 \u015e\u0259rqi Z\u0259ng\u0259zur b\u00f6lg\u0259sind\u0259 \u00e7ox geni\u015fmiqyasl\u0131 abadl\u0131q i\u015fl\u0259ri apar\u0131l\u0131r, \u015f\u0259h\u0259rl\u0259r yenid\u0259n qurulur, k\u0259ndl\u0259r yenid\u0259n sal\u0131n\u0131r. \u018flb\u0259tt\u0259 ki, bizim \u0259sas v\u0259zif\u0259miz ke\u00e7mi\u015f m\u0259cburi k\u00f6\u00e7k\u00fcnl\u0259ri tezlikl\u0259 bu do\u011fma diyara qaytarmaqd\u0131r\u201d, &#8211; dey\u0259 Prezident \u0130lham \u018fliyev qeyd edib.<\/p>\n","protected":false},"excerpt":{"rendered":"<p>Suqovu\u015fan q\u0259dim Az\u0259rbaycan\u0131n tarixi yeridir. Az\u0259rbaycan xalq\u0131 bu \u0259razil\u0259rd\u0259 \u0259srl\u0259r boyu ya\u015fay\u0131b. Ancaq 1923-c\u00fc ild\u0259 do\u011fma Qaraba\u011f diyar\u0131m\u0131zda qanunsuz v\u0259 he\u00e7 bir \u0259sas\u0131 olmadan Da\u011fl\u0131q Qaraba\u011f Muxtar Vilay\u0259ti yarad\u0131lm\u0131\u015fd\u0131. Qaraba\u011f\u0131n g\u00f6z\u0259l, s\u0259fal\u0131 yerl\u0259ri, o c\u00fcml\u0259d\u0259n \u015eu\u015fa \u015f\u0259h\u0259ri v\u0259 Suqovu\u015fan q\u0259s\u0259b\u0259si qondarma quruma daxil edilmi\u015fdi, Bu, xalq\u0131m\u0131za qar\u015f\u0131 n\u00f6vb\u0259ti \u0259dal\u0259tsizlik, n\u00f6vb\u0259ti d\u00fc\u015fm\u0259n\u00e7ilik idi. \u00c7\u00fcnki Qaraba\u011f, onun tarixi Az\u0259rbaycan xalq\u0131n\u0131n ad\u0131 il\u0259 ba\u011fl\u0131d\u0131r. AZ\u018fRTAC x\u0259b\u0259r verir ki, bu bar\u0259d\u0259 Prezident \u0130lham \u018fliyev T\u0259rt\u0259r rayonunun Suqovu\u015fan q\u0259s\u0259b\u0259sind\u0259 bayram tonqal\u0131 alovland\u0131rd\u0131qdan sonra Az\u0259rbaycan xalq\u0131na t\u0259brikind\u0259 bildirib. D\u00f6vl\u0259timiz ba\u015f\u00e7\u0131s\u0131 deyib: \u201cAz\u0259rbaycan xalq\u0131 Qaraba\u011fda \u0259srl\u0259r boyu&hellip;<\/p>\n","protected":false},"author":2,"featured_media":454225,"comment_status":"closed","ping_status":"closed","sticky":false,"template":"","format":"standard","meta":{"om_disable_all_campaigns":false,"_monsterinsights_skip_tracking":false,"_monsterinsights_sitenote_active":false,"_monsterinsights_sitenote_note":"","_monsterinsights_sitenote_category":0},"categories":[8],"tags":[],"aioseo_notices":[],"gutentor_comment":0,"rttpg_featured_image_url":{"full":["https:\/\/arantv.az\/wp-content\/uploads\/2022\/03\/FotoJet-55.jpg",620,413,false],"landscape":["https:\/\/arantv.az\/wp-content\/uploads\/2022\/03\/FotoJet-55.jpg",620,413,false],"portraits":["https:\/\/arantv.az\/wp-content\/uploads\/2022\/03\/FotoJet-55.jpg",620,413,false],"thumbnail":["https:\/\/arantv.az\/wp-content\/uploads\/2022\/03\/FotoJet-55-500x280.jpg",500,280,true],"medium":["https:\/\/arantv.az\/wp-content\/uploads\/2022\/03\/FotoJet-55-548x365.jpg",548,365,true],"large":["https:\/\/arantv.az\/wp-content\/uploads\/2022\/03\/FotoJet-55.jpg",620,413,false],"1536x1536":["https:\/\/arantv.az\/wp-content\/uploads\/2022\/03\/FotoJet-55.jpg",620,413,false],"2048x2048":["https:\/\/arantv.az\/wp-content\/uploads\/2022\/03\/FotoJet-55.jpg",620,413,false],"post-thumbnail":["https:\/\/arantv.az\/wp-content\/uploads\/2022\/03\/FotoJet-55-240x172.jpg",240,172,true],"advps-thumb-one":["https:\/\/arantv.az\/wp-content\/uploads\/2022\/03\/FotoJet-55.jpg",620,413,false]},"rttpg_author":{"display_name":"V\u00fcsal Rafiqo\u011flu","author_link":"https:\/\/arantv.az\/?author=2"},"rttpg_comment":0,"rttpg_category":"<a href=\"https:\/\/arantv.az\/?cat=8\" rel=\"category\">\u018fsas s\u0259hif\u0259<\/a>","rttpg_excerpt":"Suqovu\u015fan q\u0259dim Az\u0259rbaycan\u0131n tarixi yeridir. Az\u0259rbaycan xalq\u0131 bu \u0259razil\u0259rd\u0259 \u0259srl\u0259r boyu ya\u015fay\u0131b. Ancaq 1923-c\u00fc ild\u0259 do\u011fma Qaraba\u011f diyar\u0131m\u0131zda qanunsuz v\u0259 he\u00e7 bir \u0259sas\u0131 olmadan Da\u011fl\u0131q Qaraba\u011f Muxtar Vilay\u0259ti yarad\u0131lm\u0131\u015fd\u0131. Qaraba\u011f\u0131n g\u00f6z\u0259l, s\u0259fal\u0131 yerl\u0259ri, o c\u00fcml\u0259d\u0259n \u015eu\u015fa \u015f\u0259h\u0259ri v\u0259 Suqovu\u015fan q\u0259s\u0259b\u0259si qondarma quruma daxil edilmi\u015fdi, Bu, xalq\u0131m\u0131za qar\u015f\u0131 n\u00f6vb\u0259ti \u0259dal\u0259tsizlik, n\u00f6vb\u0259ti d\u00fc\u015fm\u0259n\u00e7ilik idi. \u00c7\u00fcnki Qaraba\u011f, onun&hellip;","_links":{"self":[{"href":"https:\/\/arantv.az\/index.php?rest_route=\/wp\/v2\/posts\/454224"}],"collection":[{"href":"https:\/\/arantv.az\/index.php?rest_route=\/wp\/v2\/posts"}],"about":[{"href":"https:\/\/arantv.az\/index.php?rest_route=\/wp\/v2\/types\/post"}],"author":[{"embeddable":true,"href":"https:\/\/arantv.az\/index.php?rest_route=\/wp\/v2\/users\/2"}],"replies":[{"embeddable":true,"href":"https:\/\/arantv.az\/index.php?rest_route=%2Fwp%2Fv2%2Fcomments&post=454224"}],"version-history":[{"count":0,"href":"https:\/\/arantv.az\/index.php?rest_route=\/wp\/v2\/posts\/454224\/revisions"}],"wp:featuredmedia":[{"embeddable":true,"href":"https:\/\/arantv.az\/index.php?rest_route=\/wp\/v2\/media\/454225"}],"wp:attachment":[{"href":"https:\/\/arantv.az\/index.php?rest_route=%2Fwp%2Fv2%2Fmedia&parent=454224"}],"wp:term":[{"taxonomy":"category","embeddable":true,"href":"https:\/\/arantv.az\/index.php?rest_route=%2Fwp%2Fv2%2Fcategories&post=454224"},{"taxonomy":"post_tag","embeddable":true,"href":"https:\/\/arantv.az\/index.php?rest_route=%2Fwp%2Fv2%2Ftags&post=454224"}],"curies":[{"name":"wp","href":"https:\/\/api.w.org\/{rel}","templated":true}]}}