{"id":454228,"date":"2022-03-20T17:06:42","date_gmt":"2022-03-20T14:06:42","guid":{"rendered":"http:\/\/arantv.az\/?p=454228"},"modified":"2022-03-20T17:06:42","modified_gmt":"2022-03-20T14:06:42","slug":"dovl%c9%99t-bascisi-sanli-tarixi-z%c9%99f%c9%99rimiz-h%c9%99r-birimiz-ucun-qurur-m%c9%99nb%c9%99yidir","status":"publish","type":"post","link":"https:\/\/arantv.az\/?p=454228","title":{"rendered":"D\u00f6vl\u0259t Ba\u015f\u00e7\u0131s\u0131: \u201c\u015eanl\u0131 tarixi Z\u0259f\u0259rimiz h\u0259r birimiz \u00fc\u00e7\u00fcn q\u00fcrur m\u0259nb\u0259yidir\u201d"},"content":{"rendered":"<p>\u201cB\u00fct\u00f6vl\u00fckd\u0259 h\u0259m Qaraba\u011fda, h\u0259m \u015e\u0259rqi Z\u0259ng\u0259zurda quruculuq, abadl\u0131q i\u015fl\u0259ri planl\u0131 \u015f\u0259kild\u0259 apar\u0131l\u0131r. Biz el\u0259 etm\u0259liyik ki, q\u0131sa m\u00fcdd\u0259t \u0259rzind\u0259 ancaq b\u00f6y\u00fck s\u0259m\u0259r\u0259 il\u0259 v\u0259 b\u00f6y\u00fck keyfiyy\u0259tl\u0259 10 min kvadratkilometrd\u0259n \u00e7ox olan \u0259razini yenid\u0259n quraq\u201d.<\/p>\n<p>AZ\u018fRTAC x\u0259b\u0259r verir ki, bu bar\u0259d\u0259 Prezident \u0130lham \u018fliyev T\u0259rt\u0259r rayonunun Suqovu\u015fan q\u0259s\u0259b\u0259sind\u0259 bayram tonqal\u0131 alovland\u0131rd\u0131qdan sonra Az\u0259rbaycan xalq\u0131na t\u0259brikind\u0259 s\u00f6yl\u0259yib.<\/p>\n<p>M\u0259nfur d\u00fc\u015fm\u0259nin i\u015f\u011fal d\u00f6vr\u00fcnd\u0259 b\u00fct\u00fcn \u015f\u0259h\u0259rl\u0259rimizi, k\u0259ndl\u0259rimizi yerl\u0259-yeksan etdiyini, b\u00fct\u00fcn tarixi abid\u0259l\u0259rimizi da\u011f\u0131d\u0131b t\u0259hqir etdiyini diqq\u0259t\u0259 \u00e7atd\u0131ran d\u00f6vl\u0259timiz ba\u015f\u00e7\u0131s\u0131 deyib: \u201cBiz is\u0259 qurub-yaradan xalq\u0131q. M\u00fcharib\u0259d\u0259n c\u0259mi bir ild\u0259n bir q\u0259d\u0259r \u00e7ox vaxt ke\u00e7m\u0259sin\u0259 baxmayaraq, biz art\u0131q qurub-yarad\u0131r\u0131q. \u018fmin\u0259m ki, biz b\u00fct\u00fcn planlara, n\u0259z\u0259rd\u0259 tutulmu\u015f b\u00fct\u00fcn m\u0259qs\u0259dl\u0259r\u0259 nail olaca\u011f\u0131q v\u0259 nail oluruq. Budur bug\u00fcnk\u00fc Az\u0259rbaycan\u0131n reall\u0131qlar\u0131\u201d.<\/p>\n<p>Prezident qeyd edib ki, bug\u00fcnk\u00fc g\u00fccl\u00fc Az\u0259rbaycan b\u00fct\u00fcn bu i\u015fl\u0259ri g\u00f6rm\u0259y\u0259 qadirdir.<\/p>\n<p>\u201cSiyasi irad\u0259 var, iqtisadi g\u00fcc var, xalq\u0131m\u0131z\u0131n s\u0259f\u0259rb\u0259rliyi var, milli h\u0259mr\u0259ylik \u0259n y\u00fcks\u0259k zirv\u0259d\u0259dir v\u0259 \u0259lb\u0259tt\u0259 ki, \u015fanl\u0131 tarixi Z\u0259f\u0259rimiz h\u0259r birimiz \u00fc\u00e7\u00fcn q\u00fcrur m\u0259nb\u0259yidir. Biz haql\u0131 olaraq f\u0259xr edirik ki, m\u00fcz\u0259ff\u0259r d\u00f6vl\u0259tin v\u0259t\u0259nda\u015flar\u0131y\u0131q, ordumuzla f\u0259xr edirik, insanlar\u0131m\u0131zla f\u0259xr edirik. Biz\u0259 bu xo\u015fb\u0259xtliyi ya\u015fadan g\u0259ncl\u0259rimizl\u0259 f\u0259xr edirik v\u0259 \u0259b\u0259di f\u0259xr ed\u0259c\u0259yik. Biz Qaraba\u011fa v\u0259 \u015e\u0259rqi Z\u0259ng\u0259zura \u0259b\u0259di qay\u0131tm\u0131\u015f\u0131q v\u0259 burada, tarixi torpaqlar\u0131m\u0131zda bundan sonra \u0259b\u0259di ya\u015fayaca\u011f\u0131q\u201d, &#8211; dey\u0259 Prezident \u0130lham \u018fliyev vur\u011fulay\u0131b.<\/p>\n","protected":false},"excerpt":{"rendered":"<p>\u201cB\u00fct\u00f6vl\u00fckd\u0259 h\u0259m Qaraba\u011fda, h\u0259m \u015e\u0259rqi Z\u0259ng\u0259zurda quruculuq, abadl\u0131q i\u015fl\u0259ri planl\u0131 \u015f\u0259kild\u0259 apar\u0131l\u0131r. Biz el\u0259 etm\u0259liyik ki, q\u0131sa m\u00fcdd\u0259t \u0259rzind\u0259 ancaq b\u00f6y\u00fck s\u0259m\u0259r\u0259 il\u0259 v\u0259 b\u00f6y\u00fck keyfiyy\u0259tl\u0259 10 min kvadratkilometrd\u0259n \u00e7ox olan \u0259razini yenid\u0259n quraq\u201d. AZ\u018fRTAC x\u0259b\u0259r verir ki, bu bar\u0259d\u0259 Prezident \u0130lham \u018fliyev T\u0259rt\u0259r rayonunun Suqovu\u015fan q\u0259s\u0259b\u0259sind\u0259 bayram tonqal\u0131 alovland\u0131rd\u0131qdan sonra Az\u0259rbaycan xalq\u0131na t\u0259brikind\u0259 s\u00f6yl\u0259yib. M\u0259nfur d\u00fc\u015fm\u0259nin i\u015f\u011fal d\u00f6vr\u00fcnd\u0259 b\u00fct\u00fcn \u015f\u0259h\u0259rl\u0259rimizi, k\u0259ndl\u0259rimizi yerl\u0259-yeksan etdiyini, b\u00fct\u00fcn tarixi abid\u0259l\u0259rimizi da\u011f\u0131d\u0131b t\u0259hqir etdiyini diqq\u0259t\u0259 \u00e7atd\u0131ran d\u00f6vl\u0259timiz ba\u015f\u00e7\u0131s\u0131 deyib: \u201cBiz is\u0259 qurub-yaradan xalq\u0131q. M\u00fcharib\u0259d\u0259n c\u0259mi bir ild\u0259n bir q\u0259d\u0259r \u00e7ox vaxt ke\u00e7m\u0259sin\u0259 baxmayaraq, biz&hellip;<\/p>\n","protected":false},"author":2,"featured_media":454229,"comment_status":"closed","ping_status":"closed","sticky":false,"template":"","format":"standard","meta":{"om_disable_all_campaigns":false,"_monsterinsights_skip_tracking":false,"_monsterinsights_sitenote_active":false,"_monsterinsights_sitenote_note":"","_monsterinsights_sitenote_category":0},"categories":[4],"tags":[],"aioseo_notices":[],"gutentor_comment":0,"rttpg_featured_image_url":{"full":["https:\/\/arantv.az\/wp-content\/uploads\/2022\/03\/FotoJet-56.jpg",620,413,false],"landscape":["https:\/\/arantv.az\/wp-content\/uploads\/2022\/03\/FotoJet-56.jpg",620,413,false],"portraits":["https:\/\/arantv.az\/wp-content\/uploads\/2022\/03\/FotoJet-56.jpg",620,413,false],"thumbnail":["https:\/\/arantv.az\/wp-content\/uploads\/2022\/03\/FotoJet-56-500x280.jpg",500,280,true],"medium":["https:\/\/arantv.az\/wp-content\/uploads\/2022\/03\/FotoJet-56-548x365.jpg",548,365,true],"large":["https:\/\/arantv.az\/wp-content\/uploads\/2022\/03\/FotoJet-56.jpg",620,413,false],"1536x1536":["https:\/\/arantv.az\/wp-content\/uploads\/2022\/03\/FotoJet-56.jpg",620,413,false],"2048x2048":["https:\/\/arantv.az\/wp-content\/uploads\/2022\/03\/FotoJet-56.jpg",620,413,false],"post-thumbnail":["https:\/\/arantv.az\/wp-content\/uploads\/2022\/03\/FotoJet-56-240x172.jpg",240,172,true],"advps-thumb-one":["https:\/\/arantv.az\/wp-content\/uploads\/2022\/03\/FotoJet-56.jpg",620,413,false]},"rttpg_author":{"display_name":"V\u00fcsal Rafiqo\u011flu","author_link":"https:\/\/arantv.az\/?author=2"},"rttpg_comment":0,"rttpg_category":"<a href=\"https:\/\/arantv.az\/?cat=4\" rel=\"category\">Siyas\u0259t<\/a>","rttpg_excerpt":"\u201cB\u00fct\u00f6vl\u00fckd\u0259 h\u0259m Qaraba\u011fda, h\u0259m \u015e\u0259rqi Z\u0259ng\u0259zurda quruculuq, abadl\u0131q i\u015fl\u0259ri planl\u0131 \u015f\u0259kild\u0259 apar\u0131l\u0131r. Biz el\u0259 etm\u0259liyik ki, q\u0131sa m\u00fcdd\u0259t \u0259rzind\u0259 ancaq b\u00f6y\u00fck s\u0259m\u0259r\u0259 il\u0259 v\u0259 b\u00f6y\u00fck keyfiyy\u0259tl\u0259 10 min kvadratkilometrd\u0259n \u00e7ox olan \u0259razini yenid\u0259n quraq\u201d. AZ\u018fRTAC x\u0259b\u0259r verir ki, bu bar\u0259d\u0259 Prezident \u0130lham \u018fliyev T\u0259rt\u0259r rayonunun Suqovu\u015fan q\u0259s\u0259b\u0259sind\u0259 bayram tonqal\u0131 alovland\u0131rd\u0131qdan sonra Az\u0259rbaycan xalq\u0131na t\u0259brikind\u0259 s\u00f6yl\u0259yib.&hellip;","_links":{"self":[{"href":"https:\/\/arantv.az\/index.php?rest_route=\/wp\/v2\/posts\/454228"}],"collection":[{"href":"https:\/\/arantv.az\/index.php?rest_route=\/wp\/v2\/posts"}],"about":[{"href":"https:\/\/arantv.az\/index.php?rest_route=\/wp\/v2\/types\/post"}],"author":[{"embeddable":true,"href":"https:\/\/arantv.az\/index.php?rest_route=\/wp\/v2\/users\/2"}],"replies":[{"embeddable":true,"href":"https:\/\/arantv.az\/index.php?rest_route=%2Fwp%2Fv2%2Fcomments&post=454228"}],"version-history":[{"count":0,"href":"https:\/\/arantv.az\/index.php?rest_route=\/wp\/v2\/posts\/454228\/revisions"}],"wp:featuredmedia":[{"embeddable":true,"href":"https:\/\/arantv.az\/index.php?rest_route=\/wp\/v2\/media\/454229"}],"wp:attachment":[{"href":"https:\/\/arantv.az\/index.php?rest_route=%2Fwp%2Fv2%2Fmedia&parent=454228"}],"wp:term":[{"taxonomy":"category","embeddable":true,"href":"https:\/\/arantv.az\/index.php?rest_route=%2Fwp%2Fv2%2Fcategories&post=454228"},{"taxonomy":"post_tag","embeddable":true,"href":"https:\/\/arantv.az\/index.php?rest_route=%2Fwp%2Fv2%2Ftags&post=454228"}],"curies":[{"name":"wp","href":"https:\/\/api.w.org\/{rel}","templated":true}]}}