{"id":454235,"date":"2022-03-20T17:10:48","date_gmt":"2022-03-20T14:10:48","guid":{"rendered":"http:\/\/arantv.az\/?p=454235"},"modified":"2022-03-20T17:10:48","modified_gmt":"2022-03-20T14:10:48","slug":"prezident-az%c9%99rbaycan-xalqini-t%c9%99brik-edib-tam-m%c9%99tn-yenil%c9%99nib-video","status":"publish","type":"post","link":"https:\/\/arantv.az\/?p=454235","title":{"rendered":"Prezident Az\u0259rbaycan xalq\u0131n\u0131 t\u0259brik edib \u2013 TAM M\u018fTN + YEN\u0130L\u018fN\u0130B\/V\u0130DEO"},"content":{"rendered":"<p>Bizim \u0259sas v\u0259zif\u0259miz ke\u00e7mi\u015f m\u0259cburi k\u00f6\u00e7k\u00fcnl\u0259ri tezlikl\u0259 bu do\u011fma diyara qaytarmaqd\u0131r.<\/p>\n<p><a href=\"https:\/\/report.az\/daxili-siyaset\/prezident-bizim-esas-vezifemiz-kecmis-mecburi-kockunleri-tezlikle-bu-dogma-diyara-qaytarmaqdir\/\" target=\"_blank\" rel=\"noopener\">\u201cReport\u201d<\/a> x\u0259b\u0259r verir ki, bunu Prezident \u0130lham \u018fliyev T\u0259rt\u0259r rayonunun Suqovu\u015fan q\u0259s\u0259b\u0259sind\u0259 deyib.<\/p>\n<article class=\"news\">\n<div class=\"news-inner\">\n<p>&#8220;Suqovu\u015fan q\u0259dim Az\u0259rbaycan\u0131n tarixi yeridir. Az\u0259rbaycan xalq\u0131 bu \u0259razil\u0259rd\u0259 \u0259srl\u0259r boyu ya\u015fay\u0131b. Ancaq 1923-c\u00fc ild\u0259 do\u011fma Qaraba\u011f diyar\u0131m\u0131zda qanunsuz v\u0259 he\u00e7 bir \u0259sas\u0131 olmadan Da\u011fl\u0131q Qaraba\u011f Muxtar Vilay\u0259ti yarad\u0131lm\u0131\u015fd\u0131r. Qaraba\u011f\u0131n g\u00f6z\u0259l, s\u0259fal\u0131 yerl\u0259ri qondarma quruma daxil edilmi\u015fdi, o c\u00fcml\u0259d\u0259n \u015eu\u015fa \u015f\u0259h\u0259ri v\u0259 Suqovu\u015fan q\u0259s\u0259b\u0259si. Bu, xalq\u0131m\u0131za qar\u015f\u0131 n\u00f6vb\u0259ti \u0259dal\u0259tsizlik idi, n\u00f6vb\u0259ti d\u00fc\u015fm\u0259n\u00e7ilik idi. \u00c7\u00fcnki Qaraba\u011f, onun tarixi Az\u0259rbaycan xalq\u0131n\u0131n ad\u0131 il\u0259 ba\u011fl\u0131d\u0131r. Az\u0259rbaycan xalq\u0131 Qaraba\u011fda \u0259srl\u0259r boyu ya\u015fay\u0131b&#8221;, &#8211; D\u00f6vl\u0259t ba\u015f\u00e7\u0131s\u0131 vur\u011fulay\u0131b.<\/p>\n<p>Prezident \u0130lham \u018fliyev bildirib ki, siyasi m\u0259qs\u0259dl\u0259r namin\u0259 uzun ill\u0259r, sovet d\u00f6vr\u00fcnd\u0259 burada qondarma Da\u011fl\u0131q Qaraba\u011f Muxtar Vilay\u0259ti f\u0259aliyy\u0259t g\u00f6st\u0259rirdi:<\/p>\n<p>&#8220;Bildiyiniz kimi, sonra erm\u0259nil\u0259r xalq\u0131m\u0131za qar\u015f\u0131 i\u015f\u011fal\u00e7\u0131l\u0131q siyas\u0259tin\u0259 \u0259l atd\u0131lar v\u0259 30 il\u0259 yax\u0131n m\u00fcdd\u0259td\u0259 bizim do\u011fma Qaraba\u011f\u0131m\u0131z v\u0259 \u015e\u0259rqi Z\u0259ng\u0259zurun bir hiss\u0259si erm\u0259nil\u0259rin \u0259lind\u0259 idi. Buna son qoyulmal\u0131 idi v\u0259 son qoyuldu. Biz g\u00f6rd\u00fck ki, he\u00e7 bir dan\u0131\u015f\u0131qlar, he\u00e7 bir siyasi add\u0131mlar bizi m\u0259qs\u0259dimiz\u0259 yax\u0131nla\u015fd\u0131rm\u0131r. Biz g\u00f6r\u00fcrd\u00fck v\u0259 bilirdik, ancaq g\u00fccl\u00fc, daha irad\u0259li olmal\u0131y\u0131q ki, \u00f6z haqq\u0131m\u0131z\u0131 qoruyaq, tarixi \u0259dal\u0259ti b\u0259rpa ed\u0259k. Az\u0259rbaycan d\u00f6vl\u0259ti, Az\u0259rbaycan Ordusu, b\u00fct\u00fcn Silahl\u0131 Q\u00fcvv\u0259l\u0259rimiz bu tarixi missiyan\u0131 2020-ci ild\u0259 yerin\u0259 yetirdi. Biz d\u00f6y\u00fc\u015f\u0259r\u0259k, qan t\u00f6k\u0259r\u0259k, \u015f\u0259hidl\u0259r ver\u0259r\u0259k do\u011fma diyar\u0131m\u0131z\u0131 erm\u0259ni i\u015f\u011fal\u0131ndan azad etdik v\u0259 Qaraba\u011fa qay\u0131td\u0131q. Biz art\u0131q burada yerl\u0259\u015fmi\u015fik, biz buraya qay\u0131tm\u0131\u015f\u0131q, do\u011fma diyar\u0131m\u0131za qay\u0131tm\u0131\u015f\u0131q. B\u00fct\u00fcn Qaraba\u011f v\u0259 \u015e\u0259rqi Z\u0259ng\u0259zur b\u00f6lg\u0259sind\u0259 \u00e7ox geni\u015fmiqyasl\u0131 abadl\u0131q i\u015fl\u0259ri apar\u0131l\u0131r, \u015f\u0259h\u0259rl\u0259r yenid\u0259n qurulur, k\u0259ndl\u0259r yenid\u0259n sal\u0131n\u0131r. \u018flb\u0259tt\u0259 ki, bizim \u0259sas v\u0259zif\u0259miz ke\u00e7mi\u015f m\u0259cburi k\u00f6\u00e7k\u00fcnl\u0259ri tezlikl\u0259 bu do\u011fma diyara qaytarmaqd\u0131r&#8221;, &#8211; dey\u0259, Az\u0259rbaycan lideri bildirib.<\/p>\n<p><strong>16:02<\/strong><\/p>\n<p>Az\u0259rbaycan Prezidenti \u0130lham \u018fliyev v\u0259 Birinci vitse-prezident Mehriban \u018fliyeva T\u0259rt\u0259r rayonunun Suqovu\u015fan q\u0259s\u0259b\u0259sind\u0259 olub.<\/p>\n<p>Prezident \u0130lham \u018fliyev Suqovu\u015fandan Az\u0259rbaycan xalq\u0131n\u0131 Novruz bayram\u0131 m\u00fcnasib\u0259ti il\u0259 t\u0259brik edib.<\/p>\n<p>G\u00f6r\u00fcnt\u00fcl\u0259ri t\u0259qdim edirik:<\/p>\n<div><iframe loading=\"lazy\" title=\"YouTube video player\" src=\"https:\/\/www.youtube.com\/embed\/48S1oCOs9Fs\" width=\"560\" height=\"315\" frameborder=\"0\" allowfullscreen=\"allowfullscreen\" data-mce-fragment=\"1\"><\/iframe><\/div>\n<\/div>\n<\/article>\n","protected":false},"excerpt":{"rendered":"<p>Bizim \u0259sas v\u0259zif\u0259miz ke\u00e7mi\u015f m\u0259cburi k\u00f6\u00e7k\u00fcnl\u0259ri tezlikl\u0259 bu do\u011fma diyara qaytarmaqd\u0131r. \u201cReport\u201d x\u0259b\u0259r verir ki, bunu Prezident \u0130lham \u018fliyev T\u0259rt\u0259r rayonunun Suqovu\u015fan q\u0259s\u0259b\u0259sind\u0259 deyib. &#8220;Suqovu\u015fan q\u0259dim Az\u0259rbaycan\u0131n tarixi yeridir. Az\u0259rbaycan xalq\u0131 bu \u0259razil\u0259rd\u0259 \u0259srl\u0259r boyu ya\u015fay\u0131b. Ancaq 1923-c\u00fc ild\u0259 do\u011fma Qaraba\u011f diyar\u0131m\u0131zda qanunsuz v\u0259 he\u00e7 bir \u0259sas\u0131 olmadan Da\u011fl\u0131q Qaraba\u011f Muxtar Vilay\u0259ti yarad\u0131lm\u0131\u015fd\u0131r. Qaraba\u011f\u0131n g\u00f6z\u0259l, s\u0259fal\u0131 yerl\u0259ri qondarma quruma daxil edilmi\u015fdi, o c\u00fcml\u0259d\u0259n \u015eu\u015fa \u015f\u0259h\u0259ri v\u0259 Suqovu\u015fan q\u0259s\u0259b\u0259si. Bu, xalq\u0131m\u0131za qar\u015f\u0131 n\u00f6vb\u0259ti \u0259dal\u0259tsizlik idi, n\u00f6vb\u0259ti d\u00fc\u015fm\u0259n\u00e7ilik idi. \u00c7\u00fcnki Qaraba\u011f, onun tarixi Az\u0259rbaycan xalq\u0131n\u0131n ad\u0131 il\u0259 ba\u011fl\u0131d\u0131r. Az\u0259rbaycan xalq\u0131 Qaraba\u011fda \u0259srl\u0259r&hellip;<\/p>\n","protected":false},"author":2,"featured_media":454236,"comment_status":"closed","ping_status":"closed","sticky":false,"template":"","format":"standard","meta":{"om_disable_all_campaigns":false,"_monsterinsights_skip_tracking":false,"_monsterinsights_sitenote_active":false,"_monsterinsights_sitenote_note":"","_monsterinsights_sitenote_category":0},"categories":[8],"tags":[],"aioseo_notices":[],"gutentor_comment":0,"rttpg_featured_image_url":{"full":["https:\/\/arantv.az\/wp-content\/uploads\/2022\/03\/77c2a110-d4e7-412b-97b3-68f022b9fa97.jpg",620,413,false],"landscape":["https:\/\/arantv.az\/wp-content\/uploads\/2022\/03\/77c2a110-d4e7-412b-97b3-68f022b9fa97.jpg",620,413,false],"portraits":["https:\/\/arantv.az\/wp-content\/uploads\/2022\/03\/77c2a110-d4e7-412b-97b3-68f022b9fa97.jpg",620,413,false],"thumbnail":["https:\/\/arantv.az\/wp-content\/uploads\/2022\/03\/77c2a110-d4e7-412b-97b3-68f022b9fa97-500x280.jpg",500,280,true],"medium":["https:\/\/arantv.az\/wp-content\/uploads\/2022\/03\/77c2a110-d4e7-412b-97b3-68f022b9fa97-548x365.jpg",548,365,true],"large":["https:\/\/arantv.az\/wp-content\/uploads\/2022\/03\/77c2a110-d4e7-412b-97b3-68f022b9fa97.jpg",620,413,false],"1536x1536":["https:\/\/arantv.az\/wp-content\/uploads\/2022\/03\/77c2a110-d4e7-412b-97b3-68f022b9fa97.jpg",620,413,false],"2048x2048":["https:\/\/arantv.az\/wp-content\/uploads\/2022\/03\/77c2a110-d4e7-412b-97b3-68f022b9fa97.jpg",620,413,false],"post-thumbnail":["https:\/\/arantv.az\/wp-content\/uploads\/2022\/03\/77c2a110-d4e7-412b-97b3-68f022b9fa97-240x172.jpg",240,172,true],"advps-thumb-one":["https:\/\/arantv.az\/wp-content\/uploads\/2022\/03\/77c2a110-d4e7-412b-97b3-68f022b9fa97.jpg",620,413,false]},"rttpg_author":{"display_name":"V\u00fcsal Rafiqo\u011flu","author_link":"https:\/\/arantv.az\/?author=2"},"rttpg_comment":0,"rttpg_category":"<a href=\"https:\/\/arantv.az\/?cat=8\" rel=\"category\">\u018fsas s\u0259hif\u0259<\/a>","rttpg_excerpt":"Bizim \u0259sas v\u0259zif\u0259miz ke\u00e7mi\u015f m\u0259cburi k\u00f6\u00e7k\u00fcnl\u0259ri tezlikl\u0259 bu do\u011fma diyara qaytarmaqd\u0131r. \u201cReport\u201d x\u0259b\u0259r verir ki, bunu Prezident \u0130lham \u018fliyev T\u0259rt\u0259r rayonunun Suqovu\u015fan q\u0259s\u0259b\u0259sind\u0259 deyib. &#8220;Suqovu\u015fan q\u0259dim Az\u0259rbaycan\u0131n tarixi yeridir. Az\u0259rbaycan xalq\u0131 bu \u0259razil\u0259rd\u0259 \u0259srl\u0259r boyu ya\u015fay\u0131b. Ancaq 1923-c\u00fc ild\u0259 do\u011fma Qaraba\u011f diyar\u0131m\u0131zda qanunsuz v\u0259 he\u00e7 bir \u0259sas\u0131 olmadan Da\u011fl\u0131q Qaraba\u011f Muxtar Vilay\u0259ti yarad\u0131lm\u0131\u015fd\u0131r. Qaraba\u011f\u0131n g\u00f6z\u0259l,&hellip;","_links":{"self":[{"href":"https:\/\/arantv.az\/index.php?rest_route=\/wp\/v2\/posts\/454235"}],"collection":[{"href":"https:\/\/arantv.az\/index.php?rest_route=\/wp\/v2\/posts"}],"about":[{"href":"https:\/\/arantv.az\/index.php?rest_route=\/wp\/v2\/types\/post"}],"author":[{"embeddable":true,"href":"https:\/\/arantv.az\/index.php?rest_route=\/wp\/v2\/users\/2"}],"replies":[{"embeddable":true,"href":"https:\/\/arantv.az\/index.php?rest_route=%2Fwp%2Fv2%2Fcomments&post=454235"}],"version-history":[{"count":0,"href":"https:\/\/arantv.az\/index.php?rest_route=\/wp\/v2\/posts\/454235\/revisions"}],"wp:featuredmedia":[{"embeddable":true,"href":"https:\/\/arantv.az\/index.php?rest_route=\/wp\/v2\/media\/454236"}],"wp:attachment":[{"href":"https:\/\/arantv.az\/index.php?rest_route=%2Fwp%2Fv2%2Fmedia&parent=454235"}],"wp:term":[{"taxonomy":"category","embeddable":true,"href":"https:\/\/arantv.az\/index.php?rest_route=%2Fwp%2Fv2%2Fcategories&post=454235"},{"taxonomy":"post_tag","embeddable":true,"href":"https:\/\/arantv.az\/index.php?rest_route=%2Fwp%2Fv2%2Ftags&post=454235"}],"curies":[{"name":"wp","href":"https:\/\/api.w.org\/{rel}","templated":true}]}}