{"id":45430,"date":"2019-03-14T14:51:52","date_gmt":"2019-03-14T11:51:52","guid":{"rendered":"http:\/\/arantv.az\/?p=45430"},"modified":"2019-03-14T14:51:52","modified_gmt":"2019-03-14T11:51:52","slug":"danilo-turk-qlobal-baki-forumu-cox-s%c9%99m%c9%99r%c9%99li-platformaya-cevrilib","status":"publish","type":"post","link":"https:\/\/arantv.az\/?p=45430","title":{"rendered":"Danilo T\u00fcrk: &#8220;Qlobal Bak\u0131 Forumu \u00e7ox s\u0259m\u0259r\u0259li platformaya \u00e7evrilib&#8221;"},"content":{"rendered":"<p><strong>&#8220;Qlobal Bak\u0131 Forumu ild\u0259n-il\u0259 inki\u015faf ed\u0259r\u0259k \u00e7ox s\u0259m\u0259r\u0259li platformaya \u00e7evrilib&#8221;.<\/strong><\/p>\n<p><strong>ARANTV.AZ<\/strong> x\u0259b\u0259r verir ki, bunu\u00a0<a href=\"https:\/\/az.trend.az\/\" target=\"_blank\" rel=\"noopener\">Trend<\/a>-\u0259 Sloveniyan\u0131n ke\u00e7mi\u015f prezidenti Danilo T\u00fcrk deyib.<\/p>\n<p>D.T\u00fcrk qeyd edib ki, bu forum i\u015ftirak\u00e7\u0131lara d\u00fcnyan\u0131 maraqland\u0131ran m\u00fch\u00fcm m\u0259s\u0259l\u0259l\u0259r \u0259traf\u0131nda fikir m\u00fcbadil\u0259si aparmaq \u00fc\u00e7\u00fcn b\u00f6y\u00fck imkan yarad\u0131r:<\/p>\n<p>&#8220;Builki forum ir\u0259li at\u0131lan daha bir add\u0131md\u0131r v\u0259 xarici siyas\u0259tl\u0259 ba\u011fl\u0131 m\u0259s\u0259l\u0259l\u0259rin m\u00fczakir\u0259si \u00fc\u00e7\u00fcn \u0259lveri\u015fli \u015f\u0259rait yarad\u0131b&#8221;.<\/p>\n<p>Ke\u00e7mi\u015f prezident \u0259lav\u0259 edib ki, Az\u0259rbaycan sivilizasiyalararas\u0131 dialoqun qurulmas\u0131 istiqam\u0259tind\u0259 \u00e7ox g\u00f6z\u0259l i\u015fl\u0259r g\u00f6r\u00fcr:<\/p>\n<p>&#8220;Az\u0259rbaycan \u0130slam \u00f6lk\u0259sidir, lakin \u00f6lk\u0259 \u00e7ox a\u00e7\u0131q fikirlidir. Az\u0259rbaycan h\u0259tta kils\u0259l\u0259rin b\u0259rpa olunmas\u0131na d\u0259st\u0259k g\u00f6st\u0259rir ki, bu da xalqlar aras\u0131nda inam\u0131n v\u0259 dialoqun qurulmas\u0131na \u015f\u0259rait yarad\u0131r. Bu c\u00fcr i\u015fl\u0259rin g\u00f6r\u00fclm\u0259si bu g\u00fcn d\u00fcnyaya daha \u00e7ox laz\u0131md\u0131r v\u0259 Az\u0259rbaycan bu istiqam\u0259td\u0259 \u00e7ox g\u00f6z\u0259l i\u015fl\u0259r g\u00f6r\u00fcr&#8221;.<\/p>\n<p>Qeyd ed\u0259k ki, bu g\u00fcn VII Qlobal Bak\u0131 Forumu \u00f6z i\u015fin\u0259 ba\u015flay\u0131b. Mart\u0131n 16-na q\u0259d\u0259r davam ed\u0259c\u0259k forum Nizami G\u0259nc\u0259vi Beyn\u0259lxalq M\u0259rk\u0259zinin t\u0259\u015fkilat\u00e7\u0131l\u0131\u011f\u0131 il\u0259 ke\u00e7irilir.<\/p>\n<p>M\u00f6vzusu &#8220;D\u00fcnyan\u0131n yeni xarici siyas\u0259ti&#8221; olan VII Qlobal Bak\u0131 Forumunda d\u00fcnyan\u0131n 50-d\u0259n \u00e7ox \u00f6lk\u0259sind\u0259n 500-d\u0259n art\u0131q n\u00fcmay\u0259nd\u0259, o c\u00fcml\u0259d\u0259n bir s\u0131ra \u00f6lk\u0259l\u0259rin haz\u0131rk\u0131 d\u00f6vl\u0259t v\u0259 h\u00f6kum\u0259t ba\u015f\u00e7\u0131lar\u0131, n\u00fcfuzlu siyasi, ictimai xadiml\u0259r i\u015ftirak edirl\u0259r.<\/p>\n<p>Forumda d\u00fcnyan\u0131 narahat ed\u0259n qlobal siyasi v\u0259 iqtisadi probleml\u0259r, m\u00fcasir beyn\u0259lxalq m\u00fcnasib\u0259tl\u0259rin m\u00fcxt\u0259lif aspektl\u0259ri il\u0259 ba\u011fl\u0131 m\u00fczakir\u0259l\u0259r apar\u0131l\u0131r.<\/p>\n","protected":false},"excerpt":{"rendered":"<p>&#8220;Qlobal Bak\u0131 Forumu ild\u0259n-il\u0259 inki\u015faf ed\u0259r\u0259k \u00e7ox s\u0259m\u0259r\u0259li platformaya \u00e7evrilib&#8221;. ARANTV.AZ x\u0259b\u0259r verir ki, bunu\u00a0Trend-\u0259 Sloveniyan\u0131n ke\u00e7mi\u015f prezidenti Danilo T\u00fcrk deyib. D.T\u00fcrk qeyd edib ki, bu forum i\u015ftirak\u00e7\u0131lara d\u00fcnyan\u0131 maraqland\u0131ran m\u00fch\u00fcm m\u0259s\u0259l\u0259l\u0259r \u0259traf\u0131nda fikir m\u00fcbadil\u0259si aparmaq \u00fc\u00e7\u00fcn b\u00f6y\u00fck imkan yarad\u0131r: &#8220;Builki forum ir\u0259li at\u0131lan daha bir add\u0131md\u0131r v\u0259 xarici siyas\u0259tl\u0259 ba\u011fl\u0131 m\u0259s\u0259l\u0259l\u0259rin m\u00fczakir\u0259si \u00fc\u00e7\u00fcn \u0259lveri\u015fli \u015f\u0259rait yarad\u0131b&#8221;. Ke\u00e7mi\u015f prezident \u0259lav\u0259 edib ki, Az\u0259rbaycan sivilizasiyalararas\u0131 dialoqun qurulmas\u0131 istiqam\u0259tind\u0259 \u00e7ox g\u00f6z\u0259l i\u015fl\u0259r g\u00f6r\u00fcr: &#8220;Az\u0259rbaycan \u0130slam \u00f6lk\u0259sidir, lakin \u00f6lk\u0259 \u00e7ox a\u00e7\u0131q fikirlidir. Az\u0259rbaycan h\u0259tta kils\u0259l\u0259rin b\u0259rpa olunmas\u0131na d\u0259st\u0259k g\u00f6st\u0259rir ki, bu da xalqlar&hellip;<\/p>\n","protected":false},"author":2,"featured_media":45431,"comment_status":"closed","ping_status":"closed","sticky":false,"template":"","format":"standard","meta":{"om_disable_all_campaigns":false,"_monsterinsights_skip_tracking":false,"_monsterinsights_sitenote_active":false,"_monsterinsights_sitenote_note":"","_monsterinsights_sitenote_category":0},"categories":[4],"tags":[],"aioseo_notices":[],"gutentor_comment":0,"rttpg_featured_image_url":{"full":["https:\/\/arantv.az\/wp-content\/uploads\/2019\/03\/738911.jpg",800,600,false],"landscape":["https:\/\/arantv.az\/wp-content\/uploads\/2019\/03\/738911.jpg",800,600,false],"portraits":["https:\/\/arantv.az\/wp-content\/uploads\/2019\/03\/738911.jpg",800,600,false],"thumbnail":["https:\/\/arantv.az\/wp-content\/uploads\/2019\/03\/738911-150x150.jpg",150,150,true],"medium":["https:\/\/arantv.az\/wp-content\/uploads\/2019\/03\/738911-300x225.jpg",300,225,true],"large":["https:\/\/arantv.az\/wp-content\/uploads\/2019\/03\/738911.jpg",640,480,false],"1536x1536":["https:\/\/arantv.az\/wp-content\/uploads\/2019\/03\/738911.jpg",800,600,false],"2048x2048":["https:\/\/arantv.az\/wp-content\/uploads\/2019\/03\/738911.jpg",800,600,false],"post-thumbnail":["https:\/\/arantv.az\/wp-content\/uploads\/2019\/03\/738911-240x172.jpg",240,172,true],"advps-thumb-one":["https:\/\/arantv.az\/wp-content\/uploads\/2019\/03\/738911.jpg",800,600,false]},"rttpg_author":{"display_name":"V\u00fcsal Rafiqo\u011flu","author_link":"https:\/\/arantv.az\/?author=2"},"rttpg_comment":0,"rttpg_category":"<a href=\"https:\/\/arantv.az\/?cat=4\" rel=\"category\">Siyas\u0259t<\/a>","rttpg_excerpt":"&#8220;Qlobal Bak\u0131 Forumu ild\u0259n-il\u0259 inki\u015faf ed\u0259r\u0259k \u00e7ox s\u0259m\u0259r\u0259li platformaya \u00e7evrilib&#8221;. ARANTV.AZ x\u0259b\u0259r verir ki, bunu\u00a0Trend-\u0259 Sloveniyan\u0131n ke\u00e7mi\u015f prezidenti Danilo T\u00fcrk deyib. D.T\u00fcrk qeyd edib ki, bu forum i\u015ftirak\u00e7\u0131lara d\u00fcnyan\u0131 maraqland\u0131ran m\u00fch\u00fcm m\u0259s\u0259l\u0259l\u0259r \u0259traf\u0131nda fikir m\u00fcbadil\u0259si aparmaq \u00fc\u00e7\u00fcn b\u00f6y\u00fck imkan yarad\u0131r: &#8220;Builki forum ir\u0259li at\u0131lan daha bir add\u0131md\u0131r v\u0259 xarici siyas\u0259tl\u0259 ba\u011fl\u0131 m\u0259s\u0259l\u0259l\u0259rin m\u00fczakir\u0259si \u00fc\u00e7\u00fcn \u0259lveri\u015fli&hellip;","_links":{"self":[{"href":"https:\/\/arantv.az\/index.php?rest_route=\/wp\/v2\/posts\/45430"}],"collection":[{"href":"https:\/\/arantv.az\/index.php?rest_route=\/wp\/v2\/posts"}],"about":[{"href":"https:\/\/arantv.az\/index.php?rest_route=\/wp\/v2\/types\/post"}],"author":[{"embeddable":true,"href":"https:\/\/arantv.az\/index.php?rest_route=\/wp\/v2\/users\/2"}],"replies":[{"embeddable":true,"href":"https:\/\/arantv.az\/index.php?rest_route=%2Fwp%2Fv2%2Fcomments&post=45430"}],"version-history":[{"count":0,"href":"https:\/\/arantv.az\/index.php?rest_route=\/wp\/v2\/posts\/45430\/revisions"}],"wp:featuredmedia":[{"embeddable":true,"href":"https:\/\/arantv.az\/index.php?rest_route=\/wp\/v2\/media\/45431"}],"wp:attachment":[{"href":"https:\/\/arantv.az\/index.php?rest_route=%2Fwp%2Fv2%2Fmedia&parent=45430"}],"wp:term":[{"taxonomy":"category","embeddable":true,"href":"https:\/\/arantv.az\/index.php?rest_route=%2Fwp%2Fv2%2Fcategories&post=45430"},{"taxonomy":"post_tag","embeddable":true,"href":"https:\/\/arantv.az\/index.php?rest_route=%2Fwp%2Fv2%2Ftags&post=45430"}],"curies":[{"name":"wp","href":"https:\/\/api.w.org\/{rel}","templated":true}]}}