{"id":45433,"date":"2019-03-14T14:52:45","date_gmt":"2019-03-14T11:52:45","guid":{"rendered":"http:\/\/arantv.az\/?p=45433"},"modified":"2019-03-14T14:52:45","modified_gmt":"2019-03-14T11:52:45","slug":"monteneqro-prezidenti-butun-probleml%c9%99ri-h%c9%99ll-ed%c9%99-bil%c9%99n-formul-movcud-deyil","status":"publish","type":"post","link":"https:\/\/arantv.az\/?p=45433","title":{"rendered":"Monteneqro Prezidenti: &#8220;B\u00fct\u00fcn probleml\u0259ri h\u0259ll ed\u0259 bil\u0259n formul m\u00f6vcud deyil&#8221;"},"content":{"rendered":"<p><strong>&#8220;Bizim xarici siyas\u0259timiz m\u00fct\u0259madi d\u0259yi\u015fm\u0259lidir&#8221;.<\/strong><\/p>\n<p><strong>ARANTV.AZ<\/strong> trend-\u0259 istinad\u0259n x\u0259b\u0259r verir ki, bunu VII Qlobal Bak\u0131 Forumunda Monteneqro Prezidenti Milo Cukanovi\u00e7 deyib.<\/p>\n<p>D\u00f6vl\u0259t ba\u015f\u00e7\u0131s\u0131 qeyd edib: &#8220;Biz inki\u015faf ed\u0259n d\u00fcnya tendensiyalar\u0131na k\u00f6m\u0259k etm\u0259k \u00fc\u00e7\u00fcn mill\u0259t\u00e7ilik ideyas\u0131n\u0131 d\u00fczg\u00fcn anlamal\u0131y\u0131q. Avropa \u0130kinci D\u00fcnya m\u00fcharib\u0259sind\u0259n sonrak\u0131 d\u00f6vrd\u0259 daha m\u00fch\u00fcm nailiyy\u0259tl\u0259r kimi \u00f6z d\u0259y\u0259rl\u0259rini qoruyub saxlama\u011fa davam ed\u0259c\u0259k&#8221;.<\/p>\n<p>M.Cukanovi\u00e7 bildirib ki, b\u00fct\u00fcn probleml\u0259ri h\u0259ll ed\u0259 bil\u0259n formul m\u00f6vcud deyil: &#8220;Biz\u0259 qlobal s\u0259viyy\u0259d\u0259 \u00e7oxt\u0259r\u0259flilikd\u0259n istifad\u0259 etm\u0259k laz\u0131md\u0131r. Yaln\u0131z v\u0259t\u0259nda\u015flar\u0131m\u0131z\u0131n y\u00fcks\u0259k h\u0259yat \u015f\u0259raitini t\u0259min ed\u0259c\u0259yimiz halda b\u00f6y\u00fck v\u0259 vacib m\u0259qs\u0259dl\u0259r\u0259 \u00e7atmaq olar. Bizim xarici siyas\u0259timiz m\u00fct\u0259madi d\u0259yi\u015fm\u0259lidir&#8221;.<\/p>\n<p>Qeyd ed\u0259k ki, mart\u0131n 14-d\u0259 VII Qlobal Bak\u0131 Forumu \u00f6z i\u015fin\u0259 ba\u015flay\u0131b. Mart\u0131n 16-na q\u0259d\u0259r davam ed\u0259c\u0259k forum Nizami G\u0259nc\u0259vi Beyn\u0259lxalq M\u0259rk\u0259zinin t\u0259\u015fkilat\u00e7\u0131l\u0131\u011f\u0131 il\u0259 ke\u00e7irilir.<\/p>\n<p>M\u00f6vzusu &#8220;D\u00fcnyan\u0131n yeni xarici siyas\u0259ti&#8221; olan VII Qlobal Bak\u0131 Forumunda d\u00fcnyan\u0131n 50-d\u0259n \u00e7ox \u00f6lk\u0259sind\u0259n 500-d\u0259n art\u0131q n\u00fcmay\u0259nd\u0259, o c\u00fcml\u0259d\u0259n bir s\u0131ra \u00f6lk\u0259l\u0259rin haz\u0131rk\u0131 d\u00f6vl\u0259t v\u0259 h\u00f6kum\u0259t ba\u015f\u00e7\u0131lar\u0131, n\u00fcfuzlu siyasi, ictimai xadiml\u0259r i\u015ftirak edirl\u0259r.<\/p>\n<p>Forumda d\u00fcnyan\u0131 narahat ed\u0259n qlobal siyasi v\u0259 iqtisadi probleml\u0259r, m\u00fcasir beyn\u0259lxalq m\u00fcnasib\u0259tl\u0259rin m\u00fcxt\u0259lif aspektl\u0259ri il\u0259 ba\u011fl\u0131 m\u00fczakir\u0259l\u0259r apar\u0131l\u0131r.<\/p>\n","protected":false},"excerpt":{"rendered":"<p>&#8220;Bizim xarici siyas\u0259timiz m\u00fct\u0259madi d\u0259yi\u015fm\u0259lidir&#8221;. ARANTV.AZ trend-\u0259 istinad\u0259n x\u0259b\u0259r verir ki, bunu VII Qlobal Bak\u0131 Forumunda Monteneqro Prezidenti Milo Cukanovi\u00e7 deyib. D\u00f6vl\u0259t ba\u015f\u00e7\u0131s\u0131 qeyd edib: &#8220;Biz inki\u015faf ed\u0259n d\u00fcnya tendensiyalar\u0131na k\u00f6m\u0259k etm\u0259k \u00fc\u00e7\u00fcn mill\u0259t\u00e7ilik ideyas\u0131n\u0131 d\u00fczg\u00fcn anlamal\u0131y\u0131q. Avropa \u0130kinci D\u00fcnya m\u00fcharib\u0259sind\u0259n sonrak\u0131 d\u00f6vrd\u0259 daha m\u00fch\u00fcm nailiyy\u0259tl\u0259r kimi \u00f6z d\u0259y\u0259rl\u0259rini qoruyub saxlama\u011fa davam ed\u0259c\u0259k&#8221;. M.Cukanovi\u00e7 bildirib ki, b\u00fct\u00fcn probleml\u0259ri h\u0259ll ed\u0259 bil\u0259n formul m\u00f6vcud deyil: &#8220;Biz\u0259 qlobal s\u0259viyy\u0259d\u0259 \u00e7oxt\u0259r\u0259flilikd\u0259n istifad\u0259 etm\u0259k laz\u0131md\u0131r. Yaln\u0131z v\u0259t\u0259nda\u015flar\u0131m\u0131z\u0131n y\u00fcks\u0259k h\u0259yat \u015f\u0259raitini t\u0259min ed\u0259c\u0259yimiz halda b\u00f6y\u00fck v\u0259 vacib m\u0259qs\u0259dl\u0259r\u0259 \u00e7atmaq olar. Bizim xarici siyas\u0259timiz m\u00fct\u0259madi d\u0259yi\u015fm\u0259lidir&#8221;.&hellip;<\/p>\n","protected":false},"author":2,"featured_media":45434,"comment_status":"closed","ping_status":"closed","sticky":false,"template":"","format":"standard","meta":{"om_disable_all_campaigns":false,"_monsterinsights_skip_tracking":false,"_monsterinsights_sitenote_active":false,"_monsterinsights_sitenote_note":"","_monsterinsights_sitenote_category":0},"categories":[4],"tags":[],"aioseo_notices":[],"gutentor_comment":0,"rttpg_featured_image_url":{"full":["https:\/\/arantv.az\/wp-content\/uploads\/2019\/03\/738886.jpg",800,600,false],"landscape":["https:\/\/arantv.az\/wp-content\/uploads\/2019\/03\/738886.jpg",800,600,false],"portraits":["https:\/\/arantv.az\/wp-content\/uploads\/2019\/03\/738886.jpg",800,600,false],"thumbnail":["https:\/\/arantv.az\/wp-content\/uploads\/2019\/03\/738886-150x150.jpg",150,150,true],"medium":["https:\/\/arantv.az\/wp-content\/uploads\/2019\/03\/738886-300x225.jpg",300,225,true],"large":["https:\/\/arantv.az\/wp-content\/uploads\/2019\/03\/738886.jpg",640,480,false],"1536x1536":["https:\/\/arantv.az\/wp-content\/uploads\/2019\/03\/738886.jpg",800,600,false],"2048x2048":["https:\/\/arantv.az\/wp-content\/uploads\/2019\/03\/738886.jpg",800,600,false],"post-thumbnail":["https:\/\/arantv.az\/wp-content\/uploads\/2019\/03\/738886-240x172.jpg",240,172,true],"advps-thumb-one":["https:\/\/arantv.az\/wp-content\/uploads\/2019\/03\/738886.jpg",800,600,false]},"rttpg_author":{"display_name":"V\u00fcsal Rafiqo\u011flu","author_link":"https:\/\/arantv.az\/?author=2"},"rttpg_comment":0,"rttpg_category":"<a href=\"https:\/\/arantv.az\/?cat=4\" rel=\"category\">Siyas\u0259t<\/a>","rttpg_excerpt":"&#8220;Bizim xarici siyas\u0259timiz m\u00fct\u0259madi d\u0259yi\u015fm\u0259lidir&#8221;. ARANTV.AZ trend-\u0259 istinad\u0259n x\u0259b\u0259r verir ki, bunu VII Qlobal Bak\u0131 Forumunda Monteneqro Prezidenti Milo Cukanovi\u00e7 deyib. D\u00f6vl\u0259t ba\u015f\u00e7\u0131s\u0131 qeyd edib: &#8220;Biz inki\u015faf ed\u0259n d\u00fcnya tendensiyalar\u0131na k\u00f6m\u0259k etm\u0259k \u00fc\u00e7\u00fcn mill\u0259t\u00e7ilik ideyas\u0131n\u0131 d\u00fczg\u00fcn anlamal\u0131y\u0131q. Avropa \u0130kinci D\u00fcnya m\u00fcharib\u0259sind\u0259n sonrak\u0131 d\u00f6vrd\u0259 daha m\u00fch\u00fcm nailiyy\u0259tl\u0259r kimi \u00f6z d\u0259y\u0259rl\u0259rini qoruyub saxlama\u011fa davam ed\u0259c\u0259k&#8221;. M.Cukanovi\u00e7 bildirib&hellip;","_links":{"self":[{"href":"https:\/\/arantv.az\/index.php?rest_route=\/wp\/v2\/posts\/45433"}],"collection":[{"href":"https:\/\/arantv.az\/index.php?rest_route=\/wp\/v2\/posts"}],"about":[{"href":"https:\/\/arantv.az\/index.php?rest_route=\/wp\/v2\/types\/post"}],"author":[{"embeddable":true,"href":"https:\/\/arantv.az\/index.php?rest_route=\/wp\/v2\/users\/2"}],"replies":[{"embeddable":true,"href":"https:\/\/arantv.az\/index.php?rest_route=%2Fwp%2Fv2%2Fcomments&post=45433"}],"version-history":[{"count":0,"href":"https:\/\/arantv.az\/index.php?rest_route=\/wp\/v2\/posts\/45433\/revisions"}],"wp:featuredmedia":[{"embeddable":true,"href":"https:\/\/arantv.az\/index.php?rest_route=\/wp\/v2\/media\/45434"}],"wp:attachment":[{"href":"https:\/\/arantv.az\/index.php?rest_route=%2Fwp%2Fv2%2Fmedia&parent=45433"}],"wp:term":[{"taxonomy":"category","embeddable":true,"href":"https:\/\/arantv.az\/index.php?rest_route=%2Fwp%2Fv2%2Fcategories&post=45433"},{"taxonomy":"post_tag","embeddable":true,"href":"https:\/\/arantv.az\/index.php?rest_route=%2Fwp%2Fv2%2Ftags&post=45433"}],"curies":[{"name":"wp","href":"https:\/\/api.w.org\/{rel}","templated":true}]}}