{"id":45436,"date":"2019-03-14T14:56:42","date_gmt":"2019-03-14T11:56:42","guid":{"rendered":"http:\/\/arantv.az\/?p=45436"},"modified":"2019-03-14T14:56:42","modified_gmt":"2019-03-14T11:56:42","slug":"metronun-qarsisinda-agir-q%c9%99za-%c9%99r-arvad-v%c9%99-2-yasli-usaq-x%c9%99st%c9%99xanaliq-oldu","status":"publish","type":"post","link":"https:\/\/arantv.az\/?p=45436","title":{"rendered":"Metronun qar\u015f\u0131s\u0131nda a\u011f\u0131r q\u0259za &#8211; \u018fr, arvad v\u0259 2 ya\u015fl\u0131 u\u015faq x\u0259st\u0259xanal\u0131q oldu"},"content":{"rendered":"<p>Bak\u0131da a\u011f\u0131r yol q\u0259zas\u0131 ba\u015f verib.<\/p>\n<p><b>ARANTV.AZ\u00a0<\/b>publika.az-a istinad\u0259n x\u0259b\u0259r verir ki, Bin\u0259q\u0259di rayonu Cavadxan k\u00fc\u00e7\u0259sind\u0259 &#8211; metronun &#8220;N\u0259simi&#8221; stansiyas\u0131n\u0131n yax\u0131nl\u0131\u011f\u0131nda &#8220;Mercedes&#8221; markal\u0131 minik avtomobili taksi kimi f\u0259aliyy\u0259t g\u00f6st\u0259r\u0259n dig\u0259r ma\u015f\u0131n toqqu\u015fub.<\/p>\n<div id=\"AdributorNativeVideo0\" class=\"AdributorNativeVideo\"><\/div>\n<p>N\u0259tic\u0259d\u0259 &#8220;Mercedes&#8221;in 33 ya\u015fl\u0131 s\u00fcr\u00fcc\u00fcs\u00fc, onun 27 ya\u015fl\u0131 h\u0259yat yolda\u015f\u0131 v\u0259 2 ya\u015fl\u0131 o\u011flu m\u00fcxt\u0259lif d\u0259r\u0259c\u0259li b\u0259d\u0259n x\u0259sar\u0259tl\u0259ri al\u0131b.<\/p>\n<p>Yaral\u0131lar x\u0259st\u0259xanaya yerl\u0259\u015fdirilib.<\/p>\n<p>Faktla ba\u011fl\u0131 Bin\u0259q\u0259di rayon Polis \u0130dar\u0259sind\u0259 ara\u015fd\u0131rma apar\u0131l\u0131r.<\/p>\n","protected":false},"excerpt":{"rendered":"<p>Bak\u0131da a\u011f\u0131r yol q\u0259zas\u0131 ba\u015f verib. ARANTV.AZ\u00a0publika.az-a istinad\u0259n x\u0259b\u0259r verir ki, Bin\u0259q\u0259di rayonu Cavadxan k\u00fc\u00e7\u0259sind\u0259 &#8211; metronun &#8220;N\u0259simi&#8221; stansiyas\u0131n\u0131n yax\u0131nl\u0131\u011f\u0131nda &#8220;Mercedes&#8221; markal\u0131 minik avtomobili taksi kimi f\u0259aliyy\u0259t g\u00f6st\u0259r\u0259n dig\u0259r ma\u015f\u0131n toqqu\u015fub. N\u0259tic\u0259d\u0259 &#8220;Mercedes&#8221;in 33 ya\u015fl\u0131 s\u00fcr\u00fcc\u00fcs\u00fc, onun 27 ya\u015fl\u0131 h\u0259yat yolda\u015f\u0131 v\u0259 2 ya\u015fl\u0131 o\u011flu m\u00fcxt\u0259lif d\u0259r\u0259c\u0259li b\u0259d\u0259n x\u0259sar\u0259tl\u0259ri al\u0131b. Yaral\u0131lar x\u0259st\u0259xanaya yerl\u0259\u015fdirilib. Faktla ba\u011fl\u0131 Bin\u0259q\u0259di rayon Polis \u0130dar\u0259sind\u0259 ara\u015fd\u0131rma apar\u0131l\u0131r.<\/p>\n","protected":false},"author":2,"featured_media":45437,"comment_status":"closed","ping_status":"closed","sticky":false,"template":"","format":"standard","meta":{"om_disable_all_campaigns":false,"_monsterinsights_skip_tracking":false,"_monsterinsights_sitenote_active":false,"_monsterinsights_sitenote_note":"","_monsterinsights_sitenote_category":0},"categories":[5],"tags":[],"aioseo_notices":[],"gutentor_comment":0,"rttpg_featured_image_url":{"full":["https:\/\/arantv.az\/wp-content\/uploads\/2019\/03\/1552564399tecili_yardim_05.jpg",549,309,false],"landscape":["https:\/\/arantv.az\/wp-content\/uploads\/2019\/03\/1552564399tecili_yardim_05.jpg",549,309,false],"portraits":["https:\/\/arantv.az\/wp-content\/uploads\/2019\/03\/1552564399tecili_yardim_05.jpg",549,309,false],"thumbnail":["https:\/\/arantv.az\/wp-content\/uploads\/2019\/03\/1552564399tecili_yardim_05-150x150.jpg",150,150,true],"medium":["https:\/\/arantv.az\/wp-content\/uploads\/2019\/03\/1552564399tecili_yardim_05-300x169.jpg",300,169,true],"large":["https:\/\/arantv.az\/wp-content\/uploads\/2019\/03\/1552564399tecili_yardim_05.jpg",549,309,false],"1536x1536":["https:\/\/arantv.az\/wp-content\/uploads\/2019\/03\/1552564399tecili_yardim_05.jpg",549,309,false],"2048x2048":["https:\/\/arantv.az\/wp-content\/uploads\/2019\/03\/1552564399tecili_yardim_05.jpg",549,309,false],"post-thumbnail":["https:\/\/arantv.az\/wp-content\/uploads\/2019\/03\/1552564399tecili_yardim_05-240x172.jpg",240,172,true],"advps-thumb-one":["https:\/\/arantv.az\/wp-content\/uploads\/2019\/03\/1552564399tecili_yardim_05.jpg",549,309,false]},"rttpg_author":{"display_name":"V\u00fcsal Rafiqo\u011flu","author_link":"https:\/\/arantv.az\/?author=2"},"rttpg_comment":0,"rttpg_category":"<a href=\"https:\/\/arantv.az\/?cat=5\" rel=\"category\">Hadis\u0259<\/a>","rttpg_excerpt":"Bak\u0131da a\u011f\u0131r yol q\u0259zas\u0131 ba\u015f verib. ARANTV.AZ\u00a0publika.az-a istinad\u0259n x\u0259b\u0259r verir ki, Bin\u0259q\u0259di rayonu Cavadxan k\u00fc\u00e7\u0259sind\u0259 &#8211; metronun &#8220;N\u0259simi&#8221; stansiyas\u0131n\u0131n yax\u0131nl\u0131\u011f\u0131nda &#8220;Mercedes&#8221; markal\u0131 minik avtomobili taksi kimi f\u0259aliyy\u0259t g\u00f6st\u0259r\u0259n dig\u0259r ma\u015f\u0131n toqqu\u015fub. N\u0259tic\u0259d\u0259 &#8220;Mercedes&#8221;in 33 ya\u015fl\u0131 s\u00fcr\u00fcc\u00fcs\u00fc, onun 27 ya\u015fl\u0131 h\u0259yat yolda\u015f\u0131 v\u0259 2 ya\u015fl\u0131 o\u011flu m\u00fcxt\u0259lif d\u0259r\u0259c\u0259li b\u0259d\u0259n x\u0259sar\u0259tl\u0259ri al\u0131b. Yaral\u0131lar x\u0259st\u0259xanaya yerl\u0259\u015fdirilib. Faktla ba\u011fl\u0131&hellip;","_links":{"self":[{"href":"https:\/\/arantv.az\/index.php?rest_route=\/wp\/v2\/posts\/45436"}],"collection":[{"href":"https:\/\/arantv.az\/index.php?rest_route=\/wp\/v2\/posts"}],"about":[{"href":"https:\/\/arantv.az\/index.php?rest_route=\/wp\/v2\/types\/post"}],"author":[{"embeddable":true,"href":"https:\/\/arantv.az\/index.php?rest_route=\/wp\/v2\/users\/2"}],"replies":[{"embeddable":true,"href":"https:\/\/arantv.az\/index.php?rest_route=%2Fwp%2Fv2%2Fcomments&post=45436"}],"version-history":[{"count":0,"href":"https:\/\/arantv.az\/index.php?rest_route=\/wp\/v2\/posts\/45436\/revisions"}],"wp:featuredmedia":[{"embeddable":true,"href":"https:\/\/arantv.az\/index.php?rest_route=\/wp\/v2\/media\/45437"}],"wp:attachment":[{"href":"https:\/\/arantv.az\/index.php?rest_route=%2Fwp%2Fv2%2Fmedia&parent=45436"}],"wp:term":[{"taxonomy":"category","embeddable":true,"href":"https:\/\/arantv.az\/index.php?rest_route=%2Fwp%2Fv2%2Fcategories&post=45436"},{"taxonomy":"post_tag","embeddable":true,"href":"https:\/\/arantv.az\/index.php?rest_route=%2Fwp%2Fv2%2Ftags&post=45436"}],"curies":[{"name":"wp","href":"https:\/\/api.w.org\/{rel}","templated":true}]}}