{"id":45446,"date":"2019-03-14T16:03:42","date_gmt":"2019-03-14T13:03:42","guid":{"rendered":"http:\/\/arantv.az\/?p=45446"},"modified":"2019-03-14T16:03:42","modified_gmt":"2019-03-14T13:03:42","slug":"prezident-ilham-%c9%99liyev-albaniya-prezidenti-ilir-meta-il%c9%99-gorusub-foto","status":"publish","type":"post","link":"https:\/\/arantv.az\/?p=45446","title":{"rendered":"Prezident \u0130lham \u018fliyev Albaniya Prezidenti \u0130lir Meta il\u0259 g\u00f6r\u00fc\u015f\u00fcb &#8211; FOTO"},"content":{"rendered":"<p>Mart\u0131n 14-d\u0259 Az\u0259rbaycan Respublikas\u0131n\u0131n Prezidenti \u0130lham \u018fliyev VII Qlobal Bak\u0131 Forumunda i\u015ftirak ed\u0259n Albaniya Prezidenti \u0130lir Meta il\u0259 g\u00f6r\u00fc\u015f\u00fcb.<\/p>\n<p><strong>ARANTV.AZ<\/strong> az\u0259rtac-a istinad\u0259n x\u0259b\u0259r verir ki, g\u00f6r\u00fc\u015fd\u0259 Prezident \u0130lham \u018fliyev Albaniya Prezidenti \u0130lir Metaya Az\u0259rbaycana s\u0259f\u0259rin\u0259 v\u0259 VII Qlobal Bak\u0131 Forumunda i\u015ftirak\u0131na g\u00f6r\u0259 minn\u0259tdarl\u0131\u011f\u0131n\u0131 bildirdi. Forumun beyn\u0259lxalq miqyasda i\u015ftirak\u00e7\u0131lar\u0131n\u0131n say\u0131n\u0131n artd\u0131\u011f\u0131n\u0131 bu t\u0259dbirin n\u00fcfuzunun y\u00fcks\u0259lm\u0259sinin g\u00f6st\u0259ricisi kimi d\u0259y\u0259rl\u0259ndirdi. Bu Forumun beyn\u0259lxalq m\u0259s\u0259l\u0259l\u0259rl\u0259 yana\u015f\u0131, ikit\u0259r\u0259fli m\u00fcnasib\u0259tl\u0259rin m\u00fczakir\u0259si \u00fc\u00e7\u00fcn geni\u015f imkanlar yaratd\u0131\u011f\u0131n\u0131 dedi.<\/p>\n<p>D\u00f6vl\u0259timizin ba\u015f\u00e7\u0131s\u0131 TAP layih\u0259sin\u0259 toxunaraq qeyd etdi ki, tikinti i\u015fl\u0259ri u\u011furla gedir v\u0259 son m\u0259rh\u0259l\u0259d\u0259dir. Prezident \u0130lham \u018fliyev vur\u011fulad\u0131 ki, bu layih\u0259 h\u0259m d\u0259 \u00f6lk\u0259l\u0259rimizi v\u0259 xalqlar\u0131m\u0131z\u0131 birl\u0259\u015fdirir. Prezident \u0130lham \u018fliyev Az\u0259rbaycan\u0131n Albaniya il\u0259 ikit\u0259r\u0259fli m\u00fcnasib\u0259tl\u0259r\u0259 \u00f6n\u0259m verdiyini dedi.<\/p>\n<p>VII Qlobal Bak\u0131 Forumunun \u0259h\u0259miyy\u0259tin\u0259 toxunan Albaniya Prezidenti \u0130lir Meta bu t\u0259dbirin beyn\u0259lxalq \u0259m\u0259kda\u015fl\u0131\u011fa t\u00f6hf\u0259 verdiyini bildirdi. \u0130kit\u0259r\u0259fli m\u00fcnasib\u0259tl\u0259rin inki\u015faf\u0131na verdiyi d\u0259st\u0259y\u0259 g\u00f6r\u0259 Prezident \u0130lham \u018fliyev\u0259 minn\u0259tdarl\u0131\u011f\u0131n\u0131 ifad\u0259 etdi. O, \u00f6lk\u0259mizd\u0259 b\u00f6y\u00fck d\u0259yi\u015fiklikl\u0259rin \u015fahidi oldu\u011funu dedi.<\/p>\n<p>TAP layih\u0259sin\u0259 toxunan Albaniya Prezidenti d\u0259 i\u015fl\u0259rin u\u011furla getdiyini t\u0259sdiq etdi. Prezident \u0130lir Meta Az\u0259rbaycanla m\u00fcxt\u0259lif sah\u0259l\u0259rd\u0259, x\u00fcsusil\u0259 turizm sah\u0259sind\u0259 \u0259laq\u0259l\u0259rin geni\u015fl\u0259ndirilm\u0259sind\u0259, h\u0259m\u00e7inin Az\u0259rbaycan\u0131n Albaniyada daxili qazla\u015fd\u0131rma sisteminin yarad\u0131lmas\u0131nda \u00f6lk\u0259sinin maraql\u0131 oldu\u011funu bildirdi.<\/p>\n<p>G\u00f6r\u00fc\u015fd\u0259 \u00f6lk\u0259l\u0259rimizin beyn\u0259lxalq t\u0259\u015fkilatlar \u00e7\u0259r\u00e7iv\u0259sind\u0259 u\u011furla \u0259m\u0259kda\u015fl\u0131q etdikl\u0259ri, bir-birini d\u0259st\u0259kl\u0259dikl\u0259ri vur\u011fuland\u0131. Qar\u015f\u0131l\u0131ql\u0131 ticar\u0259tin geni\u015fl\u0259ndirilm\u0259si, ixrac-idxal imkanlar\u0131n\u0131n ara\u015fd\u0131r\u0131lmas\u0131, biznes qurumlar\u0131 aras\u0131nda \u0259m\u0259kda\u015fl\u0131\u011f\u0131n qurulmas\u0131 v\u0259 dig\u0259r m\u0259s\u0259l\u0259l\u0259r bar\u0259d\u0259 fikir m\u00fcbadil\u0259si apar\u0131ld\u0131.<\/p>\n<p><img loading=\"lazy\" class=\"alignnone size-full wp-image-45447\" src=\"https:\/\/arantv.az\/wp-content\/uploads\/2019\/03\/738936_000.jpg\" alt=\"\" width=\"250\" height=\"156\" \/><\/p>\n","protected":false},"excerpt":{"rendered":"<p>Mart\u0131n 14-d\u0259 Az\u0259rbaycan Respublikas\u0131n\u0131n Prezidenti \u0130lham \u018fliyev VII Qlobal Bak\u0131 Forumunda i\u015ftirak ed\u0259n Albaniya Prezidenti \u0130lir Meta il\u0259 g\u00f6r\u00fc\u015f\u00fcb. ARANTV.AZ az\u0259rtac-a istinad\u0259n x\u0259b\u0259r verir ki, g\u00f6r\u00fc\u015fd\u0259 Prezident \u0130lham \u018fliyev Albaniya Prezidenti \u0130lir Metaya Az\u0259rbaycana s\u0259f\u0259rin\u0259 v\u0259 VII Qlobal Bak\u0131 Forumunda i\u015ftirak\u0131na g\u00f6r\u0259 minn\u0259tdarl\u0131\u011f\u0131n\u0131 bildirdi. Forumun beyn\u0259lxalq miqyasda i\u015ftirak\u00e7\u0131lar\u0131n\u0131n say\u0131n\u0131n artd\u0131\u011f\u0131n\u0131 bu t\u0259dbirin n\u00fcfuzunun y\u00fcks\u0259lm\u0259sinin g\u00f6st\u0259ricisi kimi d\u0259y\u0259rl\u0259ndirdi. Bu Forumun beyn\u0259lxalq m\u0259s\u0259l\u0259l\u0259rl\u0259 yana\u015f\u0131, ikit\u0259r\u0259fli m\u00fcnasib\u0259tl\u0259rin m\u00fczakir\u0259si \u00fc\u00e7\u00fcn geni\u015f imkanlar yaratd\u0131\u011f\u0131n\u0131 dedi. D\u00f6vl\u0259timizin ba\u015f\u00e7\u0131s\u0131 TAP layih\u0259sin\u0259 toxunaraq qeyd etdi ki, tikinti i\u015fl\u0259ri u\u011furla gedir v\u0259 son m\u0259rh\u0259l\u0259d\u0259dir. Prezident \u0130lham \u018fliyev vur\u011fulad\u0131 ki,&hellip;<\/p>\n","protected":false},"author":2,"featured_media":45448,"comment_status":"closed","ping_status":"closed","sticky":false,"template":"","format":"standard","meta":{"om_disable_all_campaigns":false,"_monsterinsights_skip_tracking":false,"_monsterinsights_sitenote_active":false,"_monsterinsights_sitenote_note":"","_monsterinsights_sitenote_category":0},"categories":[4],"tags":[],"aioseo_notices":[],"gutentor_comment":0,"rttpg_featured_image_url":{"full":["https:\/\/arantv.az\/wp-content\/uploads\/2019\/03\/738936.jpg",800,600,false],"landscape":["https:\/\/arantv.az\/wp-content\/uploads\/2019\/03\/738936.jpg",800,600,false],"portraits":["https:\/\/arantv.az\/wp-content\/uploads\/2019\/03\/738936.jpg",800,600,false],"thumbnail":["https:\/\/arantv.az\/wp-content\/uploads\/2019\/03\/738936-150x150.jpg",150,150,true],"medium":["https:\/\/arantv.az\/wp-content\/uploads\/2019\/03\/738936-300x225.jpg",300,225,true],"large":["https:\/\/arantv.az\/wp-content\/uploads\/2019\/03\/738936.jpg",640,480,false],"1536x1536":["https:\/\/arantv.az\/wp-content\/uploads\/2019\/03\/738936.jpg",800,600,false],"2048x2048":["https:\/\/arantv.az\/wp-content\/uploads\/2019\/03\/738936.jpg",800,600,false],"post-thumbnail":["https:\/\/arantv.az\/wp-content\/uploads\/2019\/03\/738936-240x172.jpg",240,172,true],"advps-thumb-one":["https:\/\/arantv.az\/wp-content\/uploads\/2019\/03\/738936.jpg",800,600,false]},"rttpg_author":{"display_name":"V\u00fcsal Rafiqo\u011flu","author_link":"https:\/\/arantv.az\/?author=2"},"rttpg_comment":0,"rttpg_category":"<a href=\"https:\/\/arantv.az\/?cat=4\" rel=\"category\">Siyas\u0259t<\/a>","rttpg_excerpt":"Mart\u0131n 14-d\u0259 Az\u0259rbaycan Respublikas\u0131n\u0131n Prezidenti \u0130lham \u018fliyev VII Qlobal Bak\u0131 Forumunda i\u015ftirak ed\u0259n Albaniya Prezidenti \u0130lir Meta il\u0259 g\u00f6r\u00fc\u015f\u00fcb. ARANTV.AZ az\u0259rtac-a istinad\u0259n x\u0259b\u0259r verir ki, g\u00f6r\u00fc\u015fd\u0259 Prezident \u0130lham \u018fliyev Albaniya Prezidenti \u0130lir Metaya Az\u0259rbaycana s\u0259f\u0259rin\u0259 v\u0259 VII Qlobal Bak\u0131 Forumunda i\u015ftirak\u0131na g\u00f6r\u0259 minn\u0259tdarl\u0131\u011f\u0131n\u0131 bildirdi. Forumun beyn\u0259lxalq miqyasda i\u015ftirak\u00e7\u0131lar\u0131n\u0131n say\u0131n\u0131n artd\u0131\u011f\u0131n\u0131 bu t\u0259dbirin n\u00fcfuzunun y\u00fcks\u0259lm\u0259sinin g\u00f6st\u0259ricisi&hellip;","_links":{"self":[{"href":"https:\/\/arantv.az\/index.php?rest_route=\/wp\/v2\/posts\/45446"}],"collection":[{"href":"https:\/\/arantv.az\/index.php?rest_route=\/wp\/v2\/posts"}],"about":[{"href":"https:\/\/arantv.az\/index.php?rest_route=\/wp\/v2\/types\/post"}],"author":[{"embeddable":true,"href":"https:\/\/arantv.az\/index.php?rest_route=\/wp\/v2\/users\/2"}],"replies":[{"embeddable":true,"href":"https:\/\/arantv.az\/index.php?rest_route=%2Fwp%2Fv2%2Fcomments&post=45446"}],"version-history":[{"count":0,"href":"https:\/\/arantv.az\/index.php?rest_route=\/wp\/v2\/posts\/45446\/revisions"}],"wp:featuredmedia":[{"embeddable":true,"href":"https:\/\/arantv.az\/index.php?rest_route=\/wp\/v2\/media\/45448"}],"wp:attachment":[{"href":"https:\/\/arantv.az\/index.php?rest_route=%2Fwp%2Fv2%2Fmedia&parent=45446"}],"wp:term":[{"taxonomy":"category","embeddable":true,"href":"https:\/\/arantv.az\/index.php?rest_route=%2Fwp%2Fv2%2Fcategories&post=45446"},{"taxonomy":"post_tag","embeddable":true,"href":"https:\/\/arantv.az\/index.php?rest_route=%2Fwp%2Fv2%2Ftags&post=45446"}],"curies":[{"name":"wp","href":"https:\/\/api.w.org\/{rel}","templated":true}]}}