{"id":45450,"date":"2019-03-14T16:05:02","date_gmt":"2019-03-14T13:05:02","guid":{"rendered":"http:\/\/arantv.az\/?p=45450"},"modified":"2019-03-14T16:05:02","modified_gmt":"2019-03-14T13:05:02","slug":"prezident-ilham-%c9%99liyevin-bosniya-v%c9%99-herseqovinanin-r%c9%99yas%c9%99t-hey%c9%99tinin-uzvu-sefik-caferovic-il%c9%99-gorusu-olub-foto","status":"publish","type":"post","link":"https:\/\/arantv.az\/?p=45450","title":{"rendered":"Prezident \u0130lham \u018fliyevin Bosniya v\u0259 Herseqovinan\u0131n R\u0259yas\u0259t Hey\u0259tinin \u00fczv\u00fc \u015eefik Caferovi\u00e7 il\u0259 g\u00f6r\u00fc\u015f\u00fc olub &#8211; FOTO"},"content":{"rendered":"<p>Mart\u0131n 14-d\u0259 Az\u0259rbaycan Respublikas\u0131n\u0131n Prezidenti \u0130lham \u018fliyevin Bosniya v\u0259 Herseqovinan\u0131n R\u0259yas\u0259t Hey\u0259tinin \u00fczv\u00fc \u015eefik Caferovi\u00e7 il\u0259 g\u00f6r\u00fc\u015f\u00fc olub.<\/p>\n<p><strong>ARANTV.AZ<\/strong> az\u0259rtac-a istinad\u0259n x\u0259b\u0259r verir ki, g\u00f6r\u00fc\u015fd\u0259 VII Qlobal Bak\u0131 Forumunda i\u015ftirak etdiyin\u0259 g\u00f6r\u0259 Bosniya v\u0259 Herseqovinan\u0131n R\u0259yas\u0259t Hey\u0259tinin \u00fczv\u00fc \u015eefik \u00c7eferovi\u00e7\u0259 t\u0259\u015f\u0259kk\u00fcr\u00fcn\u00fc bildir\u0259n Prezident \u0130lham \u018fliyev bu s\u0259f\u0259rin ikit\u0259r\u0259fli \u0259laq\u0259l\u0259rin m\u00fczakir\u0259 edilm\u0259si bax\u0131m\u0131ndan \u00e7ox yax\u015f\u0131 bir f\u00fcrs\u0259t oldu\u011funu dedi. D\u00f6vl\u0259timizin ba\u015f\u00e7\u0131s\u0131 \u00f6lk\u0259l\u0259rimiz aras\u0131nda siyasi \u0259laq\u0259l\u0259rin dinamik inki\u015faf etdiyini vur\u011fulad\u0131.<\/p>\n<p>Foruma d\u0259v\u0259t\u0259 g\u00f6r\u0259 minn\u0259tdarl\u0131\u011f\u0131n\u0131 ifad\u0259 ed\u0259n Bosniya v\u0259 Herseqovinan\u0131n R\u0259yas\u0259t Hey\u0259tinin \u00fczv\u00fc \u015eefik Caferovi\u00e7 dost \u00f6lk\u0259l\u0259rimiz aras\u0131nda siyasi \u0259laq\u0259l\u0259rin y\u00fcks\u0259k s\u0259viyy\u0259d\u0259 oldu\u011funu v\u0259 qar\u015f\u0131l\u0131ql\u0131 maraq \u0259sas\u0131nda inki\u015faf etdirildiyini bildirdi. Az\u0259rbaycan\u0131n Bosniya v\u0259 Herseqovinaya verdiyi d\u0259st\u0259yi v\u0259 ikit\u0259r\u0259fli \u0259m\u0259kda\u015fl\u0131\u011f\u0131, el\u0259c\u0259 d\u0259 Az\u0259rbaycan\u0131n bu \u00f6lk\u0259d\u0259 h\u0259yata ke\u00e7irdiyi humanitar layih\u0259l\u0259ri y\u00fcks\u0259k qiym\u0259tl\u0259ndirdi. Bosniya parlamentinin \u00fczv\u00fc olan zaman Az\u0259rbaycan\u0131n \u0259razi b\u00fct\u00f6vl\u00fcy\u00fcn\u00fcn d\u0259st\u0259kl\u0259nm\u0259si, Xocal\u0131 soyq\u0131r\u0131m\u0131n\u0131n q\u0131nanmas\u0131 il\u0259 \u0259laq\u0259dar s\u0259n\u0259din q\u0259bul olunmas\u0131nda \u015f\u0259xs\u0259n i\u015ftirak etdiyini dey\u0259n R\u0259yas\u0259t Hey\u0259tinin \u00fczv\u00fc Prezident \u0130lham \u018fliyevi Bosniya v\u0259 Herseqovinaya r\u0259smi s\u0259f\u0259r\u0259 d\u0259v\u0259t etdi.<\/p>\n<p>D\u00f6vl\u0259timizin ba\u015f\u00e7\u0131s\u0131 dost \u00f6lk\u0259 olan Bosniya v\u0259 Herseqovinan\u0131n parlamentind\u0259 Xocal\u0131 soyq\u0131r\u0131m\u0131 il\u0259 \u0259laq\u0259dar q\u0259tnam\u0259nin q\u0259bul edilm\u0259sin\u0259 g\u00f6r\u0259 t\u0259\u015f\u0259kk\u00fcr\u00fcn\u00fc bildirdi. H\u0259l\u0259 ke\u00e7\u0259n \u0259srin 70-ci ill\u0259rind\u0259 Bak\u0131 v\u0259 Sarayevonun qarda\u015fla\u015fm\u0131\u015f \u015f\u0259h\u0259rl\u0259r oldu\u011funu dey\u0259n Prezident \u0130lham \u018fliyev \u015f\u0259h\u0259rl\u0259r aras\u0131nda \u0259m\u0259kda\u015fl\u0131\u011f\u0131n, insanlararas\u0131 t\u0259maslar\u0131n v\u0259 m\u0259d\u0259ni-humanitar \u0259laq\u0259l\u0259rin inki\u015faf\u0131n\u0131n vacibliyini qeyd etdi.<\/p>\n<p><img loading=\"lazy\" class=\"alignnone size-full wp-image-45451\" src=\"https:\/\/arantv.az\/wp-content\/uploads\/2019\/03\/738939_000.jpg\" alt=\"\" width=\"250\" height=\"156\" \/><\/p>\n","protected":false},"excerpt":{"rendered":"<p>Mart\u0131n 14-d\u0259 Az\u0259rbaycan Respublikas\u0131n\u0131n Prezidenti \u0130lham \u018fliyevin Bosniya v\u0259 Herseqovinan\u0131n R\u0259yas\u0259t Hey\u0259tinin \u00fczv\u00fc \u015eefik Caferovi\u00e7 il\u0259 g\u00f6r\u00fc\u015f\u00fc olub. ARANTV.AZ az\u0259rtac-a istinad\u0259n x\u0259b\u0259r verir ki, g\u00f6r\u00fc\u015fd\u0259 VII Qlobal Bak\u0131 Forumunda i\u015ftirak etdiyin\u0259 g\u00f6r\u0259 Bosniya v\u0259 Herseqovinan\u0131n R\u0259yas\u0259t Hey\u0259tinin \u00fczv\u00fc \u015eefik \u00c7eferovi\u00e7\u0259 t\u0259\u015f\u0259kk\u00fcr\u00fcn\u00fc bildir\u0259n Prezident \u0130lham \u018fliyev bu s\u0259f\u0259rin ikit\u0259r\u0259fli \u0259laq\u0259l\u0259rin m\u00fczakir\u0259 edilm\u0259si bax\u0131m\u0131ndan \u00e7ox yax\u015f\u0131 bir f\u00fcrs\u0259t oldu\u011funu dedi. D\u00f6vl\u0259timizin ba\u015f\u00e7\u0131s\u0131 \u00f6lk\u0259l\u0259rimiz aras\u0131nda siyasi \u0259laq\u0259l\u0259rin dinamik inki\u015faf etdiyini vur\u011fulad\u0131. Foruma d\u0259v\u0259t\u0259 g\u00f6r\u0259 minn\u0259tdarl\u0131\u011f\u0131n\u0131 ifad\u0259 ed\u0259n Bosniya v\u0259 Herseqovinan\u0131n R\u0259yas\u0259t Hey\u0259tinin \u00fczv\u00fc \u015eefik Caferovi\u00e7 dost \u00f6lk\u0259l\u0259rimiz aras\u0131nda siyasi \u0259laq\u0259l\u0259rin y\u00fcks\u0259k s\u0259viyy\u0259d\u0259 oldu\u011funu&hellip;<\/p>\n","protected":false},"author":2,"featured_media":45452,"comment_status":"closed","ping_status":"closed","sticky":false,"template":"","format":"standard","meta":{"om_disable_all_campaigns":false,"_monsterinsights_skip_tracking":false,"_monsterinsights_sitenote_active":false,"_monsterinsights_sitenote_note":"","_monsterinsights_sitenote_category":0},"categories":[4],"tags":[],"aioseo_notices":[],"gutentor_comment":0,"rttpg_featured_image_url":{"full":["https:\/\/arantv.az\/wp-content\/uploads\/2019\/03\/738939.jpg",800,600,false],"landscape":["https:\/\/arantv.az\/wp-content\/uploads\/2019\/03\/738939.jpg",800,600,false],"portraits":["https:\/\/arantv.az\/wp-content\/uploads\/2019\/03\/738939.jpg",800,600,false],"thumbnail":["https:\/\/arantv.az\/wp-content\/uploads\/2019\/03\/738939-150x150.jpg",150,150,true],"medium":["https:\/\/arantv.az\/wp-content\/uploads\/2019\/03\/738939-300x225.jpg",300,225,true],"large":["https:\/\/arantv.az\/wp-content\/uploads\/2019\/03\/738939.jpg",640,480,false],"1536x1536":["https:\/\/arantv.az\/wp-content\/uploads\/2019\/03\/738939.jpg",800,600,false],"2048x2048":["https:\/\/arantv.az\/wp-content\/uploads\/2019\/03\/738939.jpg",800,600,false],"post-thumbnail":["https:\/\/arantv.az\/wp-content\/uploads\/2019\/03\/738939-240x172.jpg",240,172,true],"advps-thumb-one":["https:\/\/arantv.az\/wp-content\/uploads\/2019\/03\/738939.jpg",800,600,false]},"rttpg_author":{"display_name":"V\u00fcsal Rafiqo\u011flu","author_link":"https:\/\/arantv.az\/?author=2"},"rttpg_comment":0,"rttpg_category":"<a href=\"https:\/\/arantv.az\/?cat=4\" rel=\"category\">Siyas\u0259t<\/a>","rttpg_excerpt":"Mart\u0131n 14-d\u0259 Az\u0259rbaycan Respublikas\u0131n\u0131n Prezidenti \u0130lham \u018fliyevin Bosniya v\u0259 Herseqovinan\u0131n R\u0259yas\u0259t Hey\u0259tinin \u00fczv\u00fc \u015eefik Caferovi\u00e7 il\u0259 g\u00f6r\u00fc\u015f\u00fc olub. ARANTV.AZ az\u0259rtac-a istinad\u0259n x\u0259b\u0259r verir ki, g\u00f6r\u00fc\u015fd\u0259 VII Qlobal Bak\u0131 Forumunda i\u015ftirak etdiyin\u0259 g\u00f6r\u0259 Bosniya v\u0259 Herseqovinan\u0131n R\u0259yas\u0259t Hey\u0259tinin \u00fczv\u00fc \u015eefik \u00c7eferovi\u00e7\u0259 t\u0259\u015f\u0259kk\u00fcr\u00fcn\u00fc bildir\u0259n Prezident \u0130lham \u018fliyev bu s\u0259f\u0259rin ikit\u0259r\u0259fli \u0259laq\u0259l\u0259rin m\u00fczakir\u0259 edilm\u0259si bax\u0131m\u0131ndan \u00e7ox yax\u015f\u0131 bir&hellip;","_links":{"self":[{"href":"https:\/\/arantv.az\/index.php?rest_route=\/wp\/v2\/posts\/45450"}],"collection":[{"href":"https:\/\/arantv.az\/index.php?rest_route=\/wp\/v2\/posts"}],"about":[{"href":"https:\/\/arantv.az\/index.php?rest_route=\/wp\/v2\/types\/post"}],"author":[{"embeddable":true,"href":"https:\/\/arantv.az\/index.php?rest_route=\/wp\/v2\/users\/2"}],"replies":[{"embeddable":true,"href":"https:\/\/arantv.az\/index.php?rest_route=%2Fwp%2Fv2%2Fcomments&post=45450"}],"version-history":[{"count":0,"href":"https:\/\/arantv.az\/index.php?rest_route=\/wp\/v2\/posts\/45450\/revisions"}],"wp:featuredmedia":[{"embeddable":true,"href":"https:\/\/arantv.az\/index.php?rest_route=\/wp\/v2\/media\/45452"}],"wp:attachment":[{"href":"https:\/\/arantv.az\/index.php?rest_route=%2Fwp%2Fv2%2Fmedia&parent=45450"}],"wp:term":[{"taxonomy":"category","embeddable":true,"href":"https:\/\/arantv.az\/index.php?rest_route=%2Fwp%2Fv2%2Fcategories&post=45450"},{"taxonomy":"post_tag","embeddable":true,"href":"https:\/\/arantv.az\/index.php?rest_route=%2Fwp%2Fv2%2Ftags&post=45450"}],"curies":[{"name":"wp","href":"https:\/\/api.w.org\/{rel}","templated":true}]}}