{"id":45454,"date":"2019-03-14T16:06:02","date_gmt":"2019-03-14T13:06:02","guid":{"rendered":"http:\/\/arantv.az\/?p=45454"},"modified":"2019-03-14T16:06:02","modified_gmt":"2019-03-14T13:06:02","slug":"prezident-ilham-%c9%99liyev-moldova-prezidenti-iqor-dodon-il%c9%99-gorusub","status":"publish","type":"post","link":"https:\/\/arantv.az\/?p=45454","title":{"rendered":"Prezident \u0130lham \u018fliyev Moldova Prezidenti \u0130qor Dodon il\u0259 g\u00f6r\u00fc\u015f\u00fcb"},"content":{"rendered":"<p>Az\u0259rbaycan Respublikas\u0131n\u0131n Prezidenti \u0130lham \u018fliyev mart\u0131n 14-d\u0259 Moldova Prezidenti \u0130qor Dodon il\u0259 g\u00f6r\u00fc\u015f\u00fcb.<\/p>\n<p><strong>ARANTV.AZ<\/strong> az\u0259rtac-a istinad\u0259n x\u0259b\u0259r verir ki, Prezident \u0130lham \u018fliyev VII Bak\u0131 Qlobal Forumunda i\u015ftirak etdiyin\u0259 g\u00f6r\u0259 Moldova Prezidenti \u0130qor Dodona t\u0259\u015f\u0259kk\u00fcr\u00fcn\u00fc bildirdi. D\u00f6vl\u0259timizin ba\u015f\u00e7\u0131s\u0131 dedi ki, VII Qlobal Bak\u0131 Forumu beyn\u0259lxalq v\u0259 regional m\u0259s\u0259l\u0259l\u0259rin m\u00fczakir\u0259si bax\u0131m\u0131ndan \u00e7ox m\u00fch\u00fcm v\u0259 \u00f6n\u0259mli bir platformad\u0131r. Eyni zamanda, bu Forum biz\u0259 ikit\u0259r\u0259fli \u0259laq\u0259l\u0259rimizin inki\u015faf perspektivl\u0259rini m\u00fczakir\u0259 etm\u0259k \u00fc\u00e7\u00fcn imkan yarad\u0131r. Prezident \u0130lham \u018fliyev Moldova Prezidentini se\u00e7kil\u0259rd\u0259 \u0259ld\u0259 etdiyi q\u0259l\u0259b\u0259 m\u00fcnasib\u0259til\u0259 t\u0259brik etdi.<\/p>\n<p>Moldova Prezidenti \u0130qor Dodon VII Qlobal Bak\u0131 Forumunun y\u00fcks\u0259k s\u0259viyy\u0259d\u0259 t\u0259\u015fkilin\u0259 g\u00f6r\u0259 Az\u0259rbaycan Prezidentin\u0259 t\u0259\u015f\u0259kk\u00fcr etdi. Bildirdi ki, bu Forum beyn\u0259lxalq v\u0259 regional m\u0259s\u0259l\u0259l\u0259rin m\u00fczakir\u0259si bax\u0131m\u0131ndan vacib platformad\u0131r.<\/p>\n<p>G\u00f6r\u00fc\u015fd\u0259 m\u00fcxt\u0259lif sah\u0259l\u0259r \u00fczr\u0259 ikit\u0259r\u0259fli \u0259laq\u0259l\u0259rin inki\u015faf\u0131na dair \u0259trafl\u0131 fikir m\u00fcbadil\u0259si apar\u0131ld\u0131. H\u0259m\u00e7inin h\u00f6kum\u0259tl\u0259raras\u0131 m\u00fc\u015ft\u0259r\u0259k komissiyan\u0131n \u00f6lk\u0259l\u0259rimiz aras\u0131nda iqtisadi, ticar\u0259t \u0259laq\u0259l\u0259rinin inki\u015faf\u0131 bax\u0131m\u0131ndan vacib \u0259h\u0259miyy\u0259ti vur\u011fuland\u0131. \u00d6lk\u0259l\u0259rimizin beyn\u0259lxalq t\u0259\u015fkilatlar \u00e7\u0259r\u00e7iv\u0259sind\u0259 u\u011furla \u0259m\u0259kda\u015fl\u0131q etdiyi v\u0259 bir-birin\u0259 d\u0259st\u0259k g\u00f6st\u0259rdiyi qeyd olundu.<\/p>\n","protected":false},"excerpt":{"rendered":"<p>Az\u0259rbaycan Respublikas\u0131n\u0131n Prezidenti \u0130lham \u018fliyev mart\u0131n 14-d\u0259 Moldova Prezidenti \u0130qor Dodon il\u0259 g\u00f6r\u00fc\u015f\u00fcb. ARANTV.AZ az\u0259rtac-a istinad\u0259n x\u0259b\u0259r verir ki, Prezident \u0130lham \u018fliyev VII Bak\u0131 Qlobal Forumunda i\u015ftirak etdiyin\u0259 g\u00f6r\u0259 Moldova Prezidenti \u0130qor Dodona t\u0259\u015f\u0259kk\u00fcr\u00fcn\u00fc bildirdi. D\u00f6vl\u0259timizin ba\u015f\u00e7\u0131s\u0131 dedi ki, VII Qlobal Bak\u0131 Forumu beyn\u0259lxalq v\u0259 regional m\u0259s\u0259l\u0259l\u0259rin m\u00fczakir\u0259si bax\u0131m\u0131ndan \u00e7ox m\u00fch\u00fcm v\u0259 \u00f6n\u0259mli bir platformad\u0131r. Eyni zamanda, bu Forum biz\u0259 ikit\u0259r\u0259fli \u0259laq\u0259l\u0259rimizin inki\u015faf perspektivl\u0259rini m\u00fczakir\u0259 etm\u0259k \u00fc\u00e7\u00fcn imkan yarad\u0131r. Prezident \u0130lham \u018fliyev Moldova Prezidentini se\u00e7kil\u0259rd\u0259 \u0259ld\u0259 etdiyi q\u0259l\u0259b\u0259 m\u00fcnasib\u0259til\u0259 t\u0259brik etdi. Moldova Prezidenti \u0130qor Dodon VII Qlobal Bak\u0131 Forumunun y\u00fcks\u0259k&hellip;<\/p>\n","protected":false},"author":2,"featured_media":45455,"comment_status":"closed","ping_status":"closed","sticky":false,"template":"","format":"standard","meta":{"om_disable_all_campaigns":false,"_monsterinsights_skip_tracking":false,"_monsterinsights_sitenote_active":false,"_monsterinsights_sitenote_note":"","_monsterinsights_sitenote_category":0},"categories":[4],"tags":[],"aioseo_notices":[],"gutentor_comment":0,"rttpg_featured_image_url":{"full":["https:\/\/arantv.az\/wp-content\/uploads\/2019\/03\/738954.jpg",800,600,false],"landscape":["https:\/\/arantv.az\/wp-content\/uploads\/2019\/03\/738954.jpg",800,600,false],"portraits":["https:\/\/arantv.az\/wp-content\/uploads\/2019\/03\/738954.jpg",800,600,false],"thumbnail":["https:\/\/arantv.az\/wp-content\/uploads\/2019\/03\/738954-150x150.jpg",150,150,true],"medium":["https:\/\/arantv.az\/wp-content\/uploads\/2019\/03\/738954-300x225.jpg",300,225,true],"large":["https:\/\/arantv.az\/wp-content\/uploads\/2019\/03\/738954.jpg",640,480,false],"1536x1536":["https:\/\/arantv.az\/wp-content\/uploads\/2019\/03\/738954.jpg",800,600,false],"2048x2048":["https:\/\/arantv.az\/wp-content\/uploads\/2019\/03\/738954.jpg",800,600,false],"post-thumbnail":["https:\/\/arantv.az\/wp-content\/uploads\/2019\/03\/738954-240x172.jpg",240,172,true],"advps-thumb-one":["https:\/\/arantv.az\/wp-content\/uploads\/2019\/03\/738954.jpg",800,600,false]},"rttpg_author":{"display_name":"V\u00fcsal Rafiqo\u011flu","author_link":"https:\/\/arantv.az\/?author=2"},"rttpg_comment":0,"rttpg_category":"<a href=\"https:\/\/arantv.az\/?cat=4\" rel=\"category\">Siyas\u0259t<\/a>","rttpg_excerpt":"Az\u0259rbaycan Respublikas\u0131n\u0131n Prezidenti \u0130lham \u018fliyev mart\u0131n 14-d\u0259 Moldova Prezidenti \u0130qor Dodon il\u0259 g\u00f6r\u00fc\u015f\u00fcb. ARANTV.AZ az\u0259rtac-a istinad\u0259n x\u0259b\u0259r verir ki, Prezident \u0130lham \u018fliyev VII Bak\u0131 Qlobal Forumunda i\u015ftirak etdiyin\u0259 g\u00f6r\u0259 Moldova Prezidenti \u0130qor Dodona t\u0259\u015f\u0259kk\u00fcr\u00fcn\u00fc bildirdi. D\u00f6vl\u0259timizin ba\u015f\u00e7\u0131s\u0131 dedi ki, VII Qlobal Bak\u0131 Forumu beyn\u0259lxalq v\u0259 regional m\u0259s\u0259l\u0259l\u0259rin m\u00fczakir\u0259si bax\u0131m\u0131ndan \u00e7ox m\u00fch\u00fcm v\u0259 \u00f6n\u0259mli bir platformad\u0131r.&hellip;","_links":{"self":[{"href":"https:\/\/arantv.az\/index.php?rest_route=\/wp\/v2\/posts\/45454"}],"collection":[{"href":"https:\/\/arantv.az\/index.php?rest_route=\/wp\/v2\/posts"}],"about":[{"href":"https:\/\/arantv.az\/index.php?rest_route=\/wp\/v2\/types\/post"}],"author":[{"embeddable":true,"href":"https:\/\/arantv.az\/index.php?rest_route=\/wp\/v2\/users\/2"}],"replies":[{"embeddable":true,"href":"https:\/\/arantv.az\/index.php?rest_route=%2Fwp%2Fv2%2Fcomments&post=45454"}],"version-history":[{"count":0,"href":"https:\/\/arantv.az\/index.php?rest_route=\/wp\/v2\/posts\/45454\/revisions"}],"wp:featuredmedia":[{"embeddable":true,"href":"https:\/\/arantv.az\/index.php?rest_route=\/wp\/v2\/media\/45455"}],"wp:attachment":[{"href":"https:\/\/arantv.az\/index.php?rest_route=%2Fwp%2Fv2%2Fmedia&parent=45454"}],"wp:term":[{"taxonomy":"category","embeddable":true,"href":"https:\/\/arantv.az\/index.php?rest_route=%2Fwp%2Fv2%2Fcategories&post=45454"},{"taxonomy":"post_tag","embeddable":true,"href":"https:\/\/arantv.az\/index.php?rest_route=%2Fwp%2Fv2%2Ftags&post=45454"}],"curies":[{"name":"wp","href":"https:\/\/api.w.org\/{rel}","templated":true}]}}