{"id":45460,"date":"2019-03-14T16:07:57","date_gmt":"2019-03-14T13:07:57","guid":{"rendered":"http:\/\/arantv.az\/?p=45460"},"modified":"2019-03-14T16:07:57","modified_gmt":"2019-03-14T13:07:57","slug":"bas-nazir-az%c9%99rbaycanla-bolqaristan-arasinda-s%c9%99m%c9%99r%c9%99li-%c9%99m%c9%99kdasliq-movcuddur","status":"publish","type":"post","link":"https:\/\/arantv.az\/?p=45460","title":{"rendered":"Ba\u015f nazir: &#8220;Az\u0259rbaycanla Bolqar\u0131stan aras\u0131nda s\u0259m\u0259r\u0259li \u0259m\u0259kda\u015fl\u0131q m\u00f6vcuddur&#8221;"},"content":{"rendered":"<p><strong>Az\u0259rbaycanla Bolqar\u0131stan aras\u0131nda s\u0259m\u0259r\u0259li \u0259m\u0259kda\u015fl\u0131q m\u00f6vcuddur.<\/strong><\/p>\n<p><strong>ARANTV.AZ<\/strong> trend-\u0259 istinad\u0259n bildirir ki,\u00a0bunu jurnalistl\u0259r\u0259 a\u00e7\u0131qlamas\u0131nda Bolqar\u0131stan\u0131n ba\u015f naziri\u00a0<strong>Boyko Borisov<\/strong>\u00a0deyib.<\/p>\n<p>B.Borisov qeyd edib ki, Az\u0259rbaycanla Bolqar\u0131stan bir \u00e7ox sah\u0259l\u0259rd\u0259. o c\u00fcml\u0259d\u0259n turizm, m\u0259d\u0259niyy\u0259t v\u0259 dig\u0259r sah\u0259l\u0259rd\u0259 s\u0259m\u0259r\u0259li \u0259m\u0259kda\u015fl\u0131q edir:<\/p>\n<p>&#8220;D\u00fc\u015f\u00fcn\u00fcr\u0259m ki, bu \u0259m\u0259kda\u015fl\u0131q daha da inki\u015faf etdiril\u0259c\u0259k. Bak\u0131 Qlobal Forumu \u00f6lk\u0259l\u0259r aras\u0131nda \u0259m\u0259kda\u015fl\u0131\u011f\u0131n inki\u015faf\u0131na m\u00fch\u00fcm t\u00f6hf\u0259 verir&#8221;.<\/p>\n<p>Qeyd ed\u0259k ki, mart\u0131n 14-d\u0259 VII Qlobal Bak\u0131 Forumu \u00f6z i\u015fin\u0259 ba\u015flay\u0131b. Mart\u0131n 16-na q\u0259d\u0259r davam ed\u0259c\u0259k forum Nizami G\u0259nc\u0259vi Beyn\u0259lxalq M\u0259rk\u0259zinin t\u0259\u015fkilat\u00e7\u0131l\u0131\u011f\u0131 il\u0259 ke\u00e7irilir.<\/p>\n<p>M\u00f6vzusu &#8220;D\u00fcnyan\u0131n yeni xarici siyas\u0259ti&#8221; olan VII Qlobal Bak\u0131 Forumunda d\u00fcnyan\u0131n 50-d\u0259n \u00e7ox \u00f6lk\u0259sind\u0259n 500-d\u0259n art\u0131q n\u00fcmay\u0259nd\u0259, o c\u00fcml\u0259d\u0259n bir s\u0131ra \u00f6lk\u0259l\u0259rin haz\u0131rk\u0131 d\u00f6vl\u0259t v\u0259 h\u00f6kum\u0259t ba\u015f\u00e7\u0131lar\u0131, n\u00fcfuzlu siyasi, ictimai xadiml\u0259r i\u015ftirak edirl\u0259r.<\/p>\n<p>Forumda d\u00fcnyan\u0131 narahat ed\u0259n qlobal siyasi v\u0259 iqtisadi probleml\u0259r, m\u00fcasir beyn\u0259lxalq m\u00fcnasib\u0259tl\u0259rin m\u00fcxt\u0259lif aspektl\u0259ri il\u0259 ba\u011fl\u0131 m\u00fczakir\u0259l\u0259r apar\u0131l\u0131r.<\/p>\n","protected":false},"excerpt":{"rendered":"<p>Az\u0259rbaycanla Bolqar\u0131stan aras\u0131nda s\u0259m\u0259r\u0259li \u0259m\u0259kda\u015fl\u0131q m\u00f6vcuddur. ARANTV.AZ trend-\u0259 istinad\u0259n bildirir ki,\u00a0bunu jurnalistl\u0259r\u0259 a\u00e7\u0131qlamas\u0131nda Bolqar\u0131stan\u0131n ba\u015f naziri\u00a0Boyko Borisov\u00a0deyib. B.Borisov qeyd edib ki, Az\u0259rbaycanla Bolqar\u0131stan bir \u00e7ox sah\u0259l\u0259rd\u0259. o c\u00fcml\u0259d\u0259n turizm, m\u0259d\u0259niyy\u0259t v\u0259 dig\u0259r sah\u0259l\u0259rd\u0259 s\u0259m\u0259r\u0259li \u0259m\u0259kda\u015fl\u0131q edir: &#8220;D\u00fc\u015f\u00fcn\u00fcr\u0259m ki, bu \u0259m\u0259kda\u015fl\u0131q daha da inki\u015faf etdiril\u0259c\u0259k. Bak\u0131 Qlobal Forumu \u00f6lk\u0259l\u0259r aras\u0131nda \u0259m\u0259kda\u015fl\u0131\u011f\u0131n inki\u015faf\u0131na m\u00fch\u00fcm t\u00f6hf\u0259 verir&#8221;. Qeyd ed\u0259k ki, mart\u0131n 14-d\u0259 VII Qlobal Bak\u0131 Forumu \u00f6z i\u015fin\u0259 ba\u015flay\u0131b. Mart\u0131n 16-na q\u0259d\u0259r davam ed\u0259c\u0259k forum Nizami G\u0259nc\u0259vi Beyn\u0259lxalq M\u0259rk\u0259zinin t\u0259\u015fkilat\u00e7\u0131l\u0131\u011f\u0131 il\u0259 ke\u00e7irilir. M\u00f6vzusu &#8220;D\u00fcnyan\u0131n yeni xarici siyas\u0259ti&#8221; olan VII Qlobal Bak\u0131 Forumunda d\u00fcnyan\u0131n&hellip;<\/p>\n","protected":false},"author":2,"featured_media":45461,"comment_status":"closed","ping_status":"closed","sticky":false,"template":"","format":"standard","meta":{"om_disable_all_campaigns":false,"_monsterinsights_skip_tracking":false,"_monsterinsights_sitenote_active":false,"_monsterinsights_sitenote_note":"","_monsterinsights_sitenote_category":0},"categories":[4],"tags":[],"aioseo_notices":[],"gutentor_comment":0,"rttpg_featured_image_url":{"full":["https:\/\/arantv.az\/wp-content\/uploads\/2019\/03\/738959.jpg",800,600,false],"landscape":["https:\/\/arantv.az\/wp-content\/uploads\/2019\/03\/738959.jpg",800,600,false],"portraits":["https:\/\/arantv.az\/wp-content\/uploads\/2019\/03\/738959.jpg",800,600,false],"thumbnail":["https:\/\/arantv.az\/wp-content\/uploads\/2019\/03\/738959-150x150.jpg",150,150,true],"medium":["https:\/\/arantv.az\/wp-content\/uploads\/2019\/03\/738959-300x225.jpg",300,225,true],"large":["https:\/\/arantv.az\/wp-content\/uploads\/2019\/03\/738959.jpg",640,480,false],"1536x1536":["https:\/\/arantv.az\/wp-content\/uploads\/2019\/03\/738959.jpg",800,600,false],"2048x2048":["https:\/\/arantv.az\/wp-content\/uploads\/2019\/03\/738959.jpg",800,600,false],"post-thumbnail":["https:\/\/arantv.az\/wp-content\/uploads\/2019\/03\/738959-240x172.jpg",240,172,true],"advps-thumb-one":["https:\/\/arantv.az\/wp-content\/uploads\/2019\/03\/738959.jpg",800,600,false]},"rttpg_author":{"display_name":"V\u00fcsal Rafiqo\u011flu","author_link":"https:\/\/arantv.az\/?author=2"},"rttpg_comment":0,"rttpg_category":"<a href=\"https:\/\/arantv.az\/?cat=4\" rel=\"category\">Siyas\u0259t<\/a>","rttpg_excerpt":"Az\u0259rbaycanla Bolqar\u0131stan aras\u0131nda s\u0259m\u0259r\u0259li \u0259m\u0259kda\u015fl\u0131q m\u00f6vcuddur. ARANTV.AZ trend-\u0259 istinad\u0259n bildirir ki,\u00a0bunu jurnalistl\u0259r\u0259 a\u00e7\u0131qlamas\u0131nda Bolqar\u0131stan\u0131n ba\u015f naziri\u00a0Boyko Borisov\u00a0deyib. B.Borisov qeyd edib ki, Az\u0259rbaycanla Bolqar\u0131stan bir \u00e7ox sah\u0259l\u0259rd\u0259. o c\u00fcml\u0259d\u0259n turizm, m\u0259d\u0259niyy\u0259t v\u0259 dig\u0259r sah\u0259l\u0259rd\u0259 s\u0259m\u0259r\u0259li \u0259m\u0259kda\u015fl\u0131q edir: &#8220;D\u00fc\u015f\u00fcn\u00fcr\u0259m ki, bu \u0259m\u0259kda\u015fl\u0131q daha da inki\u015faf etdiril\u0259c\u0259k. Bak\u0131 Qlobal Forumu \u00f6lk\u0259l\u0259r aras\u0131nda \u0259m\u0259kda\u015fl\u0131\u011f\u0131n inki\u015faf\u0131na m\u00fch\u00fcm t\u00f6hf\u0259 verir&#8221;. Qeyd&hellip;","_links":{"self":[{"href":"https:\/\/arantv.az\/index.php?rest_route=\/wp\/v2\/posts\/45460"}],"collection":[{"href":"https:\/\/arantv.az\/index.php?rest_route=\/wp\/v2\/posts"}],"about":[{"href":"https:\/\/arantv.az\/index.php?rest_route=\/wp\/v2\/types\/post"}],"author":[{"embeddable":true,"href":"https:\/\/arantv.az\/index.php?rest_route=\/wp\/v2\/users\/2"}],"replies":[{"embeddable":true,"href":"https:\/\/arantv.az\/index.php?rest_route=%2Fwp%2Fv2%2Fcomments&post=45460"}],"version-history":[{"count":0,"href":"https:\/\/arantv.az\/index.php?rest_route=\/wp\/v2\/posts\/45460\/revisions"}],"wp:featuredmedia":[{"embeddable":true,"href":"https:\/\/arantv.az\/index.php?rest_route=\/wp\/v2\/media\/45461"}],"wp:attachment":[{"href":"https:\/\/arantv.az\/index.php?rest_route=%2Fwp%2Fv2%2Fmedia&parent=45460"}],"wp:term":[{"taxonomy":"category","embeddable":true,"href":"https:\/\/arantv.az\/index.php?rest_route=%2Fwp%2Fv2%2Fcategories&post=45460"},{"taxonomy":"post_tag","embeddable":true,"href":"https:\/\/arantv.az\/index.php?rest_route=%2Fwp%2Fv2%2Ftags&post=45460"}],"curies":[{"name":"wp","href":"https:\/\/api.w.org\/{rel}","templated":true}]}}