{"id":45463,"date":"2019-03-14T16:08:59","date_gmt":"2019-03-14T13:08:59","guid":{"rendered":"http:\/\/arantv.az\/?p=45463"},"modified":"2019-03-14T16:08:59","modified_gmt":"2019-03-14T13:08:59","slug":"az%c9%99rbaycanla-bolqaristan-birg%c9%99-zirehli-jiletl%c9%99r-istehsal-ed%c9%99-bil%c9%99r","status":"publish","type":"post","link":"https:\/\/arantv.az\/?p=45463","title":{"rendered":"Az\u0259rbaycanla Bolqar\u0131stan birg\u0259 zirehli jiletl\u0259r istehsal ed\u0259 bil\u0259r"},"content":{"rendered":"<p><strong>Az\u0259rbaycanla Bolqar\u0131stan birg\u0259 zirehli jiletl\u0259r istehsal ed\u0259 bil\u0259r.<\/strong><\/p>\n<p><strong>ARANTV.AZ<\/strong> trend-\u0259 istinad\u0259n bildirir ki, bunu Bolqar\u0131stan\u0131n ba\u015f naziri Boyko Borisov jurnalistl\u0259r\u0259 a\u00e7\u0131qlamas\u0131nda deyib.<\/p>\n<p>Ba\u015f nazir bildirib ki, haz\u0131rda zirehli jiletl\u0259rin istehsal\u0131 il\u0259 ba\u011fl\u0131 birg\u0259 m\u00fc\u0259ssis\u0259nin yarad\u0131lmas\u0131 istiqam\u0259tind\u0259 Az\u0259rbaycanla Bolqar\u0131stan \u015firk\u0259tl\u0259ri aras\u0131nda dan\u0131\u015f\u0131qlar apar\u0131l\u0131r.<\/p>\n<p>B.Borisov qeyd edib ki, Az\u0259rbaycanla Bolqar\u0131stan bir \u00e7ox sah\u0259l\u0259rd\u0259, o c\u00fcml\u0259d\u0259n turizm, m\u0259d\u0259niyy\u0259t v\u0259 dig\u0259r sah\u0259l\u0259rd\u0259 s\u0259m\u0259r\u0259li \u0259m\u0259kda\u015fl\u0131q edir:<\/p>\n<p>&#8220;D\u00fc\u015f\u00fcn\u00fcr\u0259m ki, bu \u0259m\u0259kda\u015fl\u0131q daha da inki\u015faf etdiril\u0259c\u0259k. Qlobal Bak\u0131 Forumu \u00f6lk\u0259l\u0259r aras\u0131nda \u0259m\u0259kda\u015fl\u0131\u011f\u0131n inki\u015faf\u0131na m\u00fch\u00fcm t\u00f6hf\u0259 verir&#8221;.<\/p>\n","protected":false},"excerpt":{"rendered":"<p>Az\u0259rbaycanla Bolqar\u0131stan birg\u0259 zirehli jiletl\u0259r istehsal ed\u0259 bil\u0259r. ARANTV.AZ trend-\u0259 istinad\u0259n bildirir ki, bunu Bolqar\u0131stan\u0131n ba\u015f naziri Boyko Borisov jurnalistl\u0259r\u0259 a\u00e7\u0131qlamas\u0131nda deyib. Ba\u015f nazir bildirib ki, haz\u0131rda zirehli jiletl\u0259rin istehsal\u0131 il\u0259 ba\u011fl\u0131 birg\u0259 m\u00fc\u0259ssis\u0259nin yarad\u0131lmas\u0131 istiqam\u0259tind\u0259 Az\u0259rbaycanla Bolqar\u0131stan \u015firk\u0259tl\u0259ri aras\u0131nda dan\u0131\u015f\u0131qlar apar\u0131l\u0131r. B.Borisov qeyd edib ki, Az\u0259rbaycanla Bolqar\u0131stan bir \u00e7ox sah\u0259l\u0259rd\u0259, o c\u00fcml\u0259d\u0259n turizm, m\u0259d\u0259niyy\u0259t v\u0259 dig\u0259r sah\u0259l\u0259rd\u0259 s\u0259m\u0259r\u0259li \u0259m\u0259kda\u015fl\u0131q edir: &#8220;D\u00fc\u015f\u00fcn\u00fcr\u0259m ki, bu \u0259m\u0259kda\u015fl\u0131q daha da inki\u015faf etdiril\u0259c\u0259k. Qlobal Bak\u0131 Forumu \u00f6lk\u0259l\u0259r aras\u0131nda \u0259m\u0259kda\u015fl\u0131\u011f\u0131n inki\u015faf\u0131na m\u00fch\u00fcm t\u00f6hf\u0259 verir&#8221;.<\/p>\n","protected":false},"author":2,"featured_media":45464,"comment_status":"closed","ping_status":"closed","sticky":false,"template":"","format":"standard","meta":{"om_disable_all_campaigns":false,"_monsterinsights_skip_tracking":false,"_monsterinsights_sitenote_active":false,"_monsterinsights_sitenote_note":"","_monsterinsights_sitenote_category":0},"categories":[19],"tags":[],"aioseo_notices":[],"gutentor_comment":0,"rttpg_featured_image_url":{"full":["https:\/\/arantv.az\/wp-content\/uploads\/2019\/03\/738961.jpg",800,600,false],"landscape":["https:\/\/arantv.az\/wp-content\/uploads\/2019\/03\/738961.jpg",800,600,false],"portraits":["https:\/\/arantv.az\/wp-content\/uploads\/2019\/03\/738961.jpg",800,600,false],"thumbnail":["https:\/\/arantv.az\/wp-content\/uploads\/2019\/03\/738961-150x150.jpg",150,150,true],"medium":["https:\/\/arantv.az\/wp-content\/uploads\/2019\/03\/738961-300x225.jpg",300,225,true],"large":["https:\/\/arantv.az\/wp-content\/uploads\/2019\/03\/738961.jpg",640,480,false],"1536x1536":["https:\/\/arantv.az\/wp-content\/uploads\/2019\/03\/738961.jpg",800,600,false],"2048x2048":["https:\/\/arantv.az\/wp-content\/uploads\/2019\/03\/738961.jpg",800,600,false],"post-thumbnail":["https:\/\/arantv.az\/wp-content\/uploads\/2019\/03\/738961-240x172.jpg",240,172,true],"advps-thumb-one":["https:\/\/arantv.az\/wp-content\/uploads\/2019\/03\/738961.jpg",800,600,false]},"rttpg_author":{"display_name":"V\u00fcsal Rafiqo\u011flu","author_link":"https:\/\/arantv.az\/?author=2"},"rttpg_comment":0,"rttpg_category":"<a href=\"https:\/\/arantv.az\/?cat=19\" rel=\"category\">G\u00fcnd\u0259m<\/a>","rttpg_excerpt":"Az\u0259rbaycanla Bolqar\u0131stan birg\u0259 zirehli jiletl\u0259r istehsal ed\u0259 bil\u0259r. ARANTV.AZ trend-\u0259 istinad\u0259n bildirir ki, bunu Bolqar\u0131stan\u0131n ba\u015f naziri Boyko Borisov jurnalistl\u0259r\u0259 a\u00e7\u0131qlamas\u0131nda deyib. Ba\u015f nazir bildirib ki, haz\u0131rda zirehli jiletl\u0259rin istehsal\u0131 il\u0259 ba\u011fl\u0131 birg\u0259 m\u00fc\u0259ssis\u0259nin yarad\u0131lmas\u0131 istiqam\u0259tind\u0259 Az\u0259rbaycanla Bolqar\u0131stan \u015firk\u0259tl\u0259ri aras\u0131nda dan\u0131\u015f\u0131qlar apar\u0131l\u0131r. B.Borisov qeyd edib ki, Az\u0259rbaycanla Bolqar\u0131stan bir \u00e7ox sah\u0259l\u0259rd\u0259, o c\u00fcml\u0259d\u0259n turizm, m\u0259d\u0259niyy\u0259t&hellip;","_links":{"self":[{"href":"https:\/\/arantv.az\/index.php?rest_route=\/wp\/v2\/posts\/45463"}],"collection":[{"href":"https:\/\/arantv.az\/index.php?rest_route=\/wp\/v2\/posts"}],"about":[{"href":"https:\/\/arantv.az\/index.php?rest_route=\/wp\/v2\/types\/post"}],"author":[{"embeddable":true,"href":"https:\/\/arantv.az\/index.php?rest_route=\/wp\/v2\/users\/2"}],"replies":[{"embeddable":true,"href":"https:\/\/arantv.az\/index.php?rest_route=%2Fwp%2Fv2%2Fcomments&post=45463"}],"version-history":[{"count":0,"href":"https:\/\/arantv.az\/index.php?rest_route=\/wp\/v2\/posts\/45463\/revisions"}],"wp:featuredmedia":[{"embeddable":true,"href":"https:\/\/arantv.az\/index.php?rest_route=\/wp\/v2\/media\/45464"}],"wp:attachment":[{"href":"https:\/\/arantv.az\/index.php?rest_route=%2Fwp%2Fv2%2Fmedia&parent=45463"}],"wp:term":[{"taxonomy":"category","embeddable":true,"href":"https:\/\/arantv.az\/index.php?rest_route=%2Fwp%2Fv2%2Fcategories&post=45463"},{"taxonomy":"post_tag","embeddable":true,"href":"https:\/\/arantv.az\/index.php?rest_route=%2Fwp%2Fv2%2Ftags&post=45463"}],"curies":[{"name":"wp","href":"https:\/\/api.w.org\/{rel}","templated":true}]}}