{"id":45466,"date":"2019-03-14T16:10:17","date_gmt":"2019-03-14T13:10:17","guid":{"rendered":"http:\/\/arantv.az\/?p=45466"},"modified":"2019-03-14T16:10:17","modified_gmt":"2019-03-14T13:10:17","slug":"az%c9%99rbaycan-v%c9%99-iran-birg%c9%99-avtobus-istehsal-ed%c9%99c%c9%99k","status":"publish","type":"post","link":"https:\/\/arantv.az\/?p=45466","title":{"rendered":"Az\u0259rbaycan v\u0259 \u0130ran birg\u0259 avtobus istehsal ed\u0259c\u0259k"},"content":{"rendered":"<p><strong>&#8220;Az\u0259rbaycan v\u0259 \u0130ran Hac\u0131qabul S\u0259naye M\u0259h\u0259ll\u0259sind\u0259 &#8220;Scania&#8221; avtobuslar\u0131n\u0131n birg\u0259 istehsal\u0131 bar\u0259d\u0259 sazi\u015f imzalayacaqlar&#8221;.<\/strong><\/p>\n<p><strong>ARANTV.AZ<\/strong> trend-\u0259 istinad\u0259n x\u0259b\u0259r verir ki, bunu Az\u0259rbaycan\u0131n iqtisadiyyat naziri \u015eahin Mustafayev deyib.<\/p>\n<p>Nazir xat\u0131rlad\u0131b ki, art\u0131q \u00f6lk\u0259d\u0259 birg\u0259 avtomobil istehsal\u0131 m\u00f6vcud &#8220;Khazar&#8221; zavodunda apar\u0131l\u0131r v\u0259 bu zavodda istehsal edil\u0259n avtomobill\u0259rin b\u00f6y\u00fck hiss\u0259si art\u0131q sat\u0131l\u0131b.<\/p>\n<p>\u0130ki \u00f6lk\u0259 aras\u0131nda ticar\u0259t d\u00f6vriyy\u0259sind\u0259n dan\u0131\u015fan \u015e.Mustafayev \u00f6t\u0259n il bu g\u00f6st\u0259ricinin 74 faiz artd\u0131\u011f\u0131n\u0131 qeyd edib.<\/p>\n","protected":false},"excerpt":{"rendered":"<p>&#8220;Az\u0259rbaycan v\u0259 \u0130ran Hac\u0131qabul S\u0259naye M\u0259h\u0259ll\u0259sind\u0259 &#8220;Scania&#8221; avtobuslar\u0131n\u0131n birg\u0259 istehsal\u0131 bar\u0259d\u0259 sazi\u015f imzalayacaqlar&#8221;. ARANTV.AZ trend-\u0259 istinad\u0259n x\u0259b\u0259r verir ki, bunu Az\u0259rbaycan\u0131n iqtisadiyyat naziri \u015eahin Mustafayev deyib. Nazir xat\u0131rlad\u0131b ki, art\u0131q \u00f6lk\u0259d\u0259 birg\u0259 avtomobil istehsal\u0131 m\u00f6vcud &#8220;Khazar&#8221; zavodunda apar\u0131l\u0131r v\u0259 bu zavodda istehsal edil\u0259n avtomobill\u0259rin b\u00f6y\u00fck hiss\u0259si art\u0131q sat\u0131l\u0131b. \u0130ki \u00f6lk\u0259 aras\u0131nda ticar\u0259t d\u00f6vriyy\u0259sind\u0259n dan\u0131\u015fan \u015e.Mustafayev \u00f6t\u0259n il bu g\u00f6st\u0259ricinin 74 faiz artd\u0131\u011f\u0131n\u0131 qeyd edib.<\/p>\n","protected":false},"author":2,"featured_media":45467,"comment_status":"closed","ping_status":"closed","sticky":false,"template":"","format":"standard","meta":{"om_disable_all_campaigns":false,"_monsterinsights_skip_tracking":false,"_monsterinsights_sitenote_active":false,"_monsterinsights_sitenote_note":"","_monsterinsights_sitenote_category":0},"categories":[19],"tags":[],"aioseo_notices":[],"gutentor_comment":0,"rttpg_featured_image_url":{"full":["https:\/\/arantv.az\/wp-content\/uploads\/2019\/03\/738884.jpg",800,600,false],"landscape":["https:\/\/arantv.az\/wp-content\/uploads\/2019\/03\/738884.jpg",800,600,false],"portraits":["https:\/\/arantv.az\/wp-content\/uploads\/2019\/03\/738884.jpg",800,600,false],"thumbnail":["https:\/\/arantv.az\/wp-content\/uploads\/2019\/03\/738884-150x150.jpg",150,150,true],"medium":["https:\/\/arantv.az\/wp-content\/uploads\/2019\/03\/738884-300x225.jpg",300,225,true],"large":["https:\/\/arantv.az\/wp-content\/uploads\/2019\/03\/738884.jpg",640,480,false],"1536x1536":["https:\/\/arantv.az\/wp-content\/uploads\/2019\/03\/738884.jpg",800,600,false],"2048x2048":["https:\/\/arantv.az\/wp-content\/uploads\/2019\/03\/738884.jpg",800,600,false],"post-thumbnail":["https:\/\/arantv.az\/wp-content\/uploads\/2019\/03\/738884-240x172.jpg",240,172,true],"advps-thumb-one":["https:\/\/arantv.az\/wp-content\/uploads\/2019\/03\/738884.jpg",800,600,false]},"rttpg_author":{"display_name":"V\u00fcsal Rafiqo\u011flu","author_link":"https:\/\/arantv.az\/?author=2"},"rttpg_comment":0,"rttpg_category":"<a href=\"https:\/\/arantv.az\/?cat=19\" rel=\"category\">G\u00fcnd\u0259m<\/a>","rttpg_excerpt":"&#8220;Az\u0259rbaycan v\u0259 \u0130ran Hac\u0131qabul S\u0259naye M\u0259h\u0259ll\u0259sind\u0259 &#8220;Scania&#8221; avtobuslar\u0131n\u0131n birg\u0259 istehsal\u0131 bar\u0259d\u0259 sazi\u015f imzalayacaqlar&#8221;. ARANTV.AZ trend-\u0259 istinad\u0259n x\u0259b\u0259r verir ki, bunu Az\u0259rbaycan\u0131n iqtisadiyyat naziri \u015eahin Mustafayev deyib. Nazir xat\u0131rlad\u0131b ki, art\u0131q \u00f6lk\u0259d\u0259 birg\u0259 avtomobil istehsal\u0131 m\u00f6vcud &#8220;Khazar&#8221; zavodunda apar\u0131l\u0131r v\u0259 bu zavodda istehsal edil\u0259n avtomobill\u0259rin b\u00f6y\u00fck hiss\u0259si art\u0131q sat\u0131l\u0131b. \u0130ki \u00f6lk\u0259 aras\u0131nda ticar\u0259t d\u00f6vriyy\u0259sind\u0259n dan\u0131\u015fan \u015e.Mustafayev&hellip;","_links":{"self":[{"href":"https:\/\/arantv.az\/index.php?rest_route=\/wp\/v2\/posts\/45466"}],"collection":[{"href":"https:\/\/arantv.az\/index.php?rest_route=\/wp\/v2\/posts"}],"about":[{"href":"https:\/\/arantv.az\/index.php?rest_route=\/wp\/v2\/types\/post"}],"author":[{"embeddable":true,"href":"https:\/\/arantv.az\/index.php?rest_route=\/wp\/v2\/users\/2"}],"replies":[{"embeddable":true,"href":"https:\/\/arantv.az\/index.php?rest_route=%2Fwp%2Fv2%2Fcomments&post=45466"}],"version-history":[{"count":0,"href":"https:\/\/arantv.az\/index.php?rest_route=\/wp\/v2\/posts\/45466\/revisions"}],"wp:featuredmedia":[{"embeddable":true,"href":"https:\/\/arantv.az\/index.php?rest_route=\/wp\/v2\/media\/45467"}],"wp:attachment":[{"href":"https:\/\/arantv.az\/index.php?rest_route=%2Fwp%2Fv2%2Fmedia&parent=45466"}],"wp:term":[{"taxonomy":"category","embeddable":true,"href":"https:\/\/arantv.az\/index.php?rest_route=%2Fwp%2Fv2%2Fcategories&post=45466"},{"taxonomy":"post_tag","embeddable":true,"href":"https:\/\/arantv.az\/index.php?rest_route=%2Fwp%2Fv2%2Ftags&post=45466"}],"curies":[{"name":"wp","href":"https:\/\/api.w.org\/{rel}","templated":true}]}}