{"id":45469,"date":"2019-03-14T16:12:47","date_gmt":"2019-03-14T13:12:47","guid":{"rendered":"http:\/\/arantv.az\/?p=45469"},"modified":"2019-03-14T16:12:47","modified_gmt":"2019-03-14T13:12:47","slug":"deputat-h%c9%99s%c9%99n-n%c9%99biyevin-mandati-%c9%99lind%c9%99n-alindi","status":"publish","type":"post","link":"https:\/\/arantv.az\/?p=45469","title":{"rendered":"Deputat H\u0259s\u0259n N\u0259biyevin mandat\u0131 \u0259lind\u0259n al\u0131nd\u0131"},"content":{"rendered":"<p>Yoxsul pensionerl\u0259ri &#8220;alka\u015f v\u0259 parazitl\u0259r&#8221; adland\u0131ran deputat H\u0259s\u0259n N\u0259biyevin mandat\u0131 \u0259lind\u0259n al\u0131n\u0131b v\u0259 t\u0259msil etdiyi &#8220;Vahid Rusiya&#8221; (Yedinaya Rossiya) partiyas\u0131ndan \u00e7\u0131xar\u0131l\u0131b.<\/p>\n<p><b>ARANTV.AZ\u00a0<\/b>\u00a0BAKU.WS-\u0259 istinad\u0259n x\u0259b\u0259r verir ki, Volqoqraddan olan az\u0259rbaycanl\u0131 deputat bar\u0259d\u0259 veril\u0259n q\u0259rar administrasiyan\u0131n sayt\u0131nda d\u0259rc edilib.<\/p>\n<p>Bildirilir ki, 14 mart 2019-cu ild\u0259n t\u0259cili olaraq Volqoqrad vilay\u0259tinin deputat\u0131 N\u0259biyev H\u0259s\u0259n Bilal o\u011flunun s\u0259lahiyy\u0259tl\u0259ri onun yaz\u0131l\u0131 \u0259riz\u0259si \u0259sas\u0131nda dayand\u0131r\u0131lm\u0131\u015f hesab edilsin.<\/p>\n<p>&#8220;Yedinaya Rossiya&#8221; partiyas\u0131 qalmaqall\u0131 \u00e7\u0131x\u0131\u015f\u0131ndan sonra onun partiya s\u0131ralar\u0131ndan xaric edilm\u0259sil\u0259 ba\u011fl\u0131 q\u0259rar \u00e7\u0131xar\u0131b.<\/p>\n<p>Xat\u0131rladaq ki, H. N\u0259biyev bu qalmaqall\u0131 \u00e7\u0131x\u0131\u015f\u0131n\u0131 mart\u0131n 6-da vilay\u0259t Dumas\u0131n\u0131n i\u015fl\u0259m\u0259y\u0259n pensiya\u00e7\u0131lar\u0131n pensiyalar\u0131n\u0131n hesablanmas\u0131 v\u0259 \u00f6d\u0259nilm\u0259si il\u0259 ba\u011fl\u0131 yeni qaydalar\u0131n m\u00fczakir\u0259y\u0259 \u00e7\u0131xar\u0131ld\u0131\u011f\u0131 iclasda edib. O, \u00e7\u0131x\u0131\u015f\u0131nda bildirib ki, pensiyas\u0131 10 min rubla \u00e7atmayan volqoqradl\u0131lar ona parazitl\u0259ri v\u0259 alka\u015flar\u0131 xat\u0131rlad\u0131r v\u0259 bel\u0259 \u015f\u0259xsl\u0259rin pensiyalar\u0131na \u0259lav\u0259l\u0259rin edilm\u0259si m\u0259qs\u0259d\u0259uy\u011fun deyil.<\/p>\n<p>H\u0259s\u0259n N\u0259biyev uzun m\u00fcdd\u0259t &#8220;Qazprom transqaz Volqoqrad&#8221; MMC \u015firk\u0259tinin r\u0259hb\u0259ri olub. 1954-c\u00fc ild\u0259 Az\u0259rbaycan\u0131n G\u0259d\u0259b\u0259y rayonunun Z\u0259hm\u0259t k\u0259ndind\u0259 anadan olan N\u0259biyev 1976-c\u0131 ild\u0259n indiki &#8220;Volqoqradneftma\u015f&#8221; ASC-d\u0259 i\u015fl\u0259yib. M\u00fch\u0259ndis v\u0259zif\u0259sind\u0259n sex r\u0259isi, daha sonra &#8220;Volqoqradneftma\u015f&#8221; ASC-nin filial\u0131 olan Kotelnikovsk armatur zavodunun direktoru v\u0259zif\u0259sin\u0259 q\u0259d\u0259r y\u00fcks\u0259lib. 2004-2016-c\u0131 ill\u0259rd\u0259 &#8220;Qazprom transqaz Volqoqrad&#8221; MMC-nin ba\u015f direktoru i\u015fl\u0259yib. 2003-c\u00fc ild\u0259n is\u0259 vilay\u0259t Dumas\u0131n\u0131n deputat\u0131d\u0131r.<\/p>\n","protected":false},"excerpt":{"rendered":"<p>Yoxsul pensionerl\u0259ri &#8220;alka\u015f v\u0259 parazitl\u0259r&#8221; adland\u0131ran deputat H\u0259s\u0259n N\u0259biyevin mandat\u0131 \u0259lind\u0259n al\u0131n\u0131b v\u0259 t\u0259msil etdiyi &#8220;Vahid Rusiya&#8221; (Yedinaya Rossiya) partiyas\u0131ndan \u00e7\u0131xar\u0131l\u0131b. ARANTV.AZ\u00a0\u00a0BAKU.WS-\u0259 istinad\u0259n x\u0259b\u0259r verir ki, Volqoqraddan olan az\u0259rbaycanl\u0131 deputat bar\u0259d\u0259 veril\u0259n q\u0259rar administrasiyan\u0131n sayt\u0131nda d\u0259rc edilib. Bildirilir ki, 14 mart 2019-cu ild\u0259n t\u0259cili olaraq Volqoqrad vilay\u0259tinin deputat\u0131 N\u0259biyev H\u0259s\u0259n Bilal o\u011flunun s\u0259lahiyy\u0259tl\u0259ri onun yaz\u0131l\u0131 \u0259riz\u0259si \u0259sas\u0131nda dayand\u0131r\u0131lm\u0131\u015f hesab edilsin. &#8220;Yedinaya Rossiya&#8221; partiyas\u0131 qalmaqall\u0131 \u00e7\u0131x\u0131\u015f\u0131ndan sonra onun partiya s\u0131ralar\u0131ndan xaric edilm\u0259sil\u0259 ba\u011fl\u0131 q\u0259rar \u00e7\u0131xar\u0131b. Xat\u0131rladaq ki, H. N\u0259biyev bu qalmaqall\u0131 \u00e7\u0131x\u0131\u015f\u0131n\u0131 mart\u0131n 6-da vilay\u0259t Dumas\u0131n\u0131n i\u015fl\u0259m\u0259y\u0259n pensiya\u00e7\u0131lar\u0131n pensiyalar\u0131n\u0131n hesablanmas\u0131 v\u0259&hellip;<\/p>\n","protected":false},"author":2,"featured_media":45470,"comment_status":"closed","ping_status":"closed","sticky":false,"template":"","format":"standard","meta":{"om_disable_all_campaigns":false,"_monsterinsights_skip_tracking":false,"_monsterinsights_sitenote_active":false,"_monsterinsights_sitenote_note":"","_monsterinsights_sitenote_category":0},"categories":[1],"tags":[],"aioseo_notices":[],"gutentor_comment":0,"rttpg_featured_image_url":{"full":["https:\/\/arantv.az\/wp-content\/uploads\/2019\/03\/1552560932_276ff2fed278263a580b056594fe2.jpg",550,339,false],"landscape":["https:\/\/arantv.az\/wp-content\/uploads\/2019\/03\/1552560932_276ff2fed278263a580b056594fe2.jpg",550,339,false],"portraits":["https:\/\/arantv.az\/wp-content\/uploads\/2019\/03\/1552560932_276ff2fed278263a580b056594fe2.jpg",550,339,false],"thumbnail":["https:\/\/arantv.az\/wp-content\/uploads\/2019\/03\/1552560932_276ff2fed278263a580b056594fe2-150x150.jpg",150,150,true],"medium":["https:\/\/arantv.az\/wp-content\/uploads\/2019\/03\/1552560932_276ff2fed278263a580b056594fe2-300x185.jpg",300,185,true],"large":["https:\/\/arantv.az\/wp-content\/uploads\/2019\/03\/1552560932_276ff2fed278263a580b056594fe2.jpg",550,339,false],"1536x1536":["https:\/\/arantv.az\/wp-content\/uploads\/2019\/03\/1552560932_276ff2fed278263a580b056594fe2.jpg",550,339,false],"2048x2048":["https:\/\/arantv.az\/wp-content\/uploads\/2019\/03\/1552560932_276ff2fed278263a580b056594fe2.jpg",550,339,false],"post-thumbnail":["https:\/\/arantv.az\/wp-content\/uploads\/2019\/03\/1552560932_276ff2fed278263a580b056594fe2-240x172.jpg",240,172,true],"advps-thumb-one":["https:\/\/arantv.az\/wp-content\/uploads\/2019\/03\/1552560932_276ff2fed278263a580b056594fe2.jpg",550,339,false]},"rttpg_author":{"display_name":"V\u00fcsal Rafiqo\u011flu","author_link":"https:\/\/arantv.az\/?author=2"},"rttpg_comment":0,"rttpg_category":"<a href=\"https:\/\/arantv.az\/?cat=1\" rel=\"category\">C\u0259miyy\u0259t<\/a>","rttpg_excerpt":"Yoxsul pensionerl\u0259ri &#8220;alka\u015f v\u0259 parazitl\u0259r&#8221; adland\u0131ran deputat H\u0259s\u0259n N\u0259biyevin mandat\u0131 \u0259lind\u0259n al\u0131n\u0131b v\u0259 t\u0259msil etdiyi &#8220;Vahid Rusiya&#8221; (Yedinaya Rossiya) partiyas\u0131ndan \u00e7\u0131xar\u0131l\u0131b. ARANTV.AZ\u00a0\u00a0BAKU.WS-\u0259 istinad\u0259n x\u0259b\u0259r verir ki, Volqoqraddan olan az\u0259rbaycanl\u0131 deputat bar\u0259d\u0259 veril\u0259n q\u0259rar administrasiyan\u0131n sayt\u0131nda d\u0259rc edilib. Bildirilir ki, 14 mart 2019-cu ild\u0259n t\u0259cili olaraq Volqoqrad vilay\u0259tinin deputat\u0131 N\u0259biyev H\u0259s\u0259n Bilal o\u011flunun s\u0259lahiyy\u0259tl\u0259ri onun yaz\u0131l\u0131&hellip;","_links":{"self":[{"href":"https:\/\/arantv.az\/index.php?rest_route=\/wp\/v2\/posts\/45469"}],"collection":[{"href":"https:\/\/arantv.az\/index.php?rest_route=\/wp\/v2\/posts"}],"about":[{"href":"https:\/\/arantv.az\/index.php?rest_route=\/wp\/v2\/types\/post"}],"author":[{"embeddable":true,"href":"https:\/\/arantv.az\/index.php?rest_route=\/wp\/v2\/users\/2"}],"replies":[{"embeddable":true,"href":"https:\/\/arantv.az\/index.php?rest_route=%2Fwp%2Fv2%2Fcomments&post=45469"}],"version-history":[{"count":0,"href":"https:\/\/arantv.az\/index.php?rest_route=\/wp\/v2\/posts\/45469\/revisions"}],"wp:featuredmedia":[{"embeddable":true,"href":"https:\/\/arantv.az\/index.php?rest_route=\/wp\/v2\/media\/45470"}],"wp:attachment":[{"href":"https:\/\/arantv.az\/index.php?rest_route=%2Fwp%2Fv2%2Fmedia&parent=45469"}],"wp:term":[{"taxonomy":"category","embeddable":true,"href":"https:\/\/arantv.az\/index.php?rest_route=%2Fwp%2Fv2%2Fcategories&post=45469"},{"taxonomy":"post_tag","embeddable":true,"href":"https:\/\/arantv.az\/index.php?rest_route=%2Fwp%2Fv2%2Ftags&post=45469"}],"curies":[{"name":"wp","href":"https:\/\/api.w.org\/{rel}","templated":true}]}}