{"id":45472,"date":"2019-03-14T16:14:00","date_gmt":"2019-03-14T13:14:00","guid":{"rendered":"http:\/\/arantv.az\/?p=45472"},"modified":"2019-03-14T16:14:00","modified_gmt":"2019-03-14T13:14:00","slug":"mug%c9%99nni-f%c9%99day%c9%99-lacinin-h%c9%99bsd%c9%99n-fotosu-yayildi","status":"publish","type":"post","link":"https:\/\/arantv.az\/?p=45472","title":{"rendered":"M\u00fc\u011f\u0259nni F\u0259day\u0259 La\u00e7\u0131n\u0131n h\u0259bsd\u0259n fotosu yay\u0131ld\u0131"},"content":{"rendered":"<p>H\u0259bsd\u0259 olan m\u00fc\u011f\u0259nni F\u0259day\u0259 La\u00e7\u0131n\u0131n fotosu yay\u0131l\u0131b.<\/p>\n<p>Haz\u0131rda Bak\u0131 Apellyasiya M\u0259hk\u0259m\u0259sind\u0259 cinay\u0259t i\u015fi ara\u015fd\u0131r\u0131lan m\u00fc\u011f\u0259nninin m\u0259hk\u0259m\u0259 zal\u0131nda \u00e7\u0259kilmi\u015f fotosunu ONA \u0259ld\u0259 edib.<\/p>\n<p>Qeyd ed\u0259k ki, F. La\u00e7\u0131n x\u00fcsusi t\u0259yinatl\u0131 vaqondan m\u0259hbuslar\u0131n qa\u00e7mas\u0131nda t\u0259qsirl\u0259ndirilir. Bak\u0131 A\u011f\u0131r Cinay\u0259tl\u0259r M\u0259hk\u0259m\u0259sinin h\u00f6km\u00fc il\u0259 F. La\u00e7\u0131n 5 il m\u00fcdd\u0259tin\u0259 azadl\u0131qdan m\u0259hrum olunub.<\/p>\n<p>H\u00f6kmd\u0259n naraz\u0131 qalan m\u00fc\u011f\u0259nni Bak\u0131 Apellyasiya M\u0259hk\u0259m\u0259sin\u0259 m\u00fcraci\u0259t edib.<\/p>\n<p>Haz\u0131rda F. La\u00e7\u0131n v\u0259 onunla birlikd\u0259 h\u0259bs olunan dig\u0259r \u015f\u0259xsl\u0259rin apellyasiya \u015fikay\u0259tin\u0259 bax\u0131l\u0131r.<\/p>\n","protected":false},"excerpt":{"rendered":"<p>H\u0259bsd\u0259 olan m\u00fc\u011f\u0259nni F\u0259day\u0259 La\u00e7\u0131n\u0131n fotosu yay\u0131l\u0131b. Haz\u0131rda Bak\u0131 Apellyasiya M\u0259hk\u0259m\u0259sind\u0259 cinay\u0259t i\u015fi ara\u015fd\u0131r\u0131lan m\u00fc\u011f\u0259nninin m\u0259hk\u0259m\u0259 zal\u0131nda \u00e7\u0259kilmi\u015f fotosunu ONA \u0259ld\u0259 edib. Qeyd ed\u0259k ki, F. La\u00e7\u0131n x\u00fcsusi t\u0259yinatl\u0131 vaqondan m\u0259hbuslar\u0131n qa\u00e7mas\u0131nda t\u0259qsirl\u0259ndirilir. Bak\u0131 A\u011f\u0131r Cinay\u0259tl\u0259r M\u0259hk\u0259m\u0259sinin h\u00f6km\u00fc il\u0259 F. La\u00e7\u0131n 5 il m\u00fcdd\u0259tin\u0259 azadl\u0131qdan m\u0259hrum olunub. H\u00f6kmd\u0259n naraz\u0131 qalan m\u00fc\u011f\u0259nni Bak\u0131 Apellyasiya M\u0259hk\u0259m\u0259sin\u0259 m\u00fcraci\u0259t edib. Haz\u0131rda F. La\u00e7\u0131n v\u0259 onunla birlikd\u0259 h\u0259bs olunan dig\u0259r \u015f\u0259xsl\u0259rin apellyasiya \u015fikay\u0259tin\u0259 bax\u0131l\u0131r.<\/p>\n","protected":false},"author":2,"featured_media":45473,"comment_status":"closed","ping_status":"closed","sticky":false,"template":"","format":"standard","meta":{"om_disable_all_campaigns":false,"_monsterinsights_skip_tracking":false,"_monsterinsights_sitenote_active":false,"_monsterinsights_sitenote_note":"","_monsterinsights_sitenote_category":0},"categories":[1],"tags":[],"aioseo_notices":[],"gutentor_comment":0,"rttpg_featured_image_url":{"full":["https:\/\/arantv.az\/wp-content\/uploads\/2019\/03\/905c8a42ea995e3.jpg",549,366,false],"landscape":["https:\/\/arantv.az\/wp-content\/uploads\/2019\/03\/905c8a42ea995e3.jpg",549,366,false],"portraits":["https:\/\/arantv.az\/wp-content\/uploads\/2019\/03\/905c8a42ea995e3.jpg",549,366,false],"thumbnail":["https:\/\/arantv.az\/wp-content\/uploads\/2019\/03\/905c8a42ea995e3-150x150.jpg",150,150,true],"medium":["https:\/\/arantv.az\/wp-content\/uploads\/2019\/03\/905c8a42ea995e3-300x200.jpg",300,200,true],"large":["https:\/\/arantv.az\/wp-content\/uploads\/2019\/03\/905c8a42ea995e3.jpg",549,366,false],"1536x1536":["https:\/\/arantv.az\/wp-content\/uploads\/2019\/03\/905c8a42ea995e3.jpg",549,366,false],"2048x2048":["https:\/\/arantv.az\/wp-content\/uploads\/2019\/03\/905c8a42ea995e3.jpg",549,366,false],"post-thumbnail":["https:\/\/arantv.az\/wp-content\/uploads\/2019\/03\/905c8a42ea995e3-240x172.jpg",240,172,true],"advps-thumb-one":["https:\/\/arantv.az\/wp-content\/uploads\/2019\/03\/905c8a42ea995e3.jpg",549,366,false]},"rttpg_author":{"display_name":"V\u00fcsal Rafiqo\u011flu","author_link":"https:\/\/arantv.az\/?author=2"},"rttpg_comment":0,"rttpg_category":"<a href=\"https:\/\/arantv.az\/?cat=1\" rel=\"category\">C\u0259miyy\u0259t<\/a>","rttpg_excerpt":"H\u0259bsd\u0259 olan m\u00fc\u011f\u0259nni F\u0259day\u0259 La\u00e7\u0131n\u0131n fotosu yay\u0131l\u0131b. Haz\u0131rda Bak\u0131 Apellyasiya M\u0259hk\u0259m\u0259sind\u0259 cinay\u0259t i\u015fi ara\u015fd\u0131r\u0131lan m\u00fc\u011f\u0259nninin m\u0259hk\u0259m\u0259 zal\u0131nda \u00e7\u0259kilmi\u015f fotosunu ONA \u0259ld\u0259 edib. Qeyd ed\u0259k ki, F. La\u00e7\u0131n x\u00fcsusi t\u0259yinatl\u0131 vaqondan m\u0259hbuslar\u0131n qa\u00e7mas\u0131nda t\u0259qsirl\u0259ndirilir. Bak\u0131 A\u011f\u0131r Cinay\u0259tl\u0259r M\u0259hk\u0259m\u0259sinin h\u00f6km\u00fc il\u0259 F. La\u00e7\u0131n 5 il m\u00fcdd\u0259tin\u0259 azadl\u0131qdan m\u0259hrum olunub. H\u00f6kmd\u0259n naraz\u0131 qalan m\u00fc\u011f\u0259nni Bak\u0131 Apellyasiya M\u0259hk\u0259m\u0259sin\u0259 m\u00fcraci\u0259t&hellip;","_links":{"self":[{"href":"https:\/\/arantv.az\/index.php?rest_route=\/wp\/v2\/posts\/45472"}],"collection":[{"href":"https:\/\/arantv.az\/index.php?rest_route=\/wp\/v2\/posts"}],"about":[{"href":"https:\/\/arantv.az\/index.php?rest_route=\/wp\/v2\/types\/post"}],"author":[{"embeddable":true,"href":"https:\/\/arantv.az\/index.php?rest_route=\/wp\/v2\/users\/2"}],"replies":[{"embeddable":true,"href":"https:\/\/arantv.az\/index.php?rest_route=%2Fwp%2Fv2%2Fcomments&post=45472"}],"version-history":[{"count":0,"href":"https:\/\/arantv.az\/index.php?rest_route=\/wp\/v2\/posts\/45472\/revisions"}],"wp:featuredmedia":[{"embeddable":true,"href":"https:\/\/arantv.az\/index.php?rest_route=\/wp\/v2\/media\/45473"}],"wp:attachment":[{"href":"https:\/\/arantv.az\/index.php?rest_route=%2Fwp%2Fv2%2Fmedia&parent=45472"}],"wp:term":[{"taxonomy":"category","embeddable":true,"href":"https:\/\/arantv.az\/index.php?rest_route=%2Fwp%2Fv2%2Fcategories&post=45472"},{"taxonomy":"post_tag","embeddable":true,"href":"https:\/\/arantv.az\/index.php?rest_route=%2Fwp%2Fv2%2Ftags&post=45472"}],"curies":[{"name":"wp","href":"https:\/\/api.w.org\/{rel}","templated":true}]}}