{"id":45485,"date":"2019-03-14T16:26:30","date_gmt":"2019-03-14T13:26:30","guid":{"rendered":"http:\/\/arantv.az\/?p=45485"},"modified":"2019-03-14T16:26:30","modified_gmt":"2019-03-14T13:26:30","slug":"iqor-dodon-yeni-hokum%c9%99t-formalasdirilandan-sonra-az%c9%99rbaycan-moldova","status":"publish","type":"post","link":"https:\/\/arantv.az\/?p=45485","title":{"rendered":"\u0130qor Dodon: &#8220;Yeni h\u00f6kum\u0259t formala\u015fd\u0131r\u0131landan sonra Az\u0259rbaycan-Moldova&#8230;&#8221;"},"content":{"rendered":"<p><strong>&#8220;Moldova v\u0259 Az\u0259rbaycan aras\u0131nda \u00e7ox yax\u015f\u0131 ikit\u0259r\u0259fli, o c\u00fcml\u0259d\u0259n iqtisadi, diplomatik m\u00fcnasib\u0259tl\u0259r qurulub&#8221;.<\/strong><\/p>\n<p><strong>ARANTV.AZ<\/strong> trend-\u0259 istinad\u0259n x\u0259b\u0259r verir ki, bunu Moldova Prezidenti \u0130qor Dodon VII Qlobal Bak\u0131 Forumu \u00e7\u0259r\u00e7iv\u0259sind\u0259 jurnalistl\u0259r\u0259 deyib.<\/p>\n<p>D\u00f6vl\u0259t ba\u015f\u00e7\u0131s\u0131 xat\u0131rlad\u0131b ki, \u00f6lk\u0259l\u0259r aras\u0131nda bir s\u0131ra sazi\u015fl\u0259r imzalan\u0131b: &#8220;Qeyd etm\u0259k ist\u0259rdim ki, beyn\u0259lxalq, h\u0259m\u00e7inin MDB \u00e7\u0259r\u00e7iv\u0259sind\u0259 ke\u00e7iril\u0259n t\u0259dbirl\u0259rd\u0259 f\u0259al \u0259m\u0259kda\u015fl\u0131q edirik&#8221;.<\/p>\n<p>\u0130.Dodon vur\u011fulay\u0131b ki, Moldovada yeni h\u00f6kum\u0259t formala\u015fd\u0131r\u0131landan sonra Az\u0259rbaycan-Moldova h\u00f6kum\u0259tl\u0259raras\u0131 komissiyas\u0131n\u0131n iclas\u0131 ke\u00e7iril\u0259 bil\u0259r.<\/p>\n<p>Prezident Az\u0259rbaycan h\u00f6kum\u0259tin\u0259 \u00f6lk\u0259nin c\u0259nubunda sosial layih\u0259l\u0259rin maliyy\u0259l\u0259\u015fdirilm\u0259sin\u0259 g\u00f6r\u0259 minn\u0259tdarl\u0131\u011f\u0131n\u0131 bildirib.<\/p>\n<p>\u0130kit\u0259r\u0259fli \u0259m\u0259kda\u015fl\u0131\u011f\u0131n inki\u015faf\u0131ndan dan\u0131\u015fan \u0130.Dodon deyib ki, Moldovan\u0131n regionda ekskl\u00fcziv imkanlar\u0131n\u0131, el\u0259c\u0259 d\u0259 Avropa \u0130ttifaq\u0131 v\u0259 MDB \u00f6lk\u0259l\u0259ri il\u0259 azad ticar\u0259t haqq\u0131nda sazi\u015fl\u0259r\u0259 malik oldu\u011funu n\u0259z\u0259r\u0259 alaraq, bir \u00e7ox maraql\u0131 layih\u0259l\u0259r h\u0259yata ke\u00e7irm\u0259k m\u00fcmk\u00fcnd\u00fcr:<\/p>\n<p>&#8220;Biz bu imkanlar\u0131 h\u0259m Q\u0259rb\u0259, h\u0259m d\u0259 \u015e\u0259rq\u0259, o c\u00fcml\u0259d\u0259n T\u00fcrkiy\u0259y\u0259 geni\u015fl\u0259ndirm\u0259yi t\u0259klif edirik&#8221;.<\/p>\n<p>Qeyd ed\u0259k ki, mart\u0131n 14-d\u0259 VII Qlobal Bak\u0131 Forumu \u00f6z i\u015fin\u0259 ba\u015flay\u0131b. Mart\u0131n 16-na q\u0259d\u0259r davam ed\u0259c\u0259k forum Nizami G\u0259nc\u0259vi Beyn\u0259lxalq M\u0259rk\u0259zinin t\u0259\u015fkilat\u00e7\u0131l\u0131\u011f\u0131 il\u0259 ke\u00e7irilir.<\/p>\n<p>M\u00f6vzusu &#8220;D\u00fcnyan\u0131n yeni xarici siyas\u0259ti&#8221; olan VII Qlobal Bak\u0131 Forumunda d\u00fcnyan\u0131n 50-d\u0259n \u00e7ox \u00f6lk\u0259sind\u0259n 500-d\u0259n art\u0131q n\u00fcmay\u0259nd\u0259, o c\u00fcml\u0259d\u0259n bir s\u0131ra \u00f6lk\u0259l\u0259rin haz\u0131rk\u0131 d\u00f6vl\u0259t v\u0259 h\u00f6kum\u0259t ba\u015f\u00e7\u0131lar\u0131, n\u00fcfuzlu siyasi, ictimai xadiml\u0259r i\u015ftirak edirl\u0259r.<\/p>\n<p>Forumda d\u00fcnyan\u0131 narahat ed\u0259n qlobal siyasi v\u0259 iqtisadi probleml\u0259r, m\u00fcasir beyn\u0259lxalq m\u00fcnasib\u0259tl\u0259rin m\u00fcxt\u0259lif aspektl\u0259ri il\u0259 ba\u011fl\u0131 m\u00fczakir\u0259l\u0259r apar\u0131l\u0131r.<\/p>\n","protected":false},"excerpt":{"rendered":"<p>&#8220;Moldova v\u0259 Az\u0259rbaycan aras\u0131nda \u00e7ox yax\u015f\u0131 ikit\u0259r\u0259fli, o c\u00fcml\u0259d\u0259n iqtisadi, diplomatik m\u00fcnasib\u0259tl\u0259r qurulub&#8221;. ARANTV.AZ trend-\u0259 istinad\u0259n x\u0259b\u0259r verir ki, bunu Moldova Prezidenti \u0130qor Dodon VII Qlobal Bak\u0131 Forumu \u00e7\u0259r\u00e7iv\u0259sind\u0259 jurnalistl\u0259r\u0259 deyib. D\u00f6vl\u0259t ba\u015f\u00e7\u0131s\u0131 xat\u0131rlad\u0131b ki, \u00f6lk\u0259l\u0259r aras\u0131nda bir s\u0131ra sazi\u015fl\u0259r imzalan\u0131b: &#8220;Qeyd etm\u0259k ist\u0259rdim ki, beyn\u0259lxalq, h\u0259m\u00e7inin MDB \u00e7\u0259r\u00e7iv\u0259sind\u0259 ke\u00e7iril\u0259n t\u0259dbirl\u0259rd\u0259 f\u0259al \u0259m\u0259kda\u015fl\u0131q edirik&#8221;. \u0130.Dodon vur\u011fulay\u0131b ki, Moldovada yeni h\u00f6kum\u0259t formala\u015fd\u0131r\u0131landan sonra Az\u0259rbaycan-Moldova h\u00f6kum\u0259tl\u0259raras\u0131 komissiyas\u0131n\u0131n iclas\u0131 ke\u00e7iril\u0259 bil\u0259r. Prezident Az\u0259rbaycan h\u00f6kum\u0259tin\u0259 \u00f6lk\u0259nin c\u0259nubunda sosial layih\u0259l\u0259rin maliyy\u0259l\u0259\u015fdirilm\u0259sin\u0259 g\u00f6r\u0259 minn\u0259tdarl\u0131\u011f\u0131n\u0131 bildirib. \u0130kit\u0259r\u0259fli \u0259m\u0259kda\u015fl\u0131\u011f\u0131n inki\u015faf\u0131ndan dan\u0131\u015fan \u0130.Dodon deyib ki, Moldovan\u0131n regionda ekskl\u00fcziv imkanlar\u0131n\u0131,&hellip;<\/p>\n","protected":false},"author":2,"featured_media":45486,"comment_status":"closed","ping_status":"closed","sticky":false,"template":"","format":"standard","meta":{"om_disable_all_campaigns":false,"_monsterinsights_skip_tracking":false,"_monsterinsights_sitenote_active":false,"_monsterinsights_sitenote_note":"","_monsterinsights_sitenote_category":0},"categories":[4],"tags":[],"aioseo_notices":[],"gutentor_comment":0,"rttpg_featured_image_url":{"full":["https:\/\/arantv.az\/wp-content\/uploads\/2019\/03\/738970.jpg",800,600,false],"landscape":["https:\/\/arantv.az\/wp-content\/uploads\/2019\/03\/738970.jpg",800,600,false],"portraits":["https:\/\/arantv.az\/wp-content\/uploads\/2019\/03\/738970.jpg",800,600,false],"thumbnail":["https:\/\/arantv.az\/wp-content\/uploads\/2019\/03\/738970-150x150.jpg",150,150,true],"medium":["https:\/\/arantv.az\/wp-content\/uploads\/2019\/03\/738970-300x225.jpg",300,225,true],"large":["https:\/\/arantv.az\/wp-content\/uploads\/2019\/03\/738970.jpg",640,480,false],"1536x1536":["https:\/\/arantv.az\/wp-content\/uploads\/2019\/03\/738970.jpg",800,600,false],"2048x2048":["https:\/\/arantv.az\/wp-content\/uploads\/2019\/03\/738970.jpg",800,600,false],"post-thumbnail":["https:\/\/arantv.az\/wp-content\/uploads\/2019\/03\/738970-240x172.jpg",240,172,true],"advps-thumb-one":["https:\/\/arantv.az\/wp-content\/uploads\/2019\/03\/738970.jpg",800,600,false]},"rttpg_author":{"display_name":"V\u00fcsal Rafiqo\u011flu","author_link":"https:\/\/arantv.az\/?author=2"},"rttpg_comment":0,"rttpg_category":"<a href=\"https:\/\/arantv.az\/?cat=4\" rel=\"category\">Siyas\u0259t<\/a>","rttpg_excerpt":"&#8220;Moldova v\u0259 Az\u0259rbaycan aras\u0131nda \u00e7ox yax\u015f\u0131 ikit\u0259r\u0259fli, o c\u00fcml\u0259d\u0259n iqtisadi, diplomatik m\u00fcnasib\u0259tl\u0259r qurulub&#8221;. ARANTV.AZ trend-\u0259 istinad\u0259n x\u0259b\u0259r verir ki, bunu Moldova Prezidenti \u0130qor Dodon VII Qlobal Bak\u0131 Forumu \u00e7\u0259r\u00e7iv\u0259sind\u0259 jurnalistl\u0259r\u0259 deyib. D\u00f6vl\u0259t ba\u015f\u00e7\u0131s\u0131 xat\u0131rlad\u0131b ki, \u00f6lk\u0259l\u0259r aras\u0131nda bir s\u0131ra sazi\u015fl\u0259r imzalan\u0131b: &#8220;Qeyd etm\u0259k ist\u0259rdim ki, beyn\u0259lxalq, h\u0259m\u00e7inin MDB \u00e7\u0259r\u00e7iv\u0259sind\u0259 ke\u00e7iril\u0259n t\u0259dbirl\u0259rd\u0259 f\u0259al \u0259m\u0259kda\u015fl\u0131q edirik&#8221;. \u0130.Dodon&hellip;","_links":{"self":[{"href":"https:\/\/arantv.az\/index.php?rest_route=\/wp\/v2\/posts\/45485"}],"collection":[{"href":"https:\/\/arantv.az\/index.php?rest_route=\/wp\/v2\/posts"}],"about":[{"href":"https:\/\/arantv.az\/index.php?rest_route=\/wp\/v2\/types\/post"}],"author":[{"embeddable":true,"href":"https:\/\/arantv.az\/index.php?rest_route=\/wp\/v2\/users\/2"}],"replies":[{"embeddable":true,"href":"https:\/\/arantv.az\/index.php?rest_route=%2Fwp%2Fv2%2Fcomments&post=45485"}],"version-history":[{"count":0,"href":"https:\/\/arantv.az\/index.php?rest_route=\/wp\/v2\/posts\/45485\/revisions"}],"wp:featuredmedia":[{"embeddable":true,"href":"https:\/\/arantv.az\/index.php?rest_route=\/wp\/v2\/media\/45486"}],"wp:attachment":[{"href":"https:\/\/arantv.az\/index.php?rest_route=%2Fwp%2Fv2%2Fmedia&parent=45485"}],"wp:term":[{"taxonomy":"category","embeddable":true,"href":"https:\/\/arantv.az\/index.php?rest_route=%2Fwp%2Fv2%2Fcategories&post=45485"},{"taxonomy":"post_tag","embeddable":true,"href":"https:\/\/arantv.az\/index.php?rest_route=%2Fwp%2Fv2%2Ftags&post=45485"}],"curies":[{"name":"wp","href":"https:\/\/api.w.org\/{rel}","templated":true}]}}