{"id":45500,"date":"2019-03-15T08:16:26","date_gmt":"2019-03-15T05:16:26","guid":{"rendered":"http:\/\/arantv.az\/?p=45500"},"modified":"2019-03-15T08:16:26","modified_gmt":"2019-03-15T05:16:26","slug":"az%c9%99rbaycanda-banan-yetisdiril%c9%99c%c9%99k","status":"publish","type":"post","link":"https:\/\/arantv.az\/?p=45500","title":{"rendered":"Az\u0259rbaycanda banan yeti\u015fdiril\u0259c\u0259k"},"content":{"rendered":"<p>Az\u0259rbaycanda bananlara b\u00f6y\u00fck t\u0259l\u0259bat\u0131 n\u0259z\u0259r\u0259 alsaq, istixana bananlar\u0131n\u0131n yeti\u015fdirilm\u0259si kifay\u0259t q\u0259d\u0259r rentabelli ola bil\u0259r.<\/p>\n<p><b>ARANTV.AZ\u00a0<\/b>\u00a0x\u0259b\u0259r verir ki, bunu trend-\u0259 Meyv\u0259-T\u0259r\u0259v\u0259z \u0130stehsal\u00e7\u0131lar\u0131 v\u0259 \u0130xracat\u00e7\u0131lar\u0131 Assosiasiyas\u0131n\u0131n r\u0259hb\u0259ri B\u0259\u015fir Quliyev deyib.<\/p>\n<div id=\"AdributorNativeVideo0\" class=\"AdributorNativeVideo\"><\/div>\n<p>O bildirib ki, ortam\u00fcdd\u0259tli biznes plan\u0131na \u0259sas\u0259n \u00f6lk\u0259d\u0259 istixana bananlar\u0131n\u0131n yeti\u015fdirilm\u0259si planla\u015fd\u0131r\u0131l\u0131r:<\/p>\n<p>&#8220;Az\u0259rbaycanda bu m\u0259hsula b\u00fct\u00fcn m\u00f6vs\u00fcml\u0259rd\u0259 b\u00f6y\u00fck t\u0259l\u0259bat olur, ona g\u00f6r\u0259 d\u0259 istehlak\u00e7\u0131lar\u0131n mara\u011f\u0131 ilboyu t\u0259min olunur. Dig\u0259r t\u0259r\u0259fd\u0259n, bu ekzotik meyv\u0259 n\u00f6v\u00fcn\u00fcn Az\u0259rbaycanda yeti\u015fdirilm\u0259si n\u0259qliyyat v\u0259 logistika bax\u0131m\u0131ndan s\u0259rf\u0259li olacaq&#8221;.<\/p>\n<p>El\u0259c\u0259 d\u0259 bax: Bak\u0131da mineral g\u00fcbr\u0259l\u0259r \u00fczr\u0259 Argus konfrans\u0131 ke\u00e7irilir<\/p>\n<p>B.Quliyev \u0259lav\u0259 edib ki, \u00f6lk\u0259nin c\u0259nub regionlar\u0131nda banan yeti\u015fdirilm\u0259si \u00fc\u00e7\u00fcn m\u00fcasir texnologiyalar m\u00f6vcuddur:<\/p>\n<p>&#8220;Bir ne\u00e7\u0259 il az\u0259rbaycanl\u0131 m\u00fct\u0259x\u0259ssisl\u0259r \u00f6lk\u0259d\u0259 banan yeti\u015fdirm\u0259yi t\u0259\u015fkil etm\u0259y\u0259 \u00e7al\u0131\u015fd\u0131lar, amma t\u0259\u015f\u0259bb\u00fcs u\u011furlu olmad\u0131. Hesab edir\u0259m ki, indi m\u00fcasir texnologiyalar\u0131n istifad\u0259si v\u0259 istixana t\u0259s\u0259rr\u00fcfatlar\u0131nda texnoloji prosesl\u0259rin d\u00fczg\u00fcn qurulmas\u0131 s\u0259m\u0259r\u0259li istehsal\u0131 v\u0259 m\u0259hsuldarl\u0131\u011f\u0131 t\u0259min ed\u0259c\u0259k&#8221;.<\/p>\n","protected":false},"excerpt":{"rendered":"<p>Az\u0259rbaycanda bananlara b\u00f6y\u00fck t\u0259l\u0259bat\u0131 n\u0259z\u0259r\u0259 alsaq, istixana bananlar\u0131n\u0131n yeti\u015fdirilm\u0259si kifay\u0259t q\u0259d\u0259r rentabelli ola bil\u0259r. ARANTV.AZ\u00a0\u00a0x\u0259b\u0259r verir ki, bunu trend-\u0259 Meyv\u0259-T\u0259r\u0259v\u0259z \u0130stehsal\u00e7\u0131lar\u0131 v\u0259 \u0130xracat\u00e7\u0131lar\u0131 Assosiasiyas\u0131n\u0131n r\u0259hb\u0259ri B\u0259\u015fir Quliyev deyib. O bildirib ki, ortam\u00fcdd\u0259tli biznes plan\u0131na \u0259sas\u0259n \u00f6lk\u0259d\u0259 istixana bananlar\u0131n\u0131n yeti\u015fdirilm\u0259si planla\u015fd\u0131r\u0131l\u0131r: &#8220;Az\u0259rbaycanda bu m\u0259hsula b\u00fct\u00fcn m\u00f6vs\u00fcml\u0259rd\u0259 b\u00f6y\u00fck t\u0259l\u0259bat olur, ona g\u00f6r\u0259 d\u0259 istehlak\u00e7\u0131lar\u0131n mara\u011f\u0131 ilboyu t\u0259min olunur. Dig\u0259r t\u0259r\u0259fd\u0259n, bu ekzotik meyv\u0259 n\u00f6v\u00fcn\u00fcn Az\u0259rbaycanda yeti\u015fdirilm\u0259si n\u0259qliyyat v\u0259 logistika bax\u0131m\u0131ndan s\u0259rf\u0259li olacaq&#8221;. El\u0259c\u0259 d\u0259 bax: Bak\u0131da mineral g\u00fcbr\u0259l\u0259r \u00fczr\u0259 Argus konfrans\u0131 ke\u00e7irilir B.Quliyev \u0259lav\u0259 edib ki, \u00f6lk\u0259nin c\u0259nub regionlar\u0131nda banan yeti\u015fdirilm\u0259si \u00fc\u00e7\u00fcn&hellip;<\/p>\n","protected":false},"author":2,"featured_media":45501,"comment_status":"closed","ping_status":"closed","sticky":false,"template":"","format":"standard","meta":{"om_disable_all_campaigns":false,"_monsterinsights_skip_tracking":false,"_monsterinsights_sitenote_active":false,"_monsterinsights_sitenote_note":"","_monsterinsights_sitenote_category":0},"categories":[19],"tags":[],"aioseo_notices":[],"gutentor_comment":0,"rttpg_featured_image_url":{"full":["https:\/\/arantv.az\/wp-content\/uploads\/2019\/03\/15525694551467225750_bananagaci.jpg",550,275,false],"landscape":["https:\/\/arantv.az\/wp-content\/uploads\/2019\/03\/15525694551467225750_bananagaci.jpg",550,275,false],"portraits":["https:\/\/arantv.az\/wp-content\/uploads\/2019\/03\/15525694551467225750_bananagaci.jpg",550,275,false],"thumbnail":["https:\/\/arantv.az\/wp-content\/uploads\/2019\/03\/15525694551467225750_bananagaci-150x150.jpg",150,150,true],"medium":["https:\/\/arantv.az\/wp-content\/uploads\/2019\/03\/15525694551467225750_bananagaci-300x150.jpg",300,150,true],"large":["https:\/\/arantv.az\/wp-content\/uploads\/2019\/03\/15525694551467225750_bananagaci.jpg",550,275,false],"1536x1536":["https:\/\/arantv.az\/wp-content\/uploads\/2019\/03\/15525694551467225750_bananagaci.jpg",550,275,false],"2048x2048":["https:\/\/arantv.az\/wp-content\/uploads\/2019\/03\/15525694551467225750_bananagaci.jpg",550,275,false],"post-thumbnail":["https:\/\/arantv.az\/wp-content\/uploads\/2019\/03\/15525694551467225750_bananagaci-240x172.jpg",240,172,true],"advps-thumb-one":["https:\/\/arantv.az\/wp-content\/uploads\/2019\/03\/15525694551467225750_bananagaci.jpg",550,275,false]},"rttpg_author":{"display_name":"V\u00fcsal Rafiqo\u011flu","author_link":"https:\/\/arantv.az\/?author=2"},"rttpg_comment":0,"rttpg_category":"<a href=\"https:\/\/arantv.az\/?cat=19\" rel=\"category\">G\u00fcnd\u0259m<\/a>","rttpg_excerpt":"Az\u0259rbaycanda bananlara b\u00f6y\u00fck t\u0259l\u0259bat\u0131 n\u0259z\u0259r\u0259 alsaq, istixana bananlar\u0131n\u0131n yeti\u015fdirilm\u0259si kifay\u0259t q\u0259d\u0259r rentabelli ola bil\u0259r. ARANTV.AZ\u00a0\u00a0x\u0259b\u0259r verir ki, bunu trend-\u0259 Meyv\u0259-T\u0259r\u0259v\u0259z \u0130stehsal\u00e7\u0131lar\u0131 v\u0259 \u0130xracat\u00e7\u0131lar\u0131 Assosiasiyas\u0131n\u0131n r\u0259hb\u0259ri B\u0259\u015fir Quliyev deyib. O bildirib ki, ortam\u00fcdd\u0259tli biznes plan\u0131na \u0259sas\u0259n \u00f6lk\u0259d\u0259 istixana bananlar\u0131n\u0131n yeti\u015fdirilm\u0259si planla\u015fd\u0131r\u0131l\u0131r: &#8220;Az\u0259rbaycanda bu m\u0259hsula b\u00fct\u00fcn m\u00f6vs\u00fcml\u0259rd\u0259 b\u00f6y\u00fck t\u0259l\u0259bat olur, ona g\u00f6r\u0259 d\u0259 istehlak\u00e7\u0131lar\u0131n mara\u011f\u0131 ilboyu t\u0259min&hellip;","_links":{"self":[{"href":"https:\/\/arantv.az\/index.php?rest_route=\/wp\/v2\/posts\/45500"}],"collection":[{"href":"https:\/\/arantv.az\/index.php?rest_route=\/wp\/v2\/posts"}],"about":[{"href":"https:\/\/arantv.az\/index.php?rest_route=\/wp\/v2\/types\/post"}],"author":[{"embeddable":true,"href":"https:\/\/arantv.az\/index.php?rest_route=\/wp\/v2\/users\/2"}],"replies":[{"embeddable":true,"href":"https:\/\/arantv.az\/index.php?rest_route=%2Fwp%2Fv2%2Fcomments&post=45500"}],"version-history":[{"count":0,"href":"https:\/\/arantv.az\/index.php?rest_route=\/wp\/v2\/posts\/45500\/revisions"}],"wp:featuredmedia":[{"embeddable":true,"href":"https:\/\/arantv.az\/index.php?rest_route=\/wp\/v2\/media\/45501"}],"wp:attachment":[{"href":"https:\/\/arantv.az\/index.php?rest_route=%2Fwp%2Fv2%2Fmedia&parent=45500"}],"wp:term":[{"taxonomy":"category","embeddable":true,"href":"https:\/\/arantv.az\/index.php?rest_route=%2Fwp%2Fv2%2Fcategories&post=45500"},{"taxonomy":"post_tag","embeddable":true,"href":"https:\/\/arantv.az\/index.php?rest_route=%2Fwp%2Fv2%2Ftags&post=45500"}],"curies":[{"name":"wp","href":"https:\/\/api.w.org\/{rel}","templated":true}]}}