{"id":45537,"date":"2019-03-15T11:37:43","date_gmt":"2019-03-15T08:37:43","guid":{"rendered":"http:\/\/arantv.az\/?p=45537"},"modified":"2019-03-15T11:37:43","modified_gmt":"2019-03-15T08:37:43","slug":"novruz-m%c9%99mm%c9%99dov-ugurlardan-danisdi-yenil%c9%99nib","status":"publish","type":"post","link":"https:\/\/arantv.az\/?p=45537","title":{"rendered":"Novruz M\u0259mm\u0259dov u\u011furlardan dan\u0131\u015fd\u0131 &#8211; YEN\u0130L\u018fN\u0130B"},"content":{"rendered":"<p>2018-ci il Az\u0259rbaycan\u0131n ictimai-siyasi v\u0259 sosial-iqtisadi h\u0259yat\u0259nda b\u00f6y\u00fck u\u011furlarla v\u0259 \u0259lam\u0259tdar hadis\u0259l\u0259rl\u0259 z\u0259ngin olub.<\/p>\n<p><b>ARANTV.AZ<\/b>-\u0131n m\u0259lumat\u0131na g\u00f6r\u0259, bunu Ba\u015f nazir Novruz M\u0259mm\u0259dov Milli M\u0259clisd\u0259 Nazirl\u0259r Kabinetinin 2018-ci il \u00fczr\u0259 hesabat\u0131n\u0131 t\u0259qdim ed\u0259rk\u0259n deyib.<\/p>\n<div id=\"AdributorNativeVideo0\" class=\"AdributorNativeVideo\"><\/div>\n<p>N.M\u0259mm\u0259dov bildirib ki, \u00f6t\u0259n il AXC-nin yaranmas\u0131 b\u00f6y\u00fck t\u0259mt\u0259raqla qeyd edildi. Ba\u015f nazir bildirib ki, 2018-ci ild\u0259 ke\u00e7iril\u0259n prezident se\u00e7kil\u0259rind\u0259 m\u00fcdrik xalq\u0131m\u0131z \u0259n do\u011fru se\u00e7im ed\u0259r\u0259k \u0130lham \u018fliyevi prezident se\u00e7di v\u0259 \u00f6lk\u0259d\u0259 sabitliy\u0259, inki\u015fafa s\u0259s verdi.<\/p>\n<p>Ba\u015f nazir deyib ki, prezident se\u00e7kil\u0259rinmd\u0259n sonra d\u00f6vl\u0259t ba\u015f\u00e7\u0131s\u0131 h\u00f6kum\u0259tin yeni t\u0259rkibini m\u00fc\u0259yy\u0259nl\u0259\u015fdirdi v\u0259 qar\u015f\u0131da duran srateji h\u0259d\u0259fl\u0259r m\u00fc\u0259yy\u0259n edildi.<\/p>\n<p>N.M\u0259mm\u0259dov qeyd edib ki, Prezident \u0130lham \u018fliyevin apard\u0131\u011f\u0131 u\u011furlu xarici siyas\u0259t d\u00f6vl\u0259timizin n\u00fcfuzunun y\u00fcks\u0259lm\u0259sin\u0259 v\u0259 Az\u0259rbaycan\u0131 d\u0259st\u0259kl\u0259y\u0259n \u00f6lk\u0259l\u0259rin say\u0131n\u0131n artmas\u0131na s\u0259b\u0259b olub.<\/p>\n<p>Ba\u015f nazir vur\u011fulay\u0131b ki, 2018-ci ild\u0259 Da\u011fl\u0131q Qaraba\u011f m\u00fcnaqi\u015f\u0259sinin h\u0259lli Az\u0259rbaycan\u0131n xarici siyas\u0259tinin prioritet istiqam\u0259ti olaraq qal\u0131b v\u0259 m\u00fcnaqi\u015f\u0259nin yaln\u0131z Az\u0259rbaycan\u0131n \u0259razi b\u00fct\u00f6vl\u00fcy\u00fc \u00e7\u0259r\u00e7iv\u0259sind\u0259 h\u0259ll edil\u0259c\u0259yi bir daha d\u00fcnya ictimaiyy\u0259tinin diqq\u0259tin\u0259 \u00e7atd\u0131r\u0131l\u0131b.<\/p>\n<p>N.M\u0259mm\u0259dov bildirib ki, \u00f6t\u0259n il \u0259rzind\u0259 Az\u0259rbaycanda \u0259halinin sosial t\u0259minat\u0131 yax\u015f\u0131la\u015fd\u0131r\u0131l\u0131b, \u0259m\u0259k haqlar\u0131, pensiyalar, m\u00fcavin\u0259tl\u0259r art\u0131r\u0131l\u0131b.<\/p>\n<p>Ba\u015f nazir bildirib ki, \u00f6t\u0259n il Az\u0259rbaycan\u0131n qida m\u0259hsullar\u0131 il\u0259 \u00f6z\u00fcn\u00fcn t\u0259min etm\u0259sin\u0259 b\u00f6y\u00fck \u0259h\u0259miy\u0259t verilib v\u0259 bu istiqam\u0259td\u0259 d\u00f6vl\u0259t d\u0259st\u0259yi davam etdirilib: &#8220;\u018fkin sah\u0259l\u0259rinin suvarma sisteminin yax\u015f\u0131la\u015fd\u0131r\u0131lmas\u0131da diqq\u0259t ayr\u0131l\u0131b, eyni zamanda \u0259halinin i\u00e7m\u0259li su il\u0259 t\u0259minat\u0131n\u0131n yax\u015f\u0131la\u015fd\u0131r\u0131lmas\u0131 \u00fc\u00e7\u00fcn 314 subartezan quyusu qaz\u0131l\u0131b, suvarma kanallar\u0131n\u0131n, kollektor \u015f\u0259b\u0259k\u0259sinin yarad\u0131lmas\u0131 istiqam\u0259tind\u0259m\u00fcvafiq i\u015fl\u0259r apar\u0131l\u0131b.<\/p>\n<p>O qeyd edib ki, 50 aqropark\u0131n yarad\u0131lmas\u0131 istiqam\u0259tind\u0259 m\u00fcvafiq i\u015fl\u0259r apar\u0131l\u0131r.sonxeber.az<\/p>\n","protected":false},"excerpt":{"rendered":"<p>2018-ci il Az\u0259rbaycan\u0131n ictimai-siyasi v\u0259 sosial-iqtisadi h\u0259yat\u0259nda b\u00f6y\u00fck u\u011furlarla v\u0259 \u0259lam\u0259tdar hadis\u0259l\u0259rl\u0259 z\u0259ngin olub. ARANTV.AZ-\u0131n m\u0259lumat\u0131na g\u00f6r\u0259, bunu Ba\u015f nazir Novruz M\u0259mm\u0259dov Milli M\u0259clisd\u0259 Nazirl\u0259r Kabinetinin 2018-ci il \u00fczr\u0259 hesabat\u0131n\u0131 t\u0259qdim ed\u0259rk\u0259n deyib. N.M\u0259mm\u0259dov bildirib ki, \u00f6t\u0259n il AXC-nin yaranmas\u0131 b\u00f6y\u00fck t\u0259mt\u0259raqla qeyd edildi. Ba\u015f nazir bildirib ki, 2018-ci ild\u0259 ke\u00e7iril\u0259n prezident se\u00e7kil\u0259rind\u0259 m\u00fcdrik xalq\u0131m\u0131z \u0259n do\u011fru se\u00e7im ed\u0259r\u0259k \u0130lham \u018fliyevi prezident se\u00e7di v\u0259 \u00f6lk\u0259d\u0259 sabitliy\u0259, inki\u015fafa s\u0259s verdi. Ba\u015f nazir deyib ki, prezident se\u00e7kil\u0259rinmd\u0259n sonra d\u00f6vl\u0259t ba\u015f\u00e7\u0131s\u0131 h\u00f6kum\u0259tin yeni t\u0259rkibini m\u00fc\u0259yy\u0259nl\u0259\u015fdirdi v\u0259 qar\u015f\u0131da duran srateji h\u0259d\u0259fl\u0259r m\u00fc\u0259yy\u0259n edildi. N.M\u0259mm\u0259dov&hellip;<\/p>\n","protected":false},"author":2,"featured_media":45538,"comment_status":"closed","ping_status":"closed","sticky":false,"template":"","format":"standard","meta":{"om_disable_all_campaigns":false,"_monsterinsights_skip_tracking":false,"_monsterinsights_sitenote_active":false,"_monsterinsights_sitenote_note":"","_monsterinsights_sitenote_category":0},"categories":[19],"tags":[],"aioseo_notices":[],"gutentor_comment":0,"rttpg_featured_image_url":{"full":["https:\/\/arantv.az\/wp-content\/uploads\/2019\/03\/1552637843263315_res_01.jpg",549,342,false],"landscape":["https:\/\/arantv.az\/wp-content\/uploads\/2019\/03\/1552637843263315_res_01.jpg",549,342,false],"portraits":["https:\/\/arantv.az\/wp-content\/uploads\/2019\/03\/1552637843263315_res_01.jpg",549,342,false],"thumbnail":["https:\/\/arantv.az\/wp-content\/uploads\/2019\/03\/1552637843263315_res_01-150x150.jpg",150,150,true],"medium":["https:\/\/arantv.az\/wp-content\/uploads\/2019\/03\/1552637843263315_res_01-300x187.jpg",300,187,true],"large":["https:\/\/arantv.az\/wp-content\/uploads\/2019\/03\/1552637843263315_res_01.jpg",549,342,false],"1536x1536":["https:\/\/arantv.az\/wp-content\/uploads\/2019\/03\/1552637843263315_res_01.jpg",549,342,false],"2048x2048":["https:\/\/arantv.az\/wp-content\/uploads\/2019\/03\/1552637843263315_res_01.jpg",549,342,false],"post-thumbnail":["https:\/\/arantv.az\/wp-content\/uploads\/2019\/03\/1552637843263315_res_01-240x172.jpg",240,172,true],"advps-thumb-one":["https:\/\/arantv.az\/wp-content\/uploads\/2019\/03\/1552637843263315_res_01.jpg",549,342,false]},"rttpg_author":{"display_name":"V\u00fcsal Rafiqo\u011flu","author_link":"https:\/\/arantv.az\/?author=2"},"rttpg_comment":0,"rttpg_category":"<a href=\"https:\/\/arantv.az\/?cat=19\" rel=\"category\">G\u00fcnd\u0259m<\/a>","rttpg_excerpt":"2018-ci il Az\u0259rbaycan\u0131n ictimai-siyasi v\u0259 sosial-iqtisadi h\u0259yat\u0259nda b\u00f6y\u00fck u\u011furlarla v\u0259 \u0259lam\u0259tdar hadis\u0259l\u0259rl\u0259 z\u0259ngin olub. ARANTV.AZ-\u0131n m\u0259lumat\u0131na g\u00f6r\u0259, bunu Ba\u015f nazir Novruz M\u0259mm\u0259dov Milli M\u0259clisd\u0259 Nazirl\u0259r Kabinetinin 2018-ci il \u00fczr\u0259 hesabat\u0131n\u0131 t\u0259qdim ed\u0259rk\u0259n deyib. N.M\u0259mm\u0259dov bildirib ki, \u00f6t\u0259n il AXC-nin yaranmas\u0131 b\u00f6y\u00fck t\u0259mt\u0259raqla qeyd edildi. Ba\u015f nazir bildirib ki, 2018-ci ild\u0259 ke\u00e7iril\u0259n prezident se\u00e7kil\u0259rind\u0259 m\u00fcdrik xalq\u0131m\u0131z&hellip;","_links":{"self":[{"href":"https:\/\/arantv.az\/index.php?rest_route=\/wp\/v2\/posts\/45537"}],"collection":[{"href":"https:\/\/arantv.az\/index.php?rest_route=\/wp\/v2\/posts"}],"about":[{"href":"https:\/\/arantv.az\/index.php?rest_route=\/wp\/v2\/types\/post"}],"author":[{"embeddable":true,"href":"https:\/\/arantv.az\/index.php?rest_route=\/wp\/v2\/users\/2"}],"replies":[{"embeddable":true,"href":"https:\/\/arantv.az\/index.php?rest_route=%2Fwp%2Fv2%2Fcomments&post=45537"}],"version-history":[{"count":0,"href":"https:\/\/arantv.az\/index.php?rest_route=\/wp\/v2\/posts\/45537\/revisions"}],"wp:featuredmedia":[{"embeddable":true,"href":"https:\/\/arantv.az\/index.php?rest_route=\/wp\/v2\/media\/45538"}],"wp:attachment":[{"href":"https:\/\/arantv.az\/index.php?rest_route=%2Fwp%2Fv2%2Fmedia&parent=45537"}],"wp:term":[{"taxonomy":"category","embeddable":true,"href":"https:\/\/arantv.az\/index.php?rest_route=%2Fwp%2Fv2%2Fcategories&post=45537"},{"taxonomy":"post_tag","embeddable":true,"href":"https:\/\/arantv.az\/index.php?rest_route=%2Fwp%2Fv2%2Ftags&post=45537"}],"curies":[{"name":"wp","href":"https:\/\/api.w.org\/{rel}","templated":true}]}}