{"id":45540,"date":"2019-03-15T11:39:30","date_gmt":"2019-03-15T08:39:30","guid":{"rendered":"http:\/\/arantv.az\/?p=45540"},"modified":"2019-03-15T11:39:30","modified_gmt":"2019-03-15T08:39:30","slug":"rovs%c9%99n-rzayev-surusm%c9%99-zonasinda-yasayan-m%c9%99cburi-kockunl%c9%99r-bar%c9%99d%c9%99","status":"publish","type":"post","link":"https:\/\/arantv.az\/?p=45540","title":{"rendered":"R\u00f6v\u015f\u0259n Rzayev s\u00fcr\u00fc\u015fm\u0259 zonas\u0131nda ya\u015fayan m\u0259cburi k\u00f6\u00e7k\u00fcnl\u0259r bar\u0259d\u0259"},"content":{"rendered":"<p>Bay\u0131l s\u00fcr\u00fc\u015fm\u0259 zonas\u0131nda ya\u015fayan m\u0259cburi k\u00f6\u00e7k\u00fcnl\u0259rin k\u00f6\u00e7\u00fcr\u00fclm\u0259si m\u0259s\u0259l\u0259si g\u0259l\u0259c\u0259kd\u0259 m\u00fcmk\u00fcn ola bil\u0259r.<\/p>\n<p><b>ARANTV.AZ\u00a0<\/b>x\u0259b\u0259r verir ki, bunu jurnalistl\u0259r\u0259 a\u00e7\u0131qlamas\u0131nda Qa\u00e7q\u0131nlar\u0131n v\u0259 M\u0259cburi K\u00f6\u00e7k\u00fcnl\u0259rin \u0130\u015fl\u0259ri \u00fczr\u0259 D\u00f6vl\u0259t Komit\u0259sinin s\u0259dri R\u00f6v\u015f\u0259n Rzayev deyib.<\/p>\n<p>Onun s\u00f6zl\u0259rin\u0259 g\u00f6r\u0259, h\u0259min insanlar\u0131n indiki zamanda k\u00f6\u00e7\u00fcr\u00fclm\u0259si il\u0259 ba\u011fl\u0131 rayon icra hakimiyy\u0259ti q\u0259rar verm\u0259lidir.<\/p>\n<div id=\"AdributorNativeVideo0\" class=\"AdributorNativeVideo\"><\/div>\n<p>Komit\u0259 s\u0259dri bildirib ki, Qa\u00e7q\u0131nlar\u0131n v\u0259 M\u0259cburi K\u00f6\u00e7k\u00fcnl\u0259rin \u0130\u015fl\u0259ri \u00fczr\u0259 D\u00f6vl\u0259t Komit\u0259si haz\u0131rda a\u011f\u0131r \u015f\u0259raitd\u0259 ya\u015fayanlar\u0131 k\u00f6\u00e7\u00fcr\u00fcr.<\/p>\n<p>\u201cG\u0259l\u0259c\u0259kd\u0259\u00a0is\u0259 Bay\u0131l s\u00fcr\u00fc\u015fm\u0259 zonas\u0131nda ya\u015fayanlar\u0131n da k\u00f6\u00e7\u00fcr\u00fclm\u0259si m\u00fcmk\u00fcn ola bil\u0259r. Bununla ba\u011fl\u0131 rayon icra hakimiyy\u0259ti q\u0259rar verm\u0259lidir\u201d, &#8211; dey\u0259,\u00a0o\u00a0\u0259lav\u0259 edib.oxu.az<\/p>\n","protected":false},"excerpt":{"rendered":"<p>Bay\u0131l s\u00fcr\u00fc\u015fm\u0259 zonas\u0131nda ya\u015fayan m\u0259cburi k\u00f6\u00e7k\u00fcnl\u0259rin k\u00f6\u00e7\u00fcr\u00fclm\u0259si m\u0259s\u0259l\u0259si g\u0259l\u0259c\u0259kd\u0259 m\u00fcmk\u00fcn ola bil\u0259r. ARANTV.AZ\u00a0x\u0259b\u0259r verir ki, bunu jurnalistl\u0259r\u0259 a\u00e7\u0131qlamas\u0131nda Qa\u00e7q\u0131nlar\u0131n v\u0259 M\u0259cburi K\u00f6\u00e7k\u00fcnl\u0259rin \u0130\u015fl\u0259ri \u00fczr\u0259 D\u00f6vl\u0259t Komit\u0259sinin s\u0259dri R\u00f6v\u015f\u0259n Rzayev deyib. Onun s\u00f6zl\u0259rin\u0259 g\u00f6r\u0259, h\u0259min insanlar\u0131n indiki zamanda k\u00f6\u00e7\u00fcr\u00fclm\u0259si il\u0259 ba\u011fl\u0131 rayon icra hakimiyy\u0259ti q\u0259rar verm\u0259lidir. Komit\u0259 s\u0259dri bildirib ki, Qa\u00e7q\u0131nlar\u0131n v\u0259 M\u0259cburi K\u00f6\u00e7k\u00fcnl\u0259rin \u0130\u015fl\u0259ri \u00fczr\u0259 D\u00f6vl\u0259t Komit\u0259si haz\u0131rda a\u011f\u0131r \u015f\u0259raitd\u0259 ya\u015fayanlar\u0131 k\u00f6\u00e7\u00fcr\u00fcr. \u201cG\u0259l\u0259c\u0259kd\u0259\u00a0is\u0259 Bay\u0131l s\u00fcr\u00fc\u015fm\u0259 zonas\u0131nda ya\u015fayanlar\u0131n da k\u00f6\u00e7\u00fcr\u00fclm\u0259si m\u00fcmk\u00fcn ola bil\u0259r. Bununla ba\u011fl\u0131 rayon icra hakimiyy\u0259ti q\u0259rar verm\u0259lidir\u201d, &#8211; dey\u0259,\u00a0o\u00a0\u0259lav\u0259 edib.oxu.az<\/p>\n","protected":false},"author":2,"featured_media":45541,"comment_status":"closed","ping_status":"closed","sticky":false,"template":"","format":"standard","meta":{"om_disable_all_campaigns":false,"_monsterinsights_skip_tracking":false,"_monsterinsights_sitenote_active":false,"_monsterinsights_sitenote_note":"","_monsterinsights_sitenote_category":0},"categories":[1],"tags":[],"aioseo_notices":[],"gutentor_comment":0,"rttpg_featured_image_url":{"full":["https:\/\/arantv.az\/wp-content\/uploads\/2019\/03\/2017-08-15-17-14-5229.jpg",620,413,false],"landscape":["https:\/\/arantv.az\/wp-content\/uploads\/2019\/03\/2017-08-15-17-14-5229.jpg",620,413,false],"portraits":["https:\/\/arantv.az\/wp-content\/uploads\/2019\/03\/2017-08-15-17-14-5229.jpg",620,413,false],"thumbnail":["https:\/\/arantv.az\/wp-content\/uploads\/2019\/03\/2017-08-15-17-14-5229-150x150.jpg",150,150,true],"medium":["https:\/\/arantv.az\/wp-content\/uploads\/2019\/03\/2017-08-15-17-14-5229-300x200.jpg",300,200,true],"large":["https:\/\/arantv.az\/wp-content\/uploads\/2019\/03\/2017-08-15-17-14-5229.jpg",620,413,false],"1536x1536":["https:\/\/arantv.az\/wp-content\/uploads\/2019\/03\/2017-08-15-17-14-5229.jpg",620,413,false],"2048x2048":["https:\/\/arantv.az\/wp-content\/uploads\/2019\/03\/2017-08-15-17-14-5229.jpg",620,413,false],"post-thumbnail":["https:\/\/arantv.az\/wp-content\/uploads\/2019\/03\/2017-08-15-17-14-5229-240x172.jpg",240,172,true],"advps-thumb-one":["https:\/\/arantv.az\/wp-content\/uploads\/2019\/03\/2017-08-15-17-14-5229.jpg",620,413,false]},"rttpg_author":{"display_name":"V\u00fcsal Rafiqo\u011flu","author_link":"https:\/\/arantv.az\/?author=2"},"rttpg_comment":0,"rttpg_category":"<a href=\"https:\/\/arantv.az\/?cat=1\" rel=\"category\">C\u0259miyy\u0259t<\/a>","rttpg_excerpt":"Bay\u0131l s\u00fcr\u00fc\u015fm\u0259 zonas\u0131nda ya\u015fayan m\u0259cburi k\u00f6\u00e7k\u00fcnl\u0259rin k\u00f6\u00e7\u00fcr\u00fclm\u0259si m\u0259s\u0259l\u0259si g\u0259l\u0259c\u0259kd\u0259 m\u00fcmk\u00fcn ola bil\u0259r. ARANTV.AZ\u00a0x\u0259b\u0259r verir ki, bunu jurnalistl\u0259r\u0259 a\u00e7\u0131qlamas\u0131nda Qa\u00e7q\u0131nlar\u0131n v\u0259 M\u0259cburi K\u00f6\u00e7k\u00fcnl\u0259rin \u0130\u015fl\u0259ri \u00fczr\u0259 D\u00f6vl\u0259t Komit\u0259sinin s\u0259dri R\u00f6v\u015f\u0259n Rzayev deyib. Onun s\u00f6zl\u0259rin\u0259 g\u00f6r\u0259, h\u0259min insanlar\u0131n indiki zamanda k\u00f6\u00e7\u00fcr\u00fclm\u0259si il\u0259 ba\u011fl\u0131 rayon icra hakimiyy\u0259ti q\u0259rar verm\u0259lidir. Komit\u0259 s\u0259dri bildirib ki, Qa\u00e7q\u0131nlar\u0131n v\u0259 M\u0259cburi K\u00f6\u00e7k\u00fcnl\u0259rin \u0130\u015fl\u0259ri \u00fczr\u0259&hellip;","_links":{"self":[{"href":"https:\/\/arantv.az\/index.php?rest_route=\/wp\/v2\/posts\/45540"}],"collection":[{"href":"https:\/\/arantv.az\/index.php?rest_route=\/wp\/v2\/posts"}],"about":[{"href":"https:\/\/arantv.az\/index.php?rest_route=\/wp\/v2\/types\/post"}],"author":[{"embeddable":true,"href":"https:\/\/arantv.az\/index.php?rest_route=\/wp\/v2\/users\/2"}],"replies":[{"embeddable":true,"href":"https:\/\/arantv.az\/index.php?rest_route=%2Fwp%2Fv2%2Fcomments&post=45540"}],"version-history":[{"count":0,"href":"https:\/\/arantv.az\/index.php?rest_route=\/wp\/v2\/posts\/45540\/revisions"}],"wp:featuredmedia":[{"embeddable":true,"href":"https:\/\/arantv.az\/index.php?rest_route=\/wp\/v2\/media\/45541"}],"wp:attachment":[{"href":"https:\/\/arantv.az\/index.php?rest_route=%2Fwp%2Fv2%2Fmedia&parent=45540"}],"wp:term":[{"taxonomy":"category","embeddable":true,"href":"https:\/\/arantv.az\/index.php?rest_route=%2Fwp%2Fv2%2Fcategories&post=45540"},{"taxonomy":"post_tag","embeddable":true,"href":"https:\/\/arantv.az\/index.php?rest_route=%2Fwp%2Fv2%2Ftags&post=45540"}],"curies":[{"name":"wp","href":"https:\/\/api.w.org\/{rel}","templated":true}]}}