{"id":45543,"date":"2019-03-15T11:42:13","date_gmt":"2019-03-15T08:42:13","guid":{"rendered":"http:\/\/arantv.az\/?p=45543"},"modified":"2019-03-15T11:42:13","modified_gmt":"2019-03-15T08:42:13","slug":"novruz-bayraminda-nec%c9%99-gun-is-olmayacaq-q%c9%99rar","status":"publish","type":"post","link":"https:\/\/arantv.az\/?p=45543","title":{"rendered":"Novruz bayram\u0131nda ne\u00e7\u0259 g\u00fcn i\u015f olmayacaq? (Q\u018fRAR)"},"content":{"rendered":"<p>Novruz bayram\u0131 il\u0259 ba\u011fl\u0131 qeyri-i\u015f g\u00fcnl\u0259ri a\u00e7\u0131qlan\u0131b.<\/p>\n<p><b>ARANTV.AZ<\/b>-\u0131n m\u0259lumat\u0131na g\u00f6r\u0259, Nazirl\u0259r Kabinetinin q\u0259rar\u0131na \u0259sas\u0259n, 2019-cu ild\u0259 20, 21, 22, 23 v\u0259 24 mart Novruz bayram\u0131d\u0131r.<\/p>\n<div id=\"AdributorNativeVideo0\" class=\"AdributorNativeVideo\"><\/div>\n<p><ins><\/ins><\/p>\n<div id=\"beacon_07e5993d12\"><img loading=\"lazy\" src=\"https:\/\/ads2.newmedia.az\/www\/delivery\/lg.php?bannerid=0&amp;campaignid=0&amp;zoneid=975&amp;loc=https%3A%2F%2Fbig.az%2F347754-novruz_bayraminda_nece_gun_is_olmayacaq_qerar.html&amp;referer=https%3A%2F%2Fbig.az%2F&amp;cb=07e5993d12\" alt=\"\" width=\"0\" height=\"0\" \/><\/div>\n<p>\u018fm\u0259k M\u0259c\u0259lll\u0259sind\u0259 \u0259sas\u0259n, 23 mart \u015f\u0259nb\u0259, 24 mart bazar g\u00fcn\u00fc, y\u0259ni h\u0259ft\u0259l\u0259raras\u0131 istirah\u0259t g\u00fcn\u00fc i\u015f g\u00fcn\u00fc hesab olunmayan bayram g\u00fcn\u00fcn\u0259 d\u00fc\u015fd\u00fcy\u00fc \u00fc\u00e7\u00fcn 25 v\u0259 26 mart qeyri-i\u015f g\u00fcn\u00fc olacaq.<\/p>\n<p>Bel\u0259likl\u0259, bu il Novruz bayram\u0131nda bir h\u0259ft\u0259 qeyri-i\u015f g\u00fcn\u00fc olacaq.big.az<\/p>\n<p>&nbsp;<\/p>\n","protected":false},"excerpt":{"rendered":"<p>Novruz bayram\u0131 il\u0259 ba\u011fl\u0131 qeyri-i\u015f g\u00fcnl\u0259ri a\u00e7\u0131qlan\u0131b. ARANTV.AZ-\u0131n m\u0259lumat\u0131na g\u00f6r\u0259, Nazirl\u0259r Kabinetinin q\u0259rar\u0131na \u0259sas\u0259n, 2019-cu ild\u0259 20, 21, 22, 23 v\u0259 24 mart Novruz bayram\u0131d\u0131r. \u018fm\u0259k M\u0259c\u0259lll\u0259sind\u0259 \u0259sas\u0259n, 23 mart \u015f\u0259nb\u0259, 24 mart bazar g\u00fcn\u00fc, y\u0259ni h\u0259ft\u0259l\u0259raras\u0131 istirah\u0259t g\u00fcn\u00fc i\u015f g\u00fcn\u00fc hesab olunmayan bayram g\u00fcn\u00fcn\u0259 d\u00fc\u015fd\u00fcy\u00fc \u00fc\u00e7\u00fcn 25 v\u0259 26 mart qeyri-i\u015f g\u00fcn\u00fc olacaq. Bel\u0259likl\u0259, bu il Novruz bayram\u0131nda bir h\u0259ft\u0259 qeyri-i\u015f g\u00fcn\u00fc olacaq.big.az &nbsp;<\/p>\n","protected":false},"author":2,"featured_media":45544,"comment_status":"closed","ping_status":"closed","sticky":false,"template":"","format":"standard","meta":{"om_disable_all_campaigns":false,"_monsterinsights_skip_tracking":false,"_monsterinsights_sitenote_active":false,"_monsterinsights_sitenote_note":"","_monsterinsights_sitenote_category":0},"categories":[1],"tags":[],"aioseo_notices":[],"gutentor_comment":0,"rttpg_featured_image_url":{"full":["https:\/\/arantv.az\/wp-content\/uploads\/2019\/03\/1552634770_untitled-1.jpg",600,300,false],"landscape":["https:\/\/arantv.az\/wp-content\/uploads\/2019\/03\/1552634770_untitled-1.jpg",600,300,false],"portraits":["https:\/\/arantv.az\/wp-content\/uploads\/2019\/03\/1552634770_untitled-1.jpg",600,300,false],"thumbnail":["https:\/\/arantv.az\/wp-content\/uploads\/2019\/03\/1552634770_untitled-1-150x150.jpg",150,150,true],"medium":["https:\/\/arantv.az\/wp-content\/uploads\/2019\/03\/1552634770_untitled-1-300x150.jpg",300,150,true],"large":["https:\/\/arantv.az\/wp-content\/uploads\/2019\/03\/1552634770_untitled-1.jpg",600,300,false],"1536x1536":["https:\/\/arantv.az\/wp-content\/uploads\/2019\/03\/1552634770_untitled-1.jpg",600,300,false],"2048x2048":["https:\/\/arantv.az\/wp-content\/uploads\/2019\/03\/1552634770_untitled-1.jpg",600,300,false],"post-thumbnail":["https:\/\/arantv.az\/wp-content\/uploads\/2019\/03\/1552634770_untitled-1-240x172.jpg",240,172,true],"advps-thumb-one":["https:\/\/arantv.az\/wp-content\/uploads\/2019\/03\/1552634770_untitled-1.jpg",600,300,false]},"rttpg_author":{"display_name":"V\u00fcsal Rafiqo\u011flu","author_link":"https:\/\/arantv.az\/?author=2"},"rttpg_comment":0,"rttpg_category":"<a href=\"https:\/\/arantv.az\/?cat=1\" rel=\"category\">C\u0259miyy\u0259t<\/a>","rttpg_excerpt":"Novruz bayram\u0131 il\u0259 ba\u011fl\u0131 qeyri-i\u015f g\u00fcnl\u0259ri a\u00e7\u0131qlan\u0131b. ARANTV.AZ-\u0131n m\u0259lumat\u0131na g\u00f6r\u0259, Nazirl\u0259r Kabinetinin q\u0259rar\u0131na \u0259sas\u0259n, 2019-cu ild\u0259 20, 21, 22, 23 v\u0259 24 mart Novruz bayram\u0131d\u0131r. \u018fm\u0259k M\u0259c\u0259lll\u0259sind\u0259 \u0259sas\u0259n, 23 mart \u015f\u0259nb\u0259, 24 mart bazar g\u00fcn\u00fc, y\u0259ni h\u0259ft\u0259l\u0259raras\u0131 istirah\u0259t g\u00fcn\u00fc i\u015f g\u00fcn\u00fc hesab olunmayan bayram g\u00fcn\u00fcn\u0259 d\u00fc\u015fd\u00fcy\u00fc \u00fc\u00e7\u00fcn 25 v\u0259 26 mart qeyri-i\u015f g\u00fcn\u00fc olacaq. Bel\u0259likl\u0259,&hellip;","_links":{"self":[{"href":"https:\/\/arantv.az\/index.php?rest_route=\/wp\/v2\/posts\/45543"}],"collection":[{"href":"https:\/\/arantv.az\/index.php?rest_route=\/wp\/v2\/posts"}],"about":[{"href":"https:\/\/arantv.az\/index.php?rest_route=\/wp\/v2\/types\/post"}],"author":[{"embeddable":true,"href":"https:\/\/arantv.az\/index.php?rest_route=\/wp\/v2\/users\/2"}],"replies":[{"embeddable":true,"href":"https:\/\/arantv.az\/index.php?rest_route=%2Fwp%2Fv2%2Fcomments&post=45543"}],"version-history":[{"count":0,"href":"https:\/\/arantv.az\/index.php?rest_route=\/wp\/v2\/posts\/45543\/revisions"}],"wp:featuredmedia":[{"embeddable":true,"href":"https:\/\/arantv.az\/index.php?rest_route=\/wp\/v2\/media\/45544"}],"wp:attachment":[{"href":"https:\/\/arantv.az\/index.php?rest_route=%2Fwp%2Fv2%2Fmedia&parent=45543"}],"wp:term":[{"taxonomy":"category","embeddable":true,"href":"https:\/\/arantv.az\/index.php?rest_route=%2Fwp%2Fv2%2Fcategories&post=45543"},{"taxonomy":"post_tag","embeddable":true,"href":"https:\/\/arantv.az\/index.php?rest_route=%2Fwp%2Fv2%2Ftags&post=45543"}],"curies":[{"name":"wp","href":"https:\/\/api.w.org\/{rel}","templated":true}]}}