{"id":45551,"date":"2019-03-15T12:20:54","date_gmt":"2019-03-15T09:20:54","guid":{"rendered":"http:\/\/arantv.az\/?p=45551"},"modified":"2019-03-15T12:20:54","modified_gmt":"2019-03-15T09:20:54","slug":"c%c9%99s%c9%99di-tapilan-alpinistin-m%c9%99zarindan-ur%c9%99kparcalayan-video-balam-yasasaydin","status":"publish","type":"post","link":"https:\/\/arantv.az\/?p=45551","title":{"rendered":"C\u0259s\u0259di tap\u0131lan alpinistin m\u0259zar\u0131ndan \u00fcr\u0259kpar\u00e7alayan V\u0130DEO: &#8220;Balam, ya\u015fasayd\u0131n&#8230;&#8221;"},"content":{"rendered":"<div id=\"entry\" class=\"entry\">X\u0259b\u0259r verdiyimiz kimi, 2017-ci ilin dekabr\u0131nda Quban\u0131n X\u0131nal\u0131q k\u0259ndindd\u0259 itkin d\u00fc\u015f\u0259n &#8220;Gilavar&#8221; idman klubunun \u00fczvl\u0259ri Namin B\u00fcnyatov, Babur H\u00fcseynov v\u0259 F\u0259rid\u0259 C\u0259bray\u0131lzad\u0259nin meyitl\u0259ri 2018-ci ilin may ay\u0131nda tap\u0131lm\u0131\u015fd\u0131.<\/p>\n<p><b>ARANTV.AZ\u00a0<\/b>x\u0259b\u0259r verir ki, h\u0259r \u00fc\u00e7 alpinistin c\u0259s\u0259di t\u0259xmin\u0259n eyni yerd\u0259, \u00e7ad\u0131r qurduqlar\u0131 \u0259razid\u0259 a\u015fkar edilmi\u015fdi. Alpinist F.C\u0259bray\u0131lzad\u0259nin m\u0259zar\u0131ndan g\u00f6r\u00fcnt\u00fcl\u0259ri yay\u0131mlan\u0131b. M\u0259rhum F\u0259rid\u0259 ya\u015fasayd\u0131, bu g\u00fcn, 15 mart ad g\u00fcn\u00fcn\u00fc qeyd ed\u0259c\u0259kdi. Ya\u015fasayd\u0131 28 ya\u015f\u0131 olacaqd\u0131. Onun q\u0259brinin videosu yay\u0131mlanaraq &#8220;Bu g\u00fcn s\u0259nin do\u011fum g\u00fcn\u00fcn, nec\u0259 t\u0259brik edim, balam?&#8221; s\u00f6zl\u0259ri yaz\u0131l\u0131b.<\/p>\n<p>Xat\u0131rladaq ki, Babur H\u00fcseynov Astara \u015f\u0259h\u0259r q\u0259biristanl\u0131\u011f\u0131nda torpa\u011fa tap\u015f\u0131r\u0131l\u0131b, C\u0259bray\u0131lzad\u0259 F\u0259rid\u0259 Masall\u0131 rayonunda d\u0259fn olunub, Namin B\u00fcnyatzad\u0259 is\u0259 \u015e\u0259mkir rayonunda d\u0259fn edilib.<\/p>\n<div id=\"AdributorNativeVideo0\" class=\"AdributorNativeVideo\"><\/div>\n<p><ins><\/p>\n<div id=\"beacon_25abd2d210\"><img loading=\"lazy\" src=\"https:\/\/ads2.newmedia.az\/www\/delivery\/lg.php?bannerid=0&amp;campaignid=0&amp;zoneid=975&amp;loc=https%3A%2F%2Fbig.az%2F347763-cesedi_tapilan_alpinistin_mezarindan_urekparcalayan_video_balam_yasasaydin.html&amp;referer=https%3A%2F%2Fbig.az%2F&amp;cb=25abd2d210\" alt=\"\" width=\"0\" height=\"0\" \/><\/div>\n<p><\/ins>Allah r\u0259hm\u0259t el\u0259sin!<\/p>\n<div class=\"embed-responsive embed-responsive-16by9\"><iframe loading=\"lazy\" id=\"nmqembedid\" class=\"embed-responsive-item\" title=\"video player\" src=\"https:\/\/izle.az\/embed\/qyyxTXJzcXcu94xKS08HAA~~\" width=\"600\" height=\"340\" frameborder=\"0\" scrolling=\"no\" allowfullscreen=\"allowfullscreen\" data-mce-fragment=\"1\"><\/iframe><\/div>\n<div id=\"myrekopen\">\n<div id=\"SC_TBlock_127697\" class=\"SC_TBlock\"><\/div>\n<\/div>\n<\/div>\n<p><b>big.az<\/b><\/p>\n","protected":false},"excerpt":{"rendered":"<p>X\u0259b\u0259r verdiyimiz kimi, 2017-ci ilin dekabr\u0131nda Quban\u0131n X\u0131nal\u0131q k\u0259ndindd\u0259 itkin d\u00fc\u015f\u0259n &#8220;Gilavar&#8221; idman klubunun \u00fczvl\u0259ri Namin B\u00fcnyatov, Babur H\u00fcseynov v\u0259 F\u0259rid\u0259 C\u0259bray\u0131lzad\u0259nin meyitl\u0259ri 2018-ci ilin may ay\u0131nda tap\u0131lm\u0131\u015fd\u0131. ARANTV.AZ\u00a0x\u0259b\u0259r verir ki, h\u0259r \u00fc\u00e7 alpinistin c\u0259s\u0259di t\u0259xmin\u0259n eyni yerd\u0259, \u00e7ad\u0131r qurduqlar\u0131 \u0259razid\u0259 a\u015fkar edilmi\u015fdi. Alpinist F.C\u0259bray\u0131lzad\u0259nin m\u0259zar\u0131ndan g\u00f6r\u00fcnt\u00fcl\u0259ri yay\u0131mlan\u0131b. M\u0259rhum F\u0259rid\u0259 ya\u015fasayd\u0131, bu g\u00fcn, 15 mart ad g\u00fcn\u00fcn\u00fc qeyd ed\u0259c\u0259kdi. Ya\u015fasayd\u0131 28 ya\u015f\u0131 olacaqd\u0131. Onun q\u0259brinin videosu yay\u0131mlanaraq &#8220;Bu g\u00fcn s\u0259nin do\u011fum g\u00fcn\u00fcn, nec\u0259 t\u0259brik edim, balam?&#8221; s\u00f6zl\u0259ri yaz\u0131l\u0131b. Xat\u0131rladaq ki, Babur H\u00fcseynov Astara \u015f\u0259h\u0259r q\u0259biristanl\u0131\u011f\u0131nda torpa\u011fa tap\u015f\u0131r\u0131l\u0131b, C\u0259bray\u0131lzad\u0259 F\u0259rid\u0259 Masall\u0131&hellip;<\/p>\n","protected":false},"author":2,"featured_media":45552,"comment_status":"closed","ping_status":"closed","sticky":false,"template":"","format":"standard","meta":{"om_disable_all_campaigns":false,"_monsterinsights_skip_tracking":false,"_monsterinsights_sitenote_active":false,"_monsterinsights_sitenote_note":"","_monsterinsights_sitenote_category":0},"categories":[1],"tags":[],"aioseo_notices":[],"gutentor_comment":0,"rttpg_featured_image_url":{"full":["https:\/\/arantv.az\/wp-content\/uploads\/2019\/03\/44719486_2210845298926235_37561981802538.jpg",650,650,false],"landscape":["https:\/\/arantv.az\/wp-content\/uploads\/2019\/03\/44719486_2210845298926235_37561981802538.jpg",650,650,false],"portraits":["https:\/\/arantv.az\/wp-content\/uploads\/2019\/03\/44719486_2210845298926235_37561981802538.jpg",650,650,false],"thumbnail":["https:\/\/arantv.az\/wp-content\/uploads\/2019\/03\/44719486_2210845298926235_37561981802538-150x150.jpg",150,150,true],"medium":["https:\/\/arantv.az\/wp-content\/uploads\/2019\/03\/44719486_2210845298926235_37561981802538-300x300.jpg",300,300,true],"large":["https:\/\/arantv.az\/wp-content\/uploads\/2019\/03\/44719486_2210845298926235_37561981802538.jpg",640,640,false],"1536x1536":["https:\/\/arantv.az\/wp-content\/uploads\/2019\/03\/44719486_2210845298926235_37561981802538.jpg",650,650,false],"2048x2048":["https:\/\/arantv.az\/wp-content\/uploads\/2019\/03\/44719486_2210845298926235_37561981802538.jpg",650,650,false],"post-thumbnail":["https:\/\/arantv.az\/wp-content\/uploads\/2019\/03\/44719486_2210845298926235_37561981802538-240x172.jpg",240,172,true],"advps-thumb-one":["https:\/\/arantv.az\/wp-content\/uploads\/2019\/03\/44719486_2210845298926235_37561981802538-650x620.jpg",650,620,true]},"rttpg_author":{"display_name":"V\u00fcsal Rafiqo\u011flu","author_link":"https:\/\/arantv.az\/?author=2"},"rttpg_comment":0,"rttpg_category":"<a href=\"https:\/\/arantv.az\/?cat=1\" rel=\"category\">C\u0259miyy\u0259t<\/a>","rttpg_excerpt":"X\u0259b\u0259r verdiyimiz kimi, 2017-ci ilin dekabr\u0131nda Quban\u0131n X\u0131nal\u0131q k\u0259ndindd\u0259 itkin d\u00fc\u015f\u0259n &#8220;Gilavar&#8221; idman klubunun \u00fczvl\u0259ri Namin B\u00fcnyatov, Babur H\u00fcseynov v\u0259 F\u0259rid\u0259 C\u0259bray\u0131lzad\u0259nin meyitl\u0259ri 2018-ci ilin may ay\u0131nda tap\u0131lm\u0131\u015fd\u0131. ARANTV.AZ\u00a0x\u0259b\u0259r verir ki, h\u0259r \u00fc\u00e7 alpinistin c\u0259s\u0259di t\u0259xmin\u0259n eyni yerd\u0259, \u00e7ad\u0131r qurduqlar\u0131 \u0259razid\u0259 a\u015fkar edilmi\u015fdi. Alpinist F.C\u0259bray\u0131lzad\u0259nin m\u0259zar\u0131ndan g\u00f6r\u00fcnt\u00fcl\u0259ri yay\u0131mlan\u0131b. M\u0259rhum F\u0259rid\u0259 ya\u015fasayd\u0131, bu g\u00fcn, 15 mart&hellip;","_links":{"self":[{"href":"https:\/\/arantv.az\/index.php?rest_route=\/wp\/v2\/posts\/45551"}],"collection":[{"href":"https:\/\/arantv.az\/index.php?rest_route=\/wp\/v2\/posts"}],"about":[{"href":"https:\/\/arantv.az\/index.php?rest_route=\/wp\/v2\/types\/post"}],"author":[{"embeddable":true,"href":"https:\/\/arantv.az\/index.php?rest_route=\/wp\/v2\/users\/2"}],"replies":[{"embeddable":true,"href":"https:\/\/arantv.az\/index.php?rest_route=%2Fwp%2Fv2%2Fcomments&post=45551"}],"version-history":[{"count":0,"href":"https:\/\/arantv.az\/index.php?rest_route=\/wp\/v2\/posts\/45551\/revisions"}],"wp:featuredmedia":[{"embeddable":true,"href":"https:\/\/arantv.az\/index.php?rest_route=\/wp\/v2\/media\/45552"}],"wp:attachment":[{"href":"https:\/\/arantv.az\/index.php?rest_route=%2Fwp%2Fv2%2Fmedia&parent=45551"}],"wp:term":[{"taxonomy":"category","embeddable":true,"href":"https:\/\/arantv.az\/index.php?rest_route=%2Fwp%2Fv2%2Fcategories&post=45551"},{"taxonomy":"post_tag","embeddable":true,"href":"https:\/\/arantv.az\/index.php?rest_route=%2Fwp%2Fv2%2Ftags&post=45551"}],"curies":[{"name":"wp","href":"https:\/\/api.w.org\/{rel}","templated":true}]}}