{"id":45568,"date":"2019-03-15T12:27:17","date_gmt":"2019-03-15T09:27:17","guid":{"rendered":"http:\/\/arantv.az\/?p=45568"},"modified":"2019-03-15T12:27:17","modified_gmt":"2019-03-15T09:27:17","slug":"prezident-ilham-%c9%99liyev-kral-faysal-arasdirma-v%c9%99-islami-t%c9%99dqiqatlar-m%c9%99rk%c9%99zinin-idar%c9%99-surasinin-s%c9%99drini-q%c9%99bul-edib","status":"publish","type":"post","link":"https:\/\/arantv.az\/?p=45568","title":{"rendered":"Prezident \u0130lham \u018fliyev Kral Faysal Ara\u015fd\u0131rma v\u0259 \u0130slami T\u0259dqiqatlar M\u0259rk\u0259zinin \u0130dar\u0259 \u015euras\u0131n\u0131n s\u0259drini q\u0259bul edib"},"content":{"rendered":"<p><strong>ARANTV.AZ<\/strong> az\u0259rtac-a istinad\u0259n bildirir ki, Az\u0259rbaycan Respublikas\u0131n\u0131n Prezidenti \u0130lham \u018fliyev mart\u0131n 15-d\u0259 Kral Faysal Ara\u015fd\u0131rma v\u0259 \u0130slami T\u0259dqiqatlar M\u0259rk\u0259zinin \u0130dar\u0259 \u015euras\u0131n\u0131n s\u0259dri Turki Al Faysal\u0131 q\u0259bul edib.<\/p>\n","protected":false},"excerpt":{"rendered":"<p>ARANTV.AZ az\u0259rtac-a istinad\u0259n bildirir ki, Az\u0259rbaycan Respublikas\u0131n\u0131n Prezidenti \u0130lham \u018fliyev mart\u0131n 15-d\u0259 Kral Faysal Ara\u015fd\u0131rma v\u0259 \u0130slami T\u0259dqiqatlar M\u0259rk\u0259zinin \u0130dar\u0259 \u015euras\u0131n\u0131n s\u0259dri Turki Al Faysal\u0131 q\u0259bul edib.<\/p>\n","protected":false},"author":2,"featured_media":45569,"comment_status":"closed","ping_status":"closed","sticky":false,"template":"","format":"standard","meta":{"om_disable_all_campaigns":false,"_monsterinsights_skip_tracking":false,"_monsterinsights_sitenote_active":false,"_monsterinsights_sitenote_note":"","_monsterinsights_sitenote_category":0},"categories":[4],"tags":[],"aioseo_notices":[],"gutentor_comment":0,"rttpg_featured_image_url":{"full":["https:\/\/arantv.az\/wp-content\/uploads\/2019\/03\/739182.jpg",800,600,false],"landscape":["https:\/\/arantv.az\/wp-content\/uploads\/2019\/03\/739182.jpg",800,600,false],"portraits":["https:\/\/arantv.az\/wp-content\/uploads\/2019\/03\/739182.jpg",800,600,false],"thumbnail":["https:\/\/arantv.az\/wp-content\/uploads\/2019\/03\/739182-150x150.jpg",150,150,true],"medium":["https:\/\/arantv.az\/wp-content\/uploads\/2019\/03\/739182-300x225.jpg",300,225,true],"large":["https:\/\/arantv.az\/wp-content\/uploads\/2019\/03\/739182.jpg",640,480,false],"1536x1536":["https:\/\/arantv.az\/wp-content\/uploads\/2019\/03\/739182.jpg",800,600,false],"2048x2048":["https:\/\/arantv.az\/wp-content\/uploads\/2019\/03\/739182.jpg",800,600,false],"post-thumbnail":["https:\/\/arantv.az\/wp-content\/uploads\/2019\/03\/739182-240x172.jpg",240,172,true],"advps-thumb-one":["https:\/\/arantv.az\/wp-content\/uploads\/2019\/03\/739182.jpg",800,600,false]},"rttpg_author":{"display_name":"V\u00fcsal Rafiqo\u011flu","author_link":"https:\/\/arantv.az\/?author=2"},"rttpg_comment":0,"rttpg_category":"<a href=\"https:\/\/arantv.az\/?cat=4\" rel=\"category\">Siyas\u0259t<\/a>","rttpg_excerpt":"ARANTV.AZ az\u0259rtac-a istinad\u0259n bildirir ki, Az\u0259rbaycan Respublikas\u0131n\u0131n Prezidenti \u0130lham \u018fliyev mart\u0131n 15-d\u0259 Kral Faysal Ara\u015fd\u0131rma v\u0259 \u0130slami T\u0259dqiqatlar M\u0259rk\u0259zinin \u0130dar\u0259 \u015euras\u0131n\u0131n s\u0259dri Turki Al Faysal\u0131 q\u0259bul edib.","_links":{"self":[{"href":"https:\/\/arantv.az\/index.php?rest_route=\/wp\/v2\/posts\/45568"}],"collection":[{"href":"https:\/\/arantv.az\/index.php?rest_route=\/wp\/v2\/posts"}],"about":[{"href":"https:\/\/arantv.az\/index.php?rest_route=\/wp\/v2\/types\/post"}],"author":[{"embeddable":true,"href":"https:\/\/arantv.az\/index.php?rest_route=\/wp\/v2\/users\/2"}],"replies":[{"embeddable":true,"href":"https:\/\/arantv.az\/index.php?rest_route=%2Fwp%2Fv2%2Fcomments&post=45568"}],"version-history":[{"count":0,"href":"https:\/\/arantv.az\/index.php?rest_route=\/wp\/v2\/posts\/45568\/revisions"}],"wp:featuredmedia":[{"embeddable":true,"href":"https:\/\/arantv.az\/index.php?rest_route=\/wp\/v2\/media\/45569"}],"wp:attachment":[{"href":"https:\/\/arantv.az\/index.php?rest_route=%2Fwp%2Fv2%2Fmedia&parent=45568"}],"wp:term":[{"taxonomy":"category","embeddable":true,"href":"https:\/\/arantv.az\/index.php?rest_route=%2Fwp%2Fv2%2Fcategories&post=45568"},{"taxonomy":"post_tag","embeddable":true,"href":"https:\/\/arantv.az\/index.php?rest_route=%2Fwp%2Fv2%2Ftags&post=45568"}],"curies":[{"name":"wp","href":"https:\/\/api.w.org\/{rel}","templated":true}]}}