{"id":45581,"date":"2019-03-15T12:32:12","date_gmt":"2019-03-15T09:32:12","guid":{"rendered":"http:\/\/arantv.az\/?p=45581"},"modified":"2019-03-15T12:32:12","modified_gmt":"2019-03-15T09:32:12","slug":"oqtay-%c9%99s%c9%99dov-ot%c9%99n-il%c9%99-yekun-vurdu","status":"publish","type":"post","link":"https:\/\/arantv.az\/?p=45581","title":{"rendered":"Oqtay \u018fs\u0259dov \u00f6t\u0259n il\u0259 yekun vurdu"},"content":{"rendered":"<p>&#8220;2018-ci il \u00f6lk\u0259mizin sosial siyas\u0259t h\u0259yat\u0131nda ciddi il olub. \u00d6lk\u0259 ba\u015f\u00e7\u0131s\u0131n\u0131n Nazirl\u0259r Kabinetinin \u00f6t\u0259n ilin yekunlar\u0131 il\u0259 ba\u011fl\u0131 iclas\u0131nda s\u00f6yl\u0259diyi kimi, 2018-ci il Az\u0259rbaycanda d\u0259rin islahatlar ili oldu&#8221;.<\/p>\n<p><b>ARANTV.AZ<\/b>-\u0131n m\u0259lumat\u0131na g\u00f6r\u0259, bunu Milli M\u0259clisin spikeri Oqtay \u018fs\u0259dov parlamentin bu g\u00fcn ke\u00e7iril\u0259n plenar iclas\u0131nda deyib.<\/p>\n<p>Onun s\u00f6zl\u0259rin\u0259 g\u00f6r\u0259, bu islahatlar\u0131n n\u0259tic\u0259l\u0259ri g\u00f6z qar\u015f\u0131s\u0131ndad\u0131r: &#8220;G\u00f6r\u00fcl\u0259n i\u015fl\u0259r n\u0259tic\u0259sind\u0259 iqtisadiyyat\u0131m\u0131z\u0131n dayan\u0131ql\u0131 inki\u015faf\u0131 t\u0259min edilib. Cari ilin \u0259vv\u0259lind\u0259 minimum \u0259m\u0259k haqq\u0131n\u0131n, t\u0259qa\u00fcdl\u0259rin, pensiyalar\u0131n art\u0131r\u0131lmas\u0131 v\u0259 dig\u0259r sosial m\u0259s\u0259l\u0259l\u0259rin h\u0259lli h\u0259yata ke\u00e7iril\u0259n siyas\u0259tin n\u0259tic\u0259sidir. Apar\u0131c\u0131 t\u0259\u015fkilatlar bu islahatlar\u0131 y\u00fcks\u0259k qiym\u0259tl\u0259ndirir. D\u00fcnya Bank\u0131n\u0131n hesabat\u0131nda \u00f6lk\u0259miz \u0259vv\u0259lki hesabatlarla m\u00fcqayis\u0259d\u0259 22 pill\u0259 ir\u0259lil\u0259yib. Dig\u0259r hesabatlarda da Az\u0259rbaycan\u0131n m\u00f6vqeyi \u0259h\u0259miyy\u0259tli d\u0259r\u0259c\u0259d\u0259 yax\u015f\u0131la\u015fb. Bir s\u0131ra layih\u0259l\u0259r yadda qal\u0131b, iqtisadiyyat\u0131n \u015fax\u0259l\u0259ndirilm\u0259si, aqrar sah\u0259y\u0259 diqq\u0259t daha da rat\u0131r\u0131l\u0131b. Valyuta ehtiyatlar\u0131 \u00f6t\u0259n il 45 milyard dollara \u00e7at\u0131b&#8221;.sonxeber.az<\/p>\n","protected":false},"excerpt":{"rendered":"<p>&#8220;2018-ci il \u00f6lk\u0259mizin sosial siyas\u0259t h\u0259yat\u0131nda ciddi il olub. \u00d6lk\u0259 ba\u015f\u00e7\u0131s\u0131n\u0131n Nazirl\u0259r Kabinetinin \u00f6t\u0259n ilin yekunlar\u0131 il\u0259 ba\u011fl\u0131 iclas\u0131nda s\u00f6yl\u0259diyi kimi, 2018-ci il Az\u0259rbaycanda d\u0259rin islahatlar ili oldu&#8221;. ARANTV.AZ-\u0131n m\u0259lumat\u0131na g\u00f6r\u0259, bunu Milli M\u0259clisin spikeri Oqtay \u018fs\u0259dov parlamentin bu g\u00fcn ke\u00e7iril\u0259n plenar iclas\u0131nda deyib. Onun s\u00f6zl\u0259rin\u0259 g\u00f6r\u0259, bu islahatlar\u0131n n\u0259tic\u0259l\u0259ri g\u00f6z qar\u015f\u0131s\u0131ndad\u0131r: &#8220;G\u00f6r\u00fcl\u0259n i\u015fl\u0259r n\u0259tic\u0259sind\u0259 iqtisadiyyat\u0131m\u0131z\u0131n dayan\u0131ql\u0131 inki\u015faf\u0131 t\u0259min edilib. Cari ilin \u0259vv\u0259lind\u0259 minimum \u0259m\u0259k haqq\u0131n\u0131n, t\u0259qa\u00fcdl\u0259rin, pensiyalar\u0131n art\u0131r\u0131lmas\u0131 v\u0259 dig\u0259r sosial m\u0259s\u0259l\u0259l\u0259rin h\u0259lli h\u0259yata ke\u00e7iril\u0259n siyas\u0259tin n\u0259tic\u0259sidir. Apar\u0131c\u0131 t\u0259\u015fkilatlar bu islahatlar\u0131 y\u00fcks\u0259k qiym\u0259tl\u0259ndirir. D\u00fcnya Bank\u0131n\u0131n hesabat\u0131nda \u00f6lk\u0259miz \u0259vv\u0259lki hesabatlarla&hellip;<\/p>\n","protected":false},"author":2,"featured_media":45582,"comment_status":"closed","ping_status":"closed","sticky":false,"template":"","format":"standard","meta":{"om_disable_all_campaigns":false,"_monsterinsights_skip_tracking":false,"_monsterinsights_sitenote_active":false,"_monsterinsights_sitenote_note":"","_monsterinsights_sitenote_category":0},"categories":[4],"tags":[],"aioseo_notices":[],"gutentor_comment":0,"rttpg_featured_image_url":{"full":["https:\/\/arantv.az\/wp-content\/uploads\/2019\/03\/15526380434071670781538381961.jpg",549,297,false],"landscape":["https:\/\/arantv.az\/wp-content\/uploads\/2019\/03\/15526380434071670781538381961.jpg",549,297,false],"portraits":["https:\/\/arantv.az\/wp-content\/uploads\/2019\/03\/15526380434071670781538381961.jpg",549,297,false],"thumbnail":["https:\/\/arantv.az\/wp-content\/uploads\/2019\/03\/15526380434071670781538381961-150x150.jpg",150,150,true],"medium":["https:\/\/arantv.az\/wp-content\/uploads\/2019\/03\/15526380434071670781538381961-300x162.jpg",300,162,true],"large":["https:\/\/arantv.az\/wp-content\/uploads\/2019\/03\/15526380434071670781538381961.jpg",549,297,false],"1536x1536":["https:\/\/arantv.az\/wp-content\/uploads\/2019\/03\/15526380434071670781538381961.jpg",549,297,false],"2048x2048":["https:\/\/arantv.az\/wp-content\/uploads\/2019\/03\/15526380434071670781538381961.jpg",549,297,false],"post-thumbnail":["https:\/\/arantv.az\/wp-content\/uploads\/2019\/03\/15526380434071670781538381961-240x172.jpg",240,172,true],"advps-thumb-one":["https:\/\/arantv.az\/wp-content\/uploads\/2019\/03\/15526380434071670781538381961.jpg",549,297,false]},"rttpg_author":{"display_name":"V\u00fcsal Rafiqo\u011flu","author_link":"https:\/\/arantv.az\/?author=2"},"rttpg_comment":0,"rttpg_category":"<a href=\"https:\/\/arantv.az\/?cat=4\" rel=\"category\">Siyas\u0259t<\/a>","rttpg_excerpt":"&#8220;2018-ci il \u00f6lk\u0259mizin sosial siyas\u0259t h\u0259yat\u0131nda ciddi il olub. \u00d6lk\u0259 ba\u015f\u00e7\u0131s\u0131n\u0131n Nazirl\u0259r Kabinetinin \u00f6t\u0259n ilin yekunlar\u0131 il\u0259 ba\u011fl\u0131 iclas\u0131nda s\u00f6yl\u0259diyi kimi, 2018-ci il Az\u0259rbaycanda d\u0259rin islahatlar ili oldu&#8221;. ARANTV.AZ-\u0131n m\u0259lumat\u0131na g\u00f6r\u0259, bunu Milli M\u0259clisin spikeri Oqtay \u018fs\u0259dov parlamentin bu g\u00fcn ke\u00e7iril\u0259n plenar iclas\u0131nda deyib. Onun s\u00f6zl\u0259rin\u0259 g\u00f6r\u0259, bu islahatlar\u0131n n\u0259tic\u0259l\u0259ri g\u00f6z qar\u015f\u0131s\u0131ndad\u0131r: &#8220;G\u00f6r\u00fcl\u0259n i\u015fl\u0259r n\u0259tic\u0259sind\u0259&hellip;","_links":{"self":[{"href":"https:\/\/arantv.az\/index.php?rest_route=\/wp\/v2\/posts\/45581"}],"collection":[{"href":"https:\/\/arantv.az\/index.php?rest_route=\/wp\/v2\/posts"}],"about":[{"href":"https:\/\/arantv.az\/index.php?rest_route=\/wp\/v2\/types\/post"}],"author":[{"embeddable":true,"href":"https:\/\/arantv.az\/index.php?rest_route=\/wp\/v2\/users\/2"}],"replies":[{"embeddable":true,"href":"https:\/\/arantv.az\/index.php?rest_route=%2Fwp%2Fv2%2Fcomments&post=45581"}],"version-history":[{"count":0,"href":"https:\/\/arantv.az\/index.php?rest_route=\/wp\/v2\/posts\/45581\/revisions"}],"wp:featuredmedia":[{"embeddable":true,"href":"https:\/\/arantv.az\/index.php?rest_route=\/wp\/v2\/media\/45582"}],"wp:attachment":[{"href":"https:\/\/arantv.az\/index.php?rest_route=%2Fwp%2Fv2%2Fmedia&parent=45581"}],"wp:term":[{"taxonomy":"category","embeddable":true,"href":"https:\/\/arantv.az\/index.php?rest_route=%2Fwp%2Fv2%2Fcategories&post=45581"},{"taxonomy":"post_tag","embeddable":true,"href":"https:\/\/arantv.az\/index.php?rest_route=%2Fwp%2Fv2%2Ftags&post=45581"}],"curies":[{"name":"wp","href":"https:\/\/api.w.org\/{rel}","templated":true}]}}