{"id":45593,"date":"2019-03-15T12:50:14","date_gmt":"2019-03-15T09:50:14","guid":{"rendered":"http:\/\/arantv.az\/?p=45593"},"modified":"2019-03-15T12:50:14","modified_gmt":"2019-03-15T09:50:14","slug":"bas-nazir-qarabag-munaqis%c9%99sinin-h%c9%99llind%c9%99n-danisdi","status":"publish","type":"post","link":"https:\/\/arantv.az\/?p=45593","title":{"rendered":"Ba\u015f nazir Qaraba\u011f m\u00fcnaqi\u015f\u0259sinin h\u0259llind\u0259n dan\u0131\u015fd\u0131"},"content":{"rendered":"<p>Prezident\u00a0<strong>\u0130lham \u018fliyev<\/strong>in apard\u0131\u011f\u0131 u\u011furlu xarici siyas\u0259t d\u00f6vl\u0259timizin n\u00fcfuzunun y\u00fcks\u0259lm\u0259sin\u0259 v\u0259 Az\u0259rbaycan\u0131 d\u0259st\u0259kl\u0259y\u0259n \u00f6lk\u0259l\u0259rin say\u0131n\u0131n artmas\u0131na s\u0259b\u0259b olub.<\/p>\n<p><b>ARANTV.AZ\u00a0<\/b>x\u0259b\u0259r verir ki, bunu mart\u0131n 15-d\u0259 parlamentin plenar iclas\u0131nda h\u00f6kum\u0259tin hesabat\u0131 zaman\u0131 ba\u015f nazir\u00a0<strong>Novruz M\u0259mm\u0259dov\u00a0<\/strong>dil\u0259 g\u0259tirib.<\/p>\n<div id=\"AdributorNativeVideo0\" class=\"AdributorNativeVideo\"><\/div>\n<p>Ba\u015f nazir x\u00fcsusil\u0259 deyib ki, Qaraba\u011f m\u00fcnaqi\u015f\u0259sinin h\u0259lli Az\u0259rbaycan\u0131n xarici siyas\u0259tinin prioritet istiqam\u0259ti olaraq qal\u0131b.<\/p>\n<p>Onun s\u00f6zl\u0259rin\u0259 g\u00f6r\u0259, Erm\u0259nistan-Az\u0259rbaycan m\u00fcnaqi\u015f\u0259nin yaln\u0131z Az\u0259rbaycan\u0131n \u0259razi b\u00fct\u00f6vl\u00fcy\u00fc \u00e7\u0259r\u00e7iv\u0259sind\u0259 h\u0259ll edil\u0259c\u0259yi bir daha d\u00fcnya ictimaiyy\u0259tinin diqq\u0259tin\u0259 \u00e7atd\u0131r\u0131l\u0131b.oxu.az<\/p>\n","protected":false},"excerpt":{"rendered":"<p>Prezident\u00a0\u0130lham \u018fliyevin apard\u0131\u011f\u0131 u\u011furlu xarici siyas\u0259t d\u00f6vl\u0259timizin n\u00fcfuzunun y\u00fcks\u0259lm\u0259sin\u0259 v\u0259 Az\u0259rbaycan\u0131 d\u0259st\u0259kl\u0259y\u0259n \u00f6lk\u0259l\u0259rin say\u0131n\u0131n artmas\u0131na s\u0259b\u0259b olub. ARANTV.AZ\u00a0x\u0259b\u0259r verir ki, bunu mart\u0131n 15-d\u0259 parlamentin plenar iclas\u0131nda h\u00f6kum\u0259tin hesabat\u0131 zaman\u0131 ba\u015f nazir\u00a0Novruz M\u0259mm\u0259dov\u00a0dil\u0259 g\u0259tirib. Ba\u015f nazir x\u00fcsusil\u0259 deyib ki, Qaraba\u011f m\u00fcnaqi\u015f\u0259sinin h\u0259lli Az\u0259rbaycan\u0131n xarici siyas\u0259tinin prioritet istiqam\u0259ti olaraq qal\u0131b. Onun s\u00f6zl\u0259rin\u0259 g\u00f6r\u0259, Erm\u0259nistan-Az\u0259rbaycan m\u00fcnaqi\u015f\u0259nin yaln\u0131z Az\u0259rbaycan\u0131n \u0259razi b\u00fct\u00f6vl\u00fcy\u00fc \u00e7\u0259r\u00e7iv\u0259sind\u0259 h\u0259ll edil\u0259c\u0259yi bir daha d\u00fcnya ictimaiyy\u0259tinin diqq\u0259tin\u0259 \u00e7atd\u0131r\u0131l\u0131b.oxu.az<\/p>\n","protected":false},"author":2,"featured_media":45594,"comment_status":"closed","ping_status":"closed","sticky":false,"template":"","format":"standard","meta":{"om_disable_all_campaigns":false,"_monsterinsights_skip_tracking":false,"_monsterinsights_sitenote_active":false,"_monsterinsights_sitenote_note":"","_monsterinsights_sitenote_category":0},"categories":[4],"tags":[],"aioseo_notices":[],"gutentor_comment":0,"rttpg_featured_image_url":{"full":["https:\/\/arantv.az\/wp-content\/uploads\/2019\/03\/d3_71524296450.jpg",620,465,false],"landscape":["https:\/\/arantv.az\/wp-content\/uploads\/2019\/03\/d3_71524296450.jpg",620,465,false],"portraits":["https:\/\/arantv.az\/wp-content\/uploads\/2019\/03\/d3_71524296450.jpg",620,465,false],"thumbnail":["https:\/\/arantv.az\/wp-content\/uploads\/2019\/03\/d3_71524296450-150x150.jpg",150,150,true],"medium":["https:\/\/arantv.az\/wp-content\/uploads\/2019\/03\/d3_71524296450-300x225.jpg",300,225,true],"large":["https:\/\/arantv.az\/wp-content\/uploads\/2019\/03\/d3_71524296450.jpg",620,465,false],"1536x1536":["https:\/\/arantv.az\/wp-content\/uploads\/2019\/03\/d3_71524296450.jpg",620,465,false],"2048x2048":["https:\/\/arantv.az\/wp-content\/uploads\/2019\/03\/d3_71524296450.jpg",620,465,false],"post-thumbnail":["https:\/\/arantv.az\/wp-content\/uploads\/2019\/03\/d3_71524296450-240x172.jpg",240,172,true],"advps-thumb-one":["https:\/\/arantv.az\/wp-content\/uploads\/2019\/03\/d3_71524296450.jpg",620,465,false]},"rttpg_author":{"display_name":"V\u00fcsal Rafiqo\u011flu","author_link":"https:\/\/arantv.az\/?author=2"},"rttpg_comment":0,"rttpg_category":"<a href=\"https:\/\/arantv.az\/?cat=4\" rel=\"category\">Siyas\u0259t<\/a>","rttpg_excerpt":"Prezident\u00a0\u0130lham \u018fliyevin apard\u0131\u011f\u0131 u\u011furlu xarici siyas\u0259t d\u00f6vl\u0259timizin n\u00fcfuzunun y\u00fcks\u0259lm\u0259sin\u0259 v\u0259 Az\u0259rbaycan\u0131 d\u0259st\u0259kl\u0259y\u0259n \u00f6lk\u0259l\u0259rin say\u0131n\u0131n artmas\u0131na s\u0259b\u0259b olub. ARANTV.AZ\u00a0x\u0259b\u0259r verir ki, bunu mart\u0131n 15-d\u0259 parlamentin plenar iclas\u0131nda h\u00f6kum\u0259tin hesabat\u0131 zaman\u0131 ba\u015f nazir\u00a0Novruz M\u0259mm\u0259dov\u00a0dil\u0259 g\u0259tirib. Ba\u015f nazir x\u00fcsusil\u0259 deyib ki, Qaraba\u011f m\u00fcnaqi\u015f\u0259sinin h\u0259lli Az\u0259rbaycan\u0131n xarici siyas\u0259tinin prioritet istiqam\u0259ti olaraq qal\u0131b. Onun s\u00f6zl\u0259rin\u0259 g\u00f6r\u0259, Erm\u0259nistan-Az\u0259rbaycan m\u00fcnaqi\u015f\u0259nin yaln\u0131z Az\u0259rbaycan\u0131n&hellip;","_links":{"self":[{"href":"https:\/\/arantv.az\/index.php?rest_route=\/wp\/v2\/posts\/45593"}],"collection":[{"href":"https:\/\/arantv.az\/index.php?rest_route=\/wp\/v2\/posts"}],"about":[{"href":"https:\/\/arantv.az\/index.php?rest_route=\/wp\/v2\/types\/post"}],"author":[{"embeddable":true,"href":"https:\/\/arantv.az\/index.php?rest_route=\/wp\/v2\/users\/2"}],"replies":[{"embeddable":true,"href":"https:\/\/arantv.az\/index.php?rest_route=%2Fwp%2Fv2%2Fcomments&post=45593"}],"version-history":[{"count":0,"href":"https:\/\/arantv.az\/index.php?rest_route=\/wp\/v2\/posts\/45593\/revisions"}],"wp:featuredmedia":[{"embeddable":true,"href":"https:\/\/arantv.az\/index.php?rest_route=\/wp\/v2\/media\/45594"}],"wp:attachment":[{"href":"https:\/\/arantv.az\/index.php?rest_route=%2Fwp%2Fv2%2Fmedia&parent=45593"}],"wp:term":[{"taxonomy":"category","embeddable":true,"href":"https:\/\/arantv.az\/index.php?rest_route=%2Fwp%2Fv2%2Fcategories&post=45593"},{"taxonomy":"post_tag","embeddable":true,"href":"https:\/\/arantv.az\/index.php?rest_route=%2Fwp%2Fv2%2Ftags&post=45593"}],"curies":[{"name":"wp","href":"https:\/\/api.w.org\/{rel}","templated":true}]}}