{"id":45596,"date":"2019-03-15T12:53:12","date_gmt":"2019-03-15T09:53:12","guid":{"rendered":"http:\/\/arantv.az\/?p=45596"},"modified":"2019-03-15T12:53:12","modified_gmt":"2019-03-15T09:53:12","slug":"bu-s%c9%99xsl%c9%99r%c9%99-ev-verilsin-mill%c9%99t-v%c9%99kili","status":"publish","type":"post","link":"https:\/\/arantv.az\/?p=45596","title":{"rendered":"Bu \u015f\u0259xsl\u0259r\u0259 ev verilsin &#8211; Mill\u0259t v\u0259kili"},"content":{"rendered":"<p>&#8220;Milli q\u0259hr\u0259manlar evl\u0259 t\u0259min olunsun&#8221;.<\/p>\n<p><b>ARANTV.AZ\u00a0<\/b>x\u0259b\u0259r verir ki, bel\u0259 bir t\u0259klifl\u0259 Milli M\u0259clisin H\u00fcquq siyas\u0259ti v\u0259 d\u00f6vl\u0259t quruculu\u011fu komit\u0259sinin s\u0259dri \u018fli H\u00fcseynli parlamentd\u0259 h\u00f6kum\u0259tin hesabat\u0131n\u0131n m\u00fczakir\u0259si zaman\u0131 \u00e7\u0131\u0131x\u015f edib.<\/p>\n<p>Komit\u0259 s\u0259dri bildirib ki, bu g\u00fcn \u00f6lk\u0259d\u0259 Milli Q\u0259h\u0259rmanlar\u0131n \u0130ctimai Birliyi f\u0131\u0259aliyy\u0259t g\u00f6st\u0259rir v\u0259 onlar \u00f6lk\u0259 ba\u015f\u00e7\u0131s\u0131na m\u00fcraci\u0259t ed\u0259r\u0259k, milli q\u0259hr\u0259manlarla ba\u011fl\u0131 ayr\u0131ca qanunun haz\u0131rlanmas\u0131 t\u0259klifi il\u0259 m\u00fcracit\u0259 edibl\u0259r: &#8220;H\u00f6kum\u0259t bunu n\u0259z\u0259r\u0259 almal\u0131d\u0131r. Dig\u0259r bir m\u0259s\u0259l\u0259d\u0259 ondan ibar\u0259tdir ki, bu g\u00fcn Az\u0259rbaycanda sa\u011f olan v\u0259 ya\u015fayan \u00e7ox az sayda milli q\u0259hr\u0259man var evl\u0259 t\u0259min olunmay\u0131b. Nazirl\u0259r Kabineti v\u0259 \u018fm\u0259k v\u0259 \u0259halinin sosial m\u00fcdafi\u0259si nazirliyi bunu n\u0259z\u0259r\u0259 al\u0131b. Yax\u0131n g\u0259l\u0259c\u0259kd\u0259 onlar\u0131 evl\u0259 t\u0259min ets\u0259 yax\u015f\u0131 olard\u0131&#8221;.sonxeber.az<\/p>\n","protected":false},"excerpt":{"rendered":"<p>&#8220;Milli q\u0259hr\u0259manlar evl\u0259 t\u0259min olunsun&#8221;. ARANTV.AZ\u00a0x\u0259b\u0259r verir ki, bel\u0259 bir t\u0259klifl\u0259 Milli M\u0259clisin H\u00fcquq siyas\u0259ti v\u0259 d\u00f6vl\u0259t quruculu\u011fu komit\u0259sinin s\u0259dri \u018fli H\u00fcseynli parlamentd\u0259 h\u00f6kum\u0259tin hesabat\u0131n\u0131n m\u00fczakir\u0259si zaman\u0131 \u00e7\u0131\u0131x\u015f edib. Komit\u0259 s\u0259dri bildirib ki, bu g\u00fcn \u00f6lk\u0259d\u0259 Milli Q\u0259h\u0259rmanlar\u0131n \u0130ctimai Birliyi f\u0131\u0259aliyy\u0259t g\u00f6st\u0259rir v\u0259 onlar \u00f6lk\u0259 ba\u015f\u00e7\u0131s\u0131na m\u00fcraci\u0259t ed\u0259r\u0259k, milli q\u0259hr\u0259manlarla ba\u011fl\u0131 ayr\u0131ca qanunun haz\u0131rlanmas\u0131 t\u0259klifi il\u0259 m\u00fcracit\u0259 edibl\u0259r: &#8220;H\u00f6kum\u0259t bunu n\u0259z\u0259r\u0259 almal\u0131d\u0131r. Dig\u0259r bir m\u0259s\u0259l\u0259d\u0259 ondan ibar\u0259tdir ki, bu g\u00fcn Az\u0259rbaycanda sa\u011f olan v\u0259 ya\u015fayan \u00e7ox az sayda milli q\u0259hr\u0259man var evl\u0259 t\u0259min olunmay\u0131b. Nazirl\u0259r Kabineti v\u0259 \u018fm\u0259k v\u0259 \u0259halinin&hellip;<\/p>\n","protected":false},"author":2,"featured_media":45597,"comment_status":"closed","ping_status":"closed","sticky":false,"template":"","format":"standard","meta":{"om_disable_all_campaigns":false,"_monsterinsights_skip_tracking":false,"_monsterinsights_sitenote_active":false,"_monsterinsights_sitenote_note":"","_monsterinsights_sitenote_category":0},"categories":[1],"tags":[],"aioseo_notices":[],"gutentor_comment":0,"rttpg_featured_image_url":{"full":["https:\/\/arantv.az\/wp-content\/uploads\/2019\/03\/1552643279263315_res_01.jpg",549,345,false],"landscape":["https:\/\/arantv.az\/wp-content\/uploads\/2019\/03\/1552643279263315_res_01.jpg",549,345,false],"portraits":["https:\/\/arantv.az\/wp-content\/uploads\/2019\/03\/1552643279263315_res_01.jpg",549,345,false],"thumbnail":["https:\/\/arantv.az\/wp-content\/uploads\/2019\/03\/1552643279263315_res_01-150x150.jpg",150,150,true],"medium":["https:\/\/arantv.az\/wp-content\/uploads\/2019\/03\/1552643279263315_res_01-300x189.jpg",300,189,true],"large":["https:\/\/arantv.az\/wp-content\/uploads\/2019\/03\/1552643279263315_res_01.jpg",549,345,false],"1536x1536":["https:\/\/arantv.az\/wp-content\/uploads\/2019\/03\/1552643279263315_res_01.jpg",549,345,false],"2048x2048":["https:\/\/arantv.az\/wp-content\/uploads\/2019\/03\/1552643279263315_res_01.jpg",549,345,false],"post-thumbnail":["https:\/\/arantv.az\/wp-content\/uploads\/2019\/03\/1552643279263315_res_01-240x172.jpg",240,172,true],"advps-thumb-one":["https:\/\/arantv.az\/wp-content\/uploads\/2019\/03\/1552643279263315_res_01.jpg",549,345,false]},"rttpg_author":{"display_name":"V\u00fcsal Rafiqo\u011flu","author_link":"https:\/\/arantv.az\/?author=2"},"rttpg_comment":0,"rttpg_category":"<a href=\"https:\/\/arantv.az\/?cat=1\" rel=\"category\">C\u0259miyy\u0259t<\/a>","rttpg_excerpt":"&#8220;Milli q\u0259hr\u0259manlar evl\u0259 t\u0259min olunsun&#8221;. ARANTV.AZ\u00a0x\u0259b\u0259r verir ki, bel\u0259 bir t\u0259klifl\u0259 Milli M\u0259clisin H\u00fcquq siyas\u0259ti v\u0259 d\u00f6vl\u0259t quruculu\u011fu komit\u0259sinin s\u0259dri \u018fli H\u00fcseynli parlamentd\u0259 h\u00f6kum\u0259tin hesabat\u0131n\u0131n m\u00fczakir\u0259si zaman\u0131 \u00e7\u0131\u0131x\u015f edib. Komit\u0259 s\u0259dri bildirib ki, bu g\u00fcn \u00f6lk\u0259d\u0259 Milli Q\u0259h\u0259rmanlar\u0131n \u0130ctimai Birliyi f\u0131\u0259aliyy\u0259t g\u00f6st\u0259rir v\u0259 onlar \u00f6lk\u0259 ba\u015f\u00e7\u0131s\u0131na m\u00fcraci\u0259t ed\u0259r\u0259k, milli q\u0259hr\u0259manlarla ba\u011fl\u0131 ayr\u0131ca qanunun haz\u0131rlanmas\u0131 t\u0259klifi&hellip;","_links":{"self":[{"href":"https:\/\/arantv.az\/index.php?rest_route=\/wp\/v2\/posts\/45596"}],"collection":[{"href":"https:\/\/arantv.az\/index.php?rest_route=\/wp\/v2\/posts"}],"about":[{"href":"https:\/\/arantv.az\/index.php?rest_route=\/wp\/v2\/types\/post"}],"author":[{"embeddable":true,"href":"https:\/\/arantv.az\/index.php?rest_route=\/wp\/v2\/users\/2"}],"replies":[{"embeddable":true,"href":"https:\/\/arantv.az\/index.php?rest_route=%2Fwp%2Fv2%2Fcomments&post=45596"}],"version-history":[{"count":0,"href":"https:\/\/arantv.az\/index.php?rest_route=\/wp\/v2\/posts\/45596\/revisions"}],"wp:featuredmedia":[{"embeddable":true,"href":"https:\/\/arantv.az\/index.php?rest_route=\/wp\/v2\/media\/45597"}],"wp:attachment":[{"href":"https:\/\/arantv.az\/index.php?rest_route=%2Fwp%2Fv2%2Fmedia&parent=45596"}],"wp:term":[{"taxonomy":"category","embeddable":true,"href":"https:\/\/arantv.az\/index.php?rest_route=%2Fwp%2Fv2%2Fcategories&post=45596"},{"taxonomy":"post_tag","embeddable":true,"href":"https:\/\/arantv.az\/index.php?rest_route=%2Fwp%2Fv2%2Ftags&post=45596"}],"curies":[{"name":"wp","href":"https:\/\/api.w.org\/{rel}","templated":true}]}}