{"id":45613,"date":"2019-03-15T13:36:43","date_gmt":"2019-03-15T10:36:43","guid":{"rendered":"http:\/\/arantv.az\/?p=45613"},"modified":"2019-03-15T13:36:43","modified_gmt":"2019-03-15T10:36:43","slug":"prezidentin-11-ayda-gorduyu-isl%c9%99r-may","status":"publish","type":"post","link":"https:\/\/arantv.az\/?p=45613","title":{"rendered":"Prezidentin 11 ayda g\u00f6rd\u00fcy\u00fc i\u015fl\u0259r: May"},"content":{"rendered":"<p>11 aprel 2019-cu ild\u0259\u00a0<strong>\u0130lham \u018fliyev<\/strong>in n\u00f6vb\u0259ti d\u0259f\u0259 Az\u0259rbaycan prezidenti se\u00e7ilm\u0259sinin bir ili tamam olur.<\/p>\n<p><b>ARANTV.AZ\u00a0<\/b>\u0130lham \u018fliyevin prezidentliyinin 11 ay\u0131nda i\u015ftirak etdiyi t\u0259dbirl\u0259r, imzalad\u0131\u011f\u0131 f\u0259rman v\u0259 s\u0259r\u0259ncamlarla ba\u011fl\u0131 silsil\u0259 m\u0259qal\u0259l\u0259rini davam etdirir.<\/p>\n<p>N\u00f6vb\u0259ti yaz\u0131 may ay\u0131n\u0131 \u0259hat\u0259 edir.<\/p>\n<div id=\"AdributorNativeVideo0\" class=\"AdributorNativeVideo\"><\/div>\n<p><strong>KADR \u0130SLAHATLARI\u00a0<\/strong><\/p>\n<p>Prezident \u0130lham \u018fliyevin son bir illik f\u0259aliyy\u0259ti ciddi kadr islahatlar\u0131 il\u0259 yadda qal\u0131b. Bu islahatlar\u0131n bir hiss\u0259si may ay\u0131na t\u0259sad\u00fcf edir.<\/p>\n<p>May\u0131n 11-d\u0259 \u0130lham \u018fliyevin s\u0259r\u0259ncam\u0131 il\u0259 F\u0259r\u0259h \u018fliyeva Az\u0259rbaycan Respublikas\u0131 Prezidentinin Administrasiyas\u0131n\u0131n humanitar siyas\u0259t m\u0259s\u0259l\u0259l\u0259ri \u015f\u00f6b\u0259sinin m\u00fcdiri t\u0259yin edilib.<\/p>\n<p>Bundan ba\u015fqa, Bin\u0259q\u0259di Rayon \u0130cra Hakimiyy\u0259tinin ba\u015f\u00e7\u0131s\u0131 Xal\u0259ddin \u0130sg\u0259nd\u0259rov v\u0259 Naftalan \u015e\u0259h\u0259r \u0130cra Hakimiyy\u0259tinin ba\u015f\u00e7\u0131s\u0131 Natiq Aslanov prezidentin m\u00fcvafiq s\u0259r\u0259ncamlar\u0131 il\u0259 v\u0259zif\u0259l\u0259rind\u0259n azad edilib. Dig\u0259r s\u0259r\u0259ncamla R\u00f6v\u015f\u0259n \u0130brahimov Naftalan \u015e\u0259h\u0259r \u0130cra Hakimiyy\u0259tinin ba\u015f\u00e7\u0131s\u0131 t\u0259yin edilib.<\/p>\n<div><iframe loading=\"lazy\" src=\"https:\/\/www.youtube.com\/embed\/vXOFQPEF3fE\" width=\"600\" height=\"400\" frameborder=\"0\" allowfullscreen=\"allowfullscreen\" data-mce-fragment=\"1\"><\/iframe><\/div>\n<p><strong>REG\u0130ONLARA S\u018fF\u018fRL\u018fR<\/strong><\/p>\n<p>\u0130lham \u018fliyev aprelin 11-d\u0259 ke\u00e7iril\u0259n prezident se\u00e7kil\u0259rind\u0259 q\u0259l\u0259b\u0259 qazand\u0131qdan sonra may\u0131n 4-d\u0259 regionlara s\u0259f\u0259rl\u0259r\u0259\u00a0ba\u015flay\u0131b.<\/p>\n<p>\u0130lk s\u0259f\u0259r Xa\u00e7maz rayonuna olub.<\/p>\n<p>S\u0259f\u0259r zaman\u0131 prezident \u00c7arx\u0131-Qala\u011fan-Hac\u0131lar-Xanl\u0131qoba-Sayad-M\u0259mm\u0259dxanl\u0131 avtomobil yolunun yenid\u0259nqurmadan sonra istifad\u0259y\u0259 verilm\u0259sind\u0259, \u201cAz\u0259rxal\u00e7a\u201d ASC-nin Xa\u00e7maz filial\u0131n\u0131n v\u0259 Xa\u00e7maz-Xudat avtomobil yolunun a\u00e7\u0131l\u0131\u015f\u0131nda i\u015ftirak edib.<\/p>\n<p><img src=\"https:\/\/assets.oxu.az\/uploads\/W1siZiIsIjIwMTkvMDMvMTQvMTYvNTcvMDUvMTEwZWM5ZTMtNmU0Mi00YTNkLTg3NWQtODA0OGQ3MjU1NDIxL1hhY21hei5qcGciXSxbInAiLCJlbmNvZGUiLCJqcGciLCItcXVhbGl0eSA4MCJdLFsicCIsInRodW1iIiwiNTkweDU5MFx1MDAzZSJdXQ?sha=ff5b76c09b68f7b1\" alt=\"\" \/><\/p>\n<p>Daha sonra prezident X\u0131z\u0131 rayonuna s\u0259f\u0259r ed\u0259r\u0259k, burada X\u0131z\u0131 \u015f\u0259h\u0259rin\u0259 v\u0259 Alt\u0131a\u011fac q\u0259s\u0259b\u0259sin\u0259 i\u00e7m\u0259li suyun verilm\u0259si m\u0259rasimind\u0259 v\u0259 Gil\u0259zi-X\u0131z\u0131 avtomagistral\u0131n\u0131 F\u0131nd\u0131\u011fan k\u0259ndi il\u0259 birl\u0259\u015fdir\u0259n yolun a\u00e7\u0131l\u0131\u015f\u0131nda i\u015ftirak edib.<\/p>\n<p>Prezident \u0130lham \u018fliyevin regionlara n\u00f6vb\u0259ti s\u0259f\u0259ri Nax\u00e7\u0131van Muxtar Respublikas\u0131na olub. O, burada bir s\u0131ra a\u00e7\u0131l\u0131\u015f m\u0259rasiml\u0259rin\u0259 qat\u0131l\u0131b.<\/p>\n<p>Bundan ba\u015fqa, \u0130lham \u018fliyev D\u00f6vl\u0259t S\u0259rh\u0259d Xidm\u0259tinin Nax\u00e7\u0131van \u015f\u0259h\u0259r Qara\u00e7uq \u0259razi dair\u0259sind\u0259ki s\u0259rh\u0259d d\u0259st\u0259sind\u0259 v\u0259 \u018flahidd\u0259 \u00dcmumqo\u015fun Ordusunun \u201cN\u201d sayl\u0131 h\u0259rbi hiss\u0259sind\u0259 yarad\u0131lan \u015f\u0259raitl\u0259 tan\u0131\u015f olub.<\/p>\n<p><strong>ABADLA\u015eDIRMA \u00dc\u00c7\u00dcN PUL AYRILDI<\/strong><\/p>\n<p>2018-ci ilin may ay\u0131nda prezident \u0130lham \u018fliyev \u00fcmumilikd\u0259 yol tikintisin\u0259 127,6 milyon manat v\u0259sait ayr\u0131lmas\u0131 il\u0259 ba\u011fl\u0131 s\u0259r\u0259ncamlar imzalay\u0131b.<\/p>\n<p>&nbsp;<\/p>\n<p>Prezidentin bu s\u0259r\u0259ncamlar\u0131na uy\u011fun olaraq, \u00f6t\u0259n il dekabr\u0131n 28-d\u0259 Ziya B\u00fcnyadov prospekti il\u0259 Balaxan\u0131-Bin\u0259q\u0259di avtomobil yolunu birl\u0259\u015fdir\u0259n yeni yolun a\u00e7\u0131l\u0131\u015f\u0131 olub v\u0259 2019-cu il yanvar\u0131n 10-da T\u0259rt\u0259r \u00e7ay\u0131 \u00fcz\u0259rind\u0259 126 metr uzunlu\u011funda yeni k\u00f6rp\u00fc in\u015fa edilib.<\/p>\n<p>Bundan ba\u015fqa, \u00f6t\u0259n il oktyabr\u0131n 20-d\u0259 yay\u0131lan m\u0259lumatlarda A\u011fsu rayonunda Mu\u011fanl\u0131-\u0130smay\u0131ll\u0131 avtomobil yolunun 7-ci km-d\u0259n ayr\u0131lan Xatman-Hacman-Kalva-Suraxan\u0131 avtomobil yolunun tikintisin\u0259 ba\u015flan\u0131ld\u0131\u011f\u0131 bildirilib.<\/p>\n<p>L\u00f6kbatan-G\u00fczd\u0259k avtomobil yolunun tikintisi il\u0259 ba\u011fl\u0131 son m\u0259lumat bu il yanvar\u0131n 14-d\u0259 yay\u0131mlan\u0131b. Bildirilib ki, yolun tikintisind\u0259 i\u015fl\u0259r yekunla\u015fmaq \u00fczr\u0259dir.<\/p>\n<p>Yanvar\u0131n 15-d\u0259 is\u0259 Culfa-Ordubad magistral avtomobil yolu yenid\u0259n qurulmas\u0131 il\u0259 ba\u011fl\u0131 m\u0259lumat d\u0259rc edilib. Qeyd edilib ki, 58 kilometr uzunlu\u011funda yolda tikinti i\u015fl\u0259ri u\u011furla davam etdirilir.<\/p>\n<p>Bundan ba\u015fqa, prezidentin \u00f6t\u0259n ilin may\u0131nda verdiyi s\u0259r\u0259ncamlara \u0259sas\u0259n,<\/p>\n<p>&nbsp;<\/p>\n<p>X\u0131z\u0131 \u015f\u0259h\u0259rind\u0259 1 n\u00f6mr\u0259li tam orta m\u0259kt\u0259bin 420 \u015fagird yerlik yeni binas\u0131n\u0131n tikintisi i\u015fl\u0259rin\u0259 bu il mart\u0131n 6-da ba\u015flan\u0131l\u0131b. Binan\u0131n bu ilin sonunad\u0259k istifad\u0259y\u0259 verilm\u0259si n\u0259z\u0259rd\u0259 tutulur.<\/p>\n<p><strong>\u018fFV S\u018fR\u018fNCAMI<\/strong><\/p>\n<p>May\u0131n 24-d\u0259 prezident \u0130lham \u018fliyev m\u0259hkum edilmi\u015f bir s\u0131ra \u015f\u0259xsl\u0259rin Az\u0259rbaycan Xalq C\u00fcmhuriyy\u0259tinin 100 illiyi m\u00fcnasib\u0259til\u0259 \u0259fv olunmas\u0131 haqq\u0131nda s\u0259r\u0259ncam imzalay\u0131b. S\u0259r\u0259ncama \u0259sas\u0259n, azadl\u0131qdan m\u0259hrumetm\u0259 c\u0259zas\u0131na m\u0259hkum edilmi\u015f 607 \u015f\u0259xs c\u0259zan\u0131n \u00e7\u0259kilm\u0259mi\u015f hiss\u0259sind\u0259n azad olunub.<\/p>\n<p><img src=\"https:\/\/assets.oxu.az\/uploads\/W1siZiIsIjIwMTkvMDMvMTQvMTYvNTcvMDQvMDMzNTI1ODAtNmEzOS00MjA5LWExNzktOGI3Mjc5YmIyYjEwL2Vmdi5qcGciXSxbInAiLCJlbmNvZGUiLCJqcGciLCItcXVhbGl0eSA4MCJdLFsicCIsInRodW1iIiwiNTkweDU5MFx1MDAzZSJdXQ?sha=77e443174d518295\" alt=\"\" \/><\/p>\n<p>Bundan ba\u015fqa, azadl\u0131qdan m\u0259hrumetm\u0259 c\u0259zas\u0131na m\u0259hkum edilmi\u015f v\u0259 c\u0259zas\u0131n\u0131n \u00e7\u0259kilm\u0259si t\u0259xir\u0259 sal\u0131nm\u0131\u015f bir n\u0259f\u0259r, h\u0259m\u00e7inin, azadl\u0131qdan m\u0259hrumetm\u0259 c\u0259zas\u0131na \u015f\u0259rti olaraq m\u0259hkum edilmi\u015f doqquz\u00a0n\u0259f\u0259r c\u0259zadan azad edilib.<\/p>\n<p>El\u0259c\u0259 d\u0259, islah i\u015fl\u0259ri c\u0259zas\u0131na m\u0259hkum edilmi\u015f alt\u0131\u00a0n\u0259f\u0259r c\u0259zan\u0131n \u00e7\u0259kilm\u0259mi\u015f hiss\u0259sind\u0259n, c\u0259rim\u0259 c\u0259zas\u0131na m\u0259hkum edilmi\u015f 11 n\u0259f\u0259r is\u0259 c\u0259zadan azad olunub.<\/p>\n<p><strong>C\u00dcMHUR\u0130YY\u018fT\u0130N 100 \u0130LL\u0130Y\u0130<\/strong><\/p>\n<p>Bu il Az\u0259rbaycan Xalq C\u00fcmhuriyy\u0259tinin yaranmas\u0131n\u0131n 100 illik yubileyi qeyd edilib.<\/p>\n<p>May\u0131n 28-d\u0259 \u0130lham \u018fliyev Az\u0259rbaycan Xalq C\u00fcmhuriyy\u0259tinin \u015f\u0259r\u0259fin\u0259 paytaxt\u0131n \u0130stiqlaliyy\u0259t k\u00fc\u00e7\u0259sind\u0259 ucald\u0131lm\u0131\u015f abid\u0259ni milli bayram &#8211; Respublika G\u00fcn\u00fc m\u00fcnasib\u0259til\u0259 ziyar\u0259t edib.<\/p>\n<p>\u00d6lk\u0259 ba\u015f\u00e7\u0131s\u0131 Az\u0259rbaycan Xalq C\u00fcmhuriyy\u0259tinin yarad\u0131lmas\u0131n\u0131n tarixi hadis\u0259 oldu\u011funu deyib.<\/p>\n<p><img src=\"https:\/\/assets.oxu.az\/uploads\/W1siZiIsIjIwMTkvMDMvMTQvMTYvNTcvMDQvN2U3YmIxMGYtYTY0Ny00NjRjLWIzZDEtNjVkNTYyZWNmYjViLzEwMCBpbC5qcGciXSxbInAiLCJlbmNvZGUiLCJqcGciLCItcXVhbGl0eSA4MCJdLFsicCIsInRodW1iIiwiNTkweDU5MFx1MDAzZSJdXQ?sha=0428d862893c7592\" alt=\"\" \/><\/p>\n<p>\u201c\u0130lk d\u0259f\u0259 olaraq m\u00fcs\u0259lman al\u0259mind\u0259 demokratik respublika yarad\u0131l\u0131b. Biz haql\u0131 olaraq f\u0259xr edirik ki, bu respublikan\u0131 Az\u0259rbaycan xalq\u0131 yarad\u0131b. Bu, bir daha onu g\u00f6st\u0259rir ki, Az\u0259rbaycan xalq\u0131 b\u00f6y\u00fck xalqd\u0131r, Az\u0259rbaycan xalq\u0131 azadl\u0131qsev\u0259r, m\u00fct\u0259r\u0259qqi xalqd\u0131r\u201d, &#8211; dey\u0259 d\u00f6vl\u0259t ba\u015f\u00e7\u0131s\u0131 qeyd edib.<\/p>\n<p>Xat\u0131rladaq ki, 2017-ci il may\u0131n 16-da \u0130lham \u018fliyev \u201cAz\u0259rbaycan Xalq C\u00fcmhuriyy\u0259tinin 100 illik yubileyi haqq\u0131nda\u201d s\u0259r\u0259ncam imzalay\u0131b. Bundan ba\u015fqa, \u00f6t\u0259n il yanvar\u0131n 10-da prezidentin dig\u0259r s\u0259r\u0259ncam\u0131 il\u0259 2018-ci il \u201cAz\u0259rbaycan Xalq C\u00fcmhuriyy\u0259ti \u0130li\u201d elan edilib.<\/p>\n<p><strong>BAKIDA BEYN\u018fLXALQ \u0130DMAN YARI\u015eLARI<\/strong><\/p>\n<p>Prezident \u0130lham \u018fliyev \u00f6t\u0259n ilin may\u0131nda Bak\u0131da ke\u00e7iril\u0259c\u0259k beyn\u0259lxalq idman yar\u0131\u015flar\u0131 il\u0259 ba\u011fl\u0131 m\u00fcvafiq s\u0259r\u0259ncamlar verib.<\/p>\n<p>Bel\u0259 ki, may\u0131n 7-d\u0259, Futbol \u00fczr\u0259 UEFA Avropa Liqas\u0131n\u0131n final oyununun 2019-cu ild\u0259 Bak\u0131 \u015f\u0259h\u0259rind\u0259 ke\u00e7irilm\u0259si il\u0259 \u0259laq\u0259dar T\u0259\u015fkilat Komit\u0259sinin v\u0259 may\u0131n 15-d\u0259 Avropa G\u0259ncl\u0259r Olimpiya Festival\u0131n\u0131n 2019-cu ild\u0259 Bak\u0131 \u015f\u0259h\u0259rind\u0259 ke\u00e7irilm\u0259si il\u0259 \u0259laq\u0259dar T\u0259\u015fkilat Komit\u0259sinin yarad\u0131lmas\u0131 haqq\u0131nda s\u0259r\u0259ncamlar imzalan\u0131b.<\/p>\n<p><strong>BAKIDAKI A\u00c7ILI\u015eLAR<\/strong><\/p>\n<p>\u0130lham \u018fliyev \u00f6t\u0259n ilin may\u0131nda Bak\u0131 Olimpiya Stadionundan Heyd\u0259r \u018fliyev prospektin\u0259 ke\u00e7id v\u0259 m\u00fcxt\u0259lif s\u0259viyy\u0259li yol qov\u015fa\u011f\u0131n\u0131n, \u201cDinamo\u201d hotelinin, Bak\u0131 Beyn\u0259lxalq D\u0259niz Ticar\u0259t Liman\u0131 Kompleksinin, Heyd\u0259r \u018fliyev ad\u0131na M\u00fcasir T\u0259hsil Kompleksinin yeni binas\u0131n\u0131n, Yeni Az\u0259rbaycan Partiyas\u0131n\u0131n yeni inzibati binas\u0131n\u0131n, Bak\u0131da y\u00fcks\u0259kg\u0259rginlikli avadanl\u0131qlar zavodunun v\u0259 Qarada\u011f rayonunda yenid\u0259n qurulan L\u00f6kbatan-Qobu avtomobil yolunun a\u00e7\u0131l\u0131\u015f m\u0259rasiml\u0259rimd\u0259 i\u015ftirak edib.<\/p>\n<div><iframe loading=\"lazy\" src=\"https:\/\/www.youtube.com\/embed\/fmAjyWBtm7Y\" width=\"560\" height=\"315\" frameborder=\"0\" allowfullscreen=\"allowfullscreen\" data-mce-fragment=\"1\"><\/iframe><\/div>\n<p>Bundan \u0259lav\u0259, prezident \u0130lham \u018fliyev Qarada\u011f rayonunda m\u0259cburi k\u00f6\u00e7k\u00fcnl\u0259r \u00fc\u00e7\u00fcn sal\u0131nm\u0131\u015f \u201cQobu Park\u201d ya\u015fay\u0131\u015f kompleksinin d\u0259 a\u00e7\u0131l\u0131\u015f\u0131n\u0131 edib. \u00dcmumi sah\u0259si 6,4 hektar olan ya\u015fay\u0131\u015f kompleksind\u0259 iki\u00a0bloklu, doqquz\u00a0m\u0259rt\u0259b\u0259li 1026 m\u0259nzilli 11 ya\u015fay\u0131\u015f binas\u0131 in\u015fa olunub. Buradak\u0131 m\u0259nzill\u0259rd\u0259n 108-i birotaql\u0131, 396-s\u0131 ikiotaql\u0131, 360-\u0131 \u00fc\u00e7otaql\u0131, 162-si is\u0259 d\u00f6rdotaql\u0131d\u0131r.<\/p>\n<p>Yeni ya\u015fay\u0131\u015f kompleksind\u0259 q\u0259zal\u0131 binalarda m\u0259skunla\u015fm\u0131\u015f 1026 m\u0259cburi k\u00f6\u00e7k\u00fcn ail\u0259si m\u0259nzill\u0259 t\u0259min olunub. Kompleksd\u0259 222 yerlik u\u015faq ba\u011f\u00e7as\u0131 v\u0259 624 \u015fagird yerlik tam orta m\u0259kt\u0259b d\u0259 in\u015fa olunub.<\/p>\n<p>\u00d6t\u0259n ilin may\u0131nda \u0259n yaddaqalan hadis\u0259l\u0259rind\u0259n biri 2014-c\u00fc ild\u0259 t\u0259m\u0259li qoyulan C\u0259nub Qaz D\u0259hlizinin r\u0259smi a\u00e7\u0131l\u0131\u015f m\u0259rasimi\u00a0olub. T\u0259dbird\u0259 \u0130lham \u018fliyevl\u0259 yana\u015f\u0131, bir s\u0131ra xarici \u00f6lk\u0259 r\u0259smil\u0259ri d\u0259 i\u015ftirak edib.<\/p>\n<p><strong>VETERANLARLA G\u00d6R\u00dc\u015e<\/strong><\/p>\n<p>Prezident \u0130lham \u018fliyev v\u0259 birinci xan\u0131m Mehriban \u018fliyeva 9 May &#8211; Q\u0259l\u0259b\u0259 G\u00fcn\u00fc m\u00fcnasib\u0259til\u0259 Bak\u0131da ke\u00e7iril\u0259n m\u0259rasimd\u0259 i\u015ftirak edib. \u0130lham \u018fliyev iki d\u0259f\u0259 Sovet \u0130ttifaq\u0131 Q\u0259hr\u0259man\u0131, tank qo\u015funlar\u0131 general-mayoru H\u0259zi Aslanovun abid\u0259si \u00f6n\u00fcn\u0259 \u0259klil qoyub.<\/p>\n<p>Daha sonra prezident v\u0259 xan\u0131m\u0131 B\u00f6y\u00fck V\u0259t\u0259n M\u00fcharib\u0259si veteranlar\u0131 il\u0259, Sovet \u0130ttifaq\u0131 Q\u0259hr\u0259man\u0131 H\u0259zi Aslanovun ail\u0259 \u00fczvl\u0259ri, yax\u0131n qohumlar\u0131 il\u0259 g\u00f6r\u00fc\u015f\u00fcb.<\/p>\n<div><iframe loading=\"lazy\" src=\"https:\/\/www.youtube.com\/embed\/eO2wxaadVcI\" width=\"560\" height=\"315\" frameborder=\"0\" allowfullscreen=\"allowfullscreen\" data-mce-fragment=\"1\"><\/iframe><\/div>\n<p><strong>\u0130NC\u018fS\u018fN\u018fT XAD\u0130ML\u018fR\u0130 D\u018f D\u0130QQ\u018fTD\u018fN K\u018fNARDA QALMADI<\/strong><\/p>\n<p>Prezident inc\u0259s\u0259n\u0259t xadiml\u0259rini d\u0259 diqq\u0259td\u0259n k\u0259narda saxlamay\u0131b. May\u0131n 9-da prezidentin s\u0259r\u0259ncamlar\u0131 il\u0259 apar\u0131c\u0131 inc\u0259s\u0259n\u0259t xadiml\u0259rin\u0259 Az\u0259rbaycan Respublikas\u0131 Prezidentinin m\u00fckafatlar\u0131 v\u0259 f\u0259rdi t\u0259qa\u00fcdl\u0259ri, may\u0131n 18-d\u0259 \u0130lham \u018fliyevin dig\u0259r s\u0259r\u0259ncam\u0131 il\u0259 Muzey i\u015fi sah\u0259sind\u0259 \u00e7al\u0131\u015fan bir qrup \u015f\u0259xs\u0259 Az\u0259rbaycan Respublikas\u0131n\u0131n \u201c\u018fm\u0259kdar m\u0259d\u0259niyy\u0259t i\u015f\u00e7isi\u201d f\u0259xri ad\u0131 verilib.<\/p>\n<p>May\u0131n 27-d\u0259 is\u0259 Az\u0259rbaycan m\u0259d\u0259niyy\u0259tinin inki\u015faf\u0131nda xidm\u0259tl\u0259rin\u0259 g\u00f6r\u0259 33 inc\u0259s\u0259n\u0259t xadimin\u0259 \u201cXalq artisti\u201d, yeddi\u00a0r\u0259ssama \u201cXalq r\u0259ssam\u0131\u201d, 55 n\u0259f\u0259r\u0259 \u201c\u018fm\u0259kdar artist\u201d, 10 n\u0259f\u0259r\u0259 \u201c\u018fm\u0259kdar r\u0259ssam\u201d, bir n\u0259f\u0259r\u0259 \u201c\u018fm\u0259kdar inc\u0259s\u0259n\u0259t xadimi\u201d, 12 n\u0259f\u0259r\u0259 \u201c\u018fm\u0259kdar m\u0259d\u0259niyy\u0259t i\u015f\u00e7isi\u201d f\u0259xri adlar\u0131n\u0131n verilm\u0259si il\u0259 ba\u011fl\u0131 prezident s\u0259r\u0259ncam imzalay\u0131b.<\/p>\n<p><strong>YEN\u0130 QURUMLARIN YARADILMASI<\/strong><\/p>\n<p>\u0130lham \u018fliyev may\u0131n 22-d\u0259 \u201cAz\u0259rbaycan Respublikas\u0131 K\u0259nd T\u0259s\u0259rr\u00fcfat\u0131 Nazirliyinin tabeliyind\u0259 Aqrar T\u0259dqiqatlar M\u0259rk\u0259zinin yarad\u0131lmas\u0131 haqq\u0131nda\u201d f\u0259rman imzalay\u0131b.<\/p>\n<p>S\u0259r\u0259ncama \u0259sas\u0259n, M\u0259rk\u0259zin nizamnam\u0259 fondunun formala\u015fd\u0131r\u0131lmas\u0131 \u00fc\u00e7\u00fcn Az\u0259rbaycan Respublikas\u0131n\u0131n 2018-ci il d\u00f6vl\u0259t b\u00fcdc\u0259sind\u0259 n\u0259z\u0259rd\u0259 tutulmu\u015f Prezidentin ehtiyat fondundan bir\u00a0milyon manat ayr\u0131l\u0131b.<\/p>\n<p>Bundan ba\u015fqa, \u00f6t\u0259n ilin may\u0131nda Az\u0259rbaycan Respublikas\u0131n\u0131n Maliyy\u0259 Monitorinqi Xidm\u0259ti yarad\u0131l\u0131b. Prezident m\u00fcvafiq\u0259 f\u0259rman\u0131 may\u0131n 25-d\u0259 imzalay\u0131b.oxu.az<\/p>\n","protected":false},"excerpt":{"rendered":"<p>11 aprel 2019-cu ild\u0259\u00a0\u0130lham \u018fliyevin n\u00f6vb\u0259ti d\u0259f\u0259 Az\u0259rbaycan prezidenti se\u00e7ilm\u0259sinin bir ili tamam olur. ARANTV.AZ\u00a0\u0130lham \u018fliyevin prezidentliyinin 11 ay\u0131nda i\u015ftirak etdiyi t\u0259dbirl\u0259r, imzalad\u0131\u011f\u0131 f\u0259rman v\u0259 s\u0259r\u0259ncamlarla ba\u011fl\u0131 silsil\u0259 m\u0259qal\u0259l\u0259rini davam etdirir. N\u00f6vb\u0259ti yaz\u0131 may ay\u0131n\u0131 \u0259hat\u0259 edir. KADR \u0130SLAHATLARI\u00a0 Prezident \u0130lham \u018fliyevin son bir illik f\u0259aliyy\u0259ti ciddi kadr islahatlar\u0131 il\u0259 yadda qal\u0131b. Bu islahatlar\u0131n bir hiss\u0259si may ay\u0131na t\u0259sad\u00fcf edir. May\u0131n 11-d\u0259 \u0130lham \u018fliyevin s\u0259r\u0259ncam\u0131 il\u0259 F\u0259r\u0259h \u018fliyeva Az\u0259rbaycan Respublikas\u0131 Prezidentinin Administrasiyas\u0131n\u0131n humanitar siyas\u0259t m\u0259s\u0259l\u0259l\u0259ri \u015f\u00f6b\u0259sinin m\u00fcdiri t\u0259yin edilib. Bundan ba\u015fqa, Bin\u0259q\u0259di Rayon \u0130cra Hakimiyy\u0259tinin ba\u015f\u00e7\u0131s\u0131 Xal\u0259ddin \u0130sg\u0259nd\u0259rov v\u0259 Naftalan&hellip;<\/p>\n","protected":false},"author":2,"featured_media":45614,"comment_status":"closed","ping_status":"closed","sticky":false,"template":"","format":"standard","meta":{"om_disable_all_campaigns":false,"_monsterinsights_skip_tracking":false,"_monsterinsights_sitenote_active":false,"_monsterinsights_sitenote_note":"","_monsterinsights_sitenote_category":0},"categories":[4],"tags":[],"aioseo_notices":[],"gutentor_comment":0,"rttpg_featured_image_url":{"full":["https:\/\/arantv.az\/wp-content\/uploads\/2019\/03\/dinamo.jpg",620,404,false],"landscape":["https:\/\/arantv.az\/wp-content\/uploads\/2019\/03\/dinamo.jpg",620,404,false],"portraits":["https:\/\/arantv.az\/wp-content\/uploads\/2019\/03\/dinamo.jpg",620,404,false],"thumbnail":["https:\/\/arantv.az\/wp-content\/uploads\/2019\/03\/dinamo-150x150.jpg",150,150,true],"medium":["https:\/\/arantv.az\/wp-content\/uploads\/2019\/03\/dinamo-300x195.jpg",300,195,true],"large":["https:\/\/arantv.az\/wp-content\/uploads\/2019\/03\/dinamo.jpg",620,404,false],"1536x1536":["https:\/\/arantv.az\/wp-content\/uploads\/2019\/03\/dinamo.jpg",620,404,false],"2048x2048":["https:\/\/arantv.az\/wp-content\/uploads\/2019\/03\/dinamo.jpg",620,404,false],"post-thumbnail":["https:\/\/arantv.az\/wp-content\/uploads\/2019\/03\/dinamo-240x172.jpg",240,172,true],"advps-thumb-one":["https:\/\/arantv.az\/wp-content\/uploads\/2019\/03\/dinamo.jpg",620,404,false]},"rttpg_author":{"display_name":"V\u00fcsal Rafiqo\u011flu","author_link":"https:\/\/arantv.az\/?author=2"},"rttpg_comment":0,"rttpg_category":"<a href=\"https:\/\/arantv.az\/?cat=4\" rel=\"category\">Siyas\u0259t<\/a>","rttpg_excerpt":"11 aprel 2019-cu ild\u0259\u00a0\u0130lham \u018fliyevin n\u00f6vb\u0259ti d\u0259f\u0259 Az\u0259rbaycan prezidenti se\u00e7ilm\u0259sinin bir ili tamam olur. ARANTV.AZ\u00a0\u0130lham \u018fliyevin prezidentliyinin 11 ay\u0131nda i\u015ftirak etdiyi t\u0259dbirl\u0259r, imzalad\u0131\u011f\u0131 f\u0259rman v\u0259 s\u0259r\u0259ncamlarla ba\u011fl\u0131 silsil\u0259 m\u0259qal\u0259l\u0259rini davam etdirir. N\u00f6vb\u0259ti yaz\u0131 may ay\u0131n\u0131 \u0259hat\u0259 edir. KADR \u0130SLAHATLARI\u00a0 Prezident \u0130lham \u018fliyevin son bir illik f\u0259aliyy\u0259ti ciddi kadr islahatlar\u0131 il\u0259 yadda qal\u0131b. Bu islahatlar\u0131n bir&hellip;","_links":{"self":[{"href":"https:\/\/arantv.az\/index.php?rest_route=\/wp\/v2\/posts\/45613"}],"collection":[{"href":"https:\/\/arantv.az\/index.php?rest_route=\/wp\/v2\/posts"}],"about":[{"href":"https:\/\/arantv.az\/index.php?rest_route=\/wp\/v2\/types\/post"}],"author":[{"embeddable":true,"href":"https:\/\/arantv.az\/index.php?rest_route=\/wp\/v2\/users\/2"}],"replies":[{"embeddable":true,"href":"https:\/\/arantv.az\/index.php?rest_route=%2Fwp%2Fv2%2Fcomments&post=45613"}],"version-history":[{"count":0,"href":"https:\/\/arantv.az\/index.php?rest_route=\/wp\/v2\/posts\/45613\/revisions"}],"wp:featuredmedia":[{"embeddable":true,"href":"https:\/\/arantv.az\/index.php?rest_route=\/wp\/v2\/media\/45614"}],"wp:attachment":[{"href":"https:\/\/arantv.az\/index.php?rest_route=%2Fwp%2Fv2%2Fmedia&parent=45613"}],"wp:term":[{"taxonomy":"category","embeddable":true,"href":"https:\/\/arantv.az\/index.php?rest_route=%2Fwp%2Fv2%2Fcategories&post=45613"},{"taxonomy":"post_tag","embeddable":true,"href":"https:\/\/arantv.az\/index.php?rest_route=%2Fwp%2Fv2%2Ftags&post=45613"}],"curies":[{"name":"wp","href":"https:\/\/api.w.org\/{rel}","templated":true}]}}