{"id":45661,"date":"2019-03-15T15:53:07","date_gmt":"2019-03-15T12:53:07","guid":{"rendered":"http:\/\/arantv.az\/?p=45661"},"modified":"2019-03-15T15:53:07","modified_gmt":"2019-03-15T12:53:07","slug":"milli-m%c9%99clisd%c9%99-novruz-m%c9%99mm%c9%99dovun-ad-gunu-t%c9%99brik-edildi-72-yasi-tamam-oldu","status":"publish","type":"post","link":"https:\/\/arantv.az\/?p=45661","title":{"rendered":"Milli M\u0259clisd\u0259 Novruz M\u0259mm\u0259dovun ad g\u00fcn\u00fc t\u0259brik edildi \u2013 72 ya\u015f\u0131 tamam oldu"},"content":{"rendered":"<p>Parlamentin s\u0259dri Oqtay \u018fs\u0259dov Milli M\u0259xlisd\u0259 h\u00f6kum\u0259tin illik hesabat\u0131n\u0131n t\u0259qdim ed\u0259n Ba\u015f Nazir Novruz M\u0259mm\u0259dovu ad g\u00fcn\u00fc m\u00fcnasib\u0259til\u0259 t\u0259brik edib.<\/p>\n<p>Deputatlar Ba\u015f naziri alq\u0131\u015flay\u0131blar.<br \/>\nNovruz M\u0259mm\u0259dov is\u0259 bildirib ki, h\u00f6kum\u0259tin illik hesabat\u0131 Novruz g\u00fcnl\u0259ri \u0259r\u0259f\u0259sin\u0259 t\u0259sad\u00fcf edib. O, \u00e7\u0131x\u0131\u015fa ba\u015flamazdan \u0259vv\u0259l qar\u015f\u0131dan g\u0259l\u0259n bayram m\u00fcnasib\u0259til\u0259 ham\u0131n\u0131 t\u0259brik edib.<\/p>\n<div id=\"AdributorNativeVideo0\" class=\"AdributorNativeVideo\"><\/div>\n<p><ins><\/ins><\/p>\n<div id=\"beacon_8f9eae2809\"><img loading=\"lazy\" src=\"https:\/\/ads2.newmedia.az\/www\/delivery\/lg.php?bannerid=0&amp;campaignid=0&amp;zoneid=975&amp;loc=https%3A%2F%2Fbig.az%2F347816-milli_meclisde_novruz_memmedovun_ad_gunu_tebrik_edildi_72_yasi_tamam_oldu.html&amp;referer=https%3A%2F%2Fbig.az%2F&amp;cb=8f9eae2809\" alt=\"\" width=\"0\" height=\"0\" \/><\/div>\n<p>Qeyd ed\u0259k ki, bu, ba\u015f nazir kimi N.M\u0259mm\u0259dovun parlament qar\u015f\u0131s\u0131nda ilk hesabat\u0131d\u0131r.<\/p>\n<p>11 aprel 2018-ci il tarixli prezident se\u00e7kil\u0259rind\u0259n c\u0259mi 10 g\u00fcn sonra \u2013 aprel ay\u0131n\u0131n 21-d\u0259 parlamentin x\u00fcsusi iclas\u0131nda prezident \u0130lham \u018fliyevin t\u0259qdimat\u0131 il\u0259 N.M\u0259mm\u0259dovun ba\u015f nazir v\u0259zif\u0259sin\u0259 namiz\u0259dliyinin t\u0259sdiql\u0259nm\u0259si m\u0259s\u0259l\u0259sin\u0259 bax\u0131l\u0131b v\u0259 t\u0259sdiql\u0259nib.<\/p>\n<p>m\u0259nb\u0259: bizimyolinfo<\/p>\n<p>&nbsp;<\/p>\n","protected":false},"excerpt":{"rendered":"<p>Parlamentin s\u0259dri Oqtay \u018fs\u0259dov Milli M\u0259xlisd\u0259 h\u00f6kum\u0259tin illik hesabat\u0131n\u0131n t\u0259qdim ed\u0259n Ba\u015f Nazir Novruz M\u0259mm\u0259dovu ad g\u00fcn\u00fc m\u00fcnasib\u0259til\u0259 t\u0259brik edib. Deputatlar Ba\u015f naziri alq\u0131\u015flay\u0131blar. Novruz M\u0259mm\u0259dov is\u0259 bildirib ki, h\u00f6kum\u0259tin illik hesabat\u0131 Novruz g\u00fcnl\u0259ri \u0259r\u0259f\u0259sin\u0259 t\u0259sad\u00fcf edib. O, \u00e7\u0131x\u0131\u015fa ba\u015flamazdan \u0259vv\u0259l qar\u015f\u0131dan g\u0259l\u0259n bayram m\u00fcnasib\u0259til\u0259 ham\u0131n\u0131 t\u0259brik edib. Qeyd ed\u0259k ki, bu, ba\u015f nazir kimi N.M\u0259mm\u0259dovun parlament qar\u015f\u0131s\u0131nda ilk hesabat\u0131d\u0131r. 11 aprel 2018-ci il tarixli prezident se\u00e7kil\u0259rind\u0259n c\u0259mi 10 g\u00fcn sonra \u2013 aprel ay\u0131n\u0131n 21-d\u0259 parlamentin x\u00fcsusi iclas\u0131nda prezident \u0130lham \u018fliyevin t\u0259qdimat\u0131 il\u0259 N.M\u0259mm\u0259dovun ba\u015f nazir v\u0259zif\u0259sin\u0259 namiz\u0259dliyinin t\u0259sdiql\u0259nm\u0259si m\u0259s\u0259l\u0259sin\u0259&hellip;<\/p>\n","protected":false},"author":2,"featured_media":45662,"comment_status":"closed","ping_status":"closed","sticky":false,"template":"","format":"standard","meta":{"om_disable_all_campaigns":false,"_monsterinsights_skip_tracking":false,"_monsterinsights_sitenote_active":false,"_monsterinsights_sitenote_note":"","_monsterinsights_sitenote_category":0},"categories":[19],"tags":[],"aioseo_notices":[],"gutentor_comment":0,"rttpg_featured_image_url":{"full":["https:\/\/arantv.az\/wp-content\/uploads\/2019\/03\/novruz_31552654118.jpg",620,387,false],"landscape":["https:\/\/arantv.az\/wp-content\/uploads\/2019\/03\/novruz_31552654118.jpg",620,387,false],"portraits":["https:\/\/arantv.az\/wp-content\/uploads\/2019\/03\/novruz_31552654118.jpg",620,387,false],"thumbnail":["https:\/\/arantv.az\/wp-content\/uploads\/2019\/03\/novruz_31552654118-150x150.jpg",150,150,true],"medium":["https:\/\/arantv.az\/wp-content\/uploads\/2019\/03\/novruz_31552654118-300x187.jpg",300,187,true],"large":["https:\/\/arantv.az\/wp-content\/uploads\/2019\/03\/novruz_31552654118.jpg",620,387,false],"1536x1536":["https:\/\/arantv.az\/wp-content\/uploads\/2019\/03\/novruz_31552654118.jpg",620,387,false],"2048x2048":["https:\/\/arantv.az\/wp-content\/uploads\/2019\/03\/novruz_31552654118.jpg",620,387,false],"post-thumbnail":["https:\/\/arantv.az\/wp-content\/uploads\/2019\/03\/novruz_31552654118-240x172.jpg",240,172,true],"advps-thumb-one":["https:\/\/arantv.az\/wp-content\/uploads\/2019\/03\/novruz_31552654118.jpg",620,387,false]},"rttpg_author":{"display_name":"V\u00fcsal Rafiqo\u011flu","author_link":"https:\/\/arantv.az\/?author=2"},"rttpg_comment":0,"rttpg_category":"<a href=\"https:\/\/arantv.az\/?cat=19\" rel=\"category\">G\u00fcnd\u0259m<\/a>","rttpg_excerpt":"Parlamentin s\u0259dri Oqtay \u018fs\u0259dov Milli M\u0259xlisd\u0259 h\u00f6kum\u0259tin illik hesabat\u0131n\u0131n t\u0259qdim ed\u0259n Ba\u015f Nazir Novruz M\u0259mm\u0259dovu ad g\u00fcn\u00fc m\u00fcnasib\u0259til\u0259 t\u0259brik edib. Deputatlar Ba\u015f naziri alq\u0131\u015flay\u0131blar. Novruz M\u0259mm\u0259dov is\u0259 bildirib ki, h\u00f6kum\u0259tin illik hesabat\u0131 Novruz g\u00fcnl\u0259ri \u0259r\u0259f\u0259sin\u0259 t\u0259sad\u00fcf edib. O, \u00e7\u0131x\u0131\u015fa ba\u015flamazdan \u0259vv\u0259l qar\u015f\u0131dan g\u0259l\u0259n bayram m\u00fcnasib\u0259til\u0259 ham\u0131n\u0131 t\u0259brik edib. Qeyd ed\u0259k ki, bu, ba\u015f nazir kimi&hellip;","_links":{"self":[{"href":"https:\/\/arantv.az\/index.php?rest_route=\/wp\/v2\/posts\/45661"}],"collection":[{"href":"https:\/\/arantv.az\/index.php?rest_route=\/wp\/v2\/posts"}],"about":[{"href":"https:\/\/arantv.az\/index.php?rest_route=\/wp\/v2\/types\/post"}],"author":[{"embeddable":true,"href":"https:\/\/arantv.az\/index.php?rest_route=\/wp\/v2\/users\/2"}],"replies":[{"embeddable":true,"href":"https:\/\/arantv.az\/index.php?rest_route=%2Fwp%2Fv2%2Fcomments&post=45661"}],"version-history":[{"count":0,"href":"https:\/\/arantv.az\/index.php?rest_route=\/wp\/v2\/posts\/45661\/revisions"}],"wp:featuredmedia":[{"embeddable":true,"href":"https:\/\/arantv.az\/index.php?rest_route=\/wp\/v2\/media\/45662"}],"wp:attachment":[{"href":"https:\/\/arantv.az\/index.php?rest_route=%2Fwp%2Fv2%2Fmedia&parent=45661"}],"wp:term":[{"taxonomy":"category","embeddable":true,"href":"https:\/\/arantv.az\/index.php?rest_route=%2Fwp%2Fv2%2Fcategories&post=45661"},{"taxonomy":"post_tag","embeddable":true,"href":"https:\/\/arantv.az\/index.php?rest_route=%2Fwp%2Fv2%2Ftags&post=45661"}],"curies":[{"name":"wp","href":"https:\/\/api.w.org\/{rel}","templated":true}]}}