{"id":45667,"date":"2019-03-15T16:00:05","date_gmt":"2019-03-15T13:00:05","guid":{"rendered":"http:\/\/arantv.az\/?p=45667"},"modified":"2019-03-15T16:00:05","modified_gmt":"2019-03-15T13:00:05","slug":"deputat-h%c9%99yata-keciril%c9%99n-islahatlar-n%c9%99tic%c9%99sind%c9%99-az%c9%99rbaycan-daha-da-gucl%c9%99nib","status":"publish","type":"post","link":"https:\/\/arantv.az\/?p=45667","title":{"rendered":"Deputat: &#8220;H\u0259yata ke\u00e7iril\u0259n islahatlar n\u0259tic\u0259sind\u0259 Az\u0259rbaycan daha da g\u00fccl\u0259nib&#8221;"},"content":{"rendered":"<p>H\u00f6kum\u0259tin hesabat\u0131 g\u00f6st\u0259rdi ki, \u00f6t\u0259n il h\u0259yata ke\u00e7iril\u0259n islahatlar n\u0259tic\u0259sind\u0259 Az\u0259rbaycan d\u00f6vl\u0259ti daha da g\u00fccl\u0259nib, \u0259halinin rifah hal\u0131n\u0131n yax\u015f\u0131la\u015fd\u0131r\u0131lmas\u0131 istqiam\u0259tind\u0259 m\u00fch\u00fcm i\u015fl\u0259r g\u00f6r\u00fcl\u00fcb. Bunun n\u0259tic\u0259sind\u0259 xalq-iqtidar birliyi daha da m\u00f6hk\u0259ml\u0259nib.<\/p>\n<p><strong>ARANTV.AZ<\/strong> trend-\u0259 istinad\u0259n bildirir ki,\u00a0bunu deputat Musa Qas\u0131ml\u0131 parlamentin bu g\u00fcn ke\u00e7iril\u0259n plenar iclas\u0131nda Nazirl\u0259r Kabinetinin 2018-ci il hesabat\u0131n\u0131n m\u00fczakir\u0259si zaman\u0131 deyib.<\/p>\n<p>Deputat bildirib ki, g\u00f6mr\u00fck v\u0259 vergi sistemind\u0259 h\u0259yata ke\u00e7iril\u0259n islahatlar n\u0259tic\u0259sind\u0259 b\u0259rab\u0259r imkanlar\u0131n yarad\u0131lmas\u0131 islahatlar\u0131n f\u0259ls\u0259f\u0259sind\u0259, mahiyy\u0259tind\u0259 duran m\u0259s\u0259l\u0259dir. M.Qas\u0131ml\u0131 \u00f6t\u0259n il d\u0259mir yolu sisteminin inki\u015faf\u0131nda g\u00f6r\u00fcl\u0259n i\u015fl\u0259r\u0259 d\u0259 diqq\u0259t \u00e7\u0259kib:<\/p>\n<p>&#8220;Beyn\u0259lxalq bazarlara \u00e7\u0131x\u0131\u015f, qeyri-neft sektorunun artmas\u0131 \u00f6t\u0259n ilin u\u011furlar\u0131ndan biridir. B\u00fct\u00fcn bunlar sabitlik n\u0259tic\u0259sind\u0259 \u0259ld\u0259 olunub. \u018fg\u0259r sabitlik olmasayd\u0131, iqtisadi inki\u015faf olmaz, iqtisadi inki\u015faf olmasayd\u0131, sosial m\u00fcdafi\u0259 istiqam\u0259tind\u0259 m\u00fch\u00fcm add\u0131mlar at\u0131lmazd\u0131&#8221;.<\/p>\n<p>K\u0259ndl\u0259rd\u0259 q\u0131zlar\u0131n t\u0259hsil\u0259 c\u0259lbi il\u0259 ba\u011fl\u0131 probleml\u0259rin oldu\u011funu dey\u0259n deputat t\u0259klif edib ki, h\u0259r bir k\u0259ndd\u0259 qad\u0131n m\u00fc\u0259llim olarsa, o zaman q\u0131zlar\u0131n t\u0259hsil\u0259 c\u0259lbind\u0259 problem olmayacaq.<\/p>\n<p>Xaricd\u0259 t\u0259hsil alanlar\u0131n diplomlar\u0131n\u0131n tan\u0131nmas\u0131 m\u0259s\u0259l\u0259sin\u0259 toxunan M.Qas\u0131ml\u0131 bildirib ki, t\u0259hsilin keyfiyy\u0259tin\u0259 fikir verm\u0259k laz\u0131md\u0131r: &#8220;Bundan ba\u015fqa elmi \u015furalar\u0131n h\u0259ms\u0259drl\u0259rind\u0259 d\u0259yi\u015fiklik edilm\u0259lidir. He\u00e7 bir m\u0259qal\u0259si \u00e7\u0131xmayan \u015f\u0259xsl\u0259r h\u0259ms\u0259dr kimi f\u0259aliyy\u0259t g\u00f6st\u0259rirl\u0259r. Bu Az\u0259rbaycan elmin\u0259 ay\u0131bd\u0131r&#8221;.<\/p>\n","protected":false},"excerpt":{"rendered":"<p>H\u00f6kum\u0259tin hesabat\u0131 g\u00f6st\u0259rdi ki, \u00f6t\u0259n il h\u0259yata ke\u00e7iril\u0259n islahatlar n\u0259tic\u0259sind\u0259 Az\u0259rbaycan d\u00f6vl\u0259ti daha da g\u00fccl\u0259nib, \u0259halinin rifah hal\u0131n\u0131n yax\u015f\u0131la\u015fd\u0131r\u0131lmas\u0131 istqiam\u0259tind\u0259 m\u00fch\u00fcm i\u015fl\u0259r g\u00f6r\u00fcl\u00fcb. Bunun n\u0259tic\u0259sind\u0259 xalq-iqtidar birliyi daha da m\u00f6hk\u0259ml\u0259nib. ARANTV.AZ trend-\u0259 istinad\u0259n bildirir ki,\u00a0bunu deputat Musa Qas\u0131ml\u0131 parlamentin bu g\u00fcn ke\u00e7iril\u0259n plenar iclas\u0131nda Nazirl\u0259r Kabinetinin 2018-ci il hesabat\u0131n\u0131n m\u00fczakir\u0259si zaman\u0131 deyib. Deputat bildirib ki, g\u00f6mr\u00fck v\u0259 vergi sistemind\u0259 h\u0259yata ke\u00e7iril\u0259n islahatlar n\u0259tic\u0259sind\u0259 b\u0259rab\u0259r imkanlar\u0131n yarad\u0131lmas\u0131 islahatlar\u0131n f\u0259ls\u0259f\u0259sind\u0259, mahiyy\u0259tind\u0259 duran m\u0259s\u0259l\u0259dir. M.Qas\u0131ml\u0131 \u00f6t\u0259n il d\u0259mir yolu sisteminin inki\u015faf\u0131nda g\u00f6r\u00fcl\u0259n i\u015fl\u0259r\u0259 d\u0259 diqq\u0259t \u00e7\u0259kib: &#8220;Beyn\u0259lxalq bazarlara \u00e7\u0131x\u0131\u015f, qeyri-neft sektorunun artmas\u0131 \u00f6t\u0259n&hellip;<\/p>\n","protected":false},"author":2,"featured_media":45668,"comment_status":"closed","ping_status":"closed","sticky":false,"template":"","format":"standard","meta":{"om_disable_all_campaigns":false,"_monsterinsights_skip_tracking":false,"_monsterinsights_sitenote_active":false,"_monsterinsights_sitenote_note":"","_monsterinsights_sitenote_category":0},"categories":[4],"tags":[],"aioseo_notices":[],"gutentor_comment":0,"rttpg_featured_image_url":{"full":["https:\/\/arantv.az\/wp-content\/uploads\/2019\/03\/739308.jpg",800,600,false],"landscape":["https:\/\/arantv.az\/wp-content\/uploads\/2019\/03\/739308.jpg",800,600,false],"portraits":["https:\/\/arantv.az\/wp-content\/uploads\/2019\/03\/739308.jpg",800,600,false],"thumbnail":["https:\/\/arantv.az\/wp-content\/uploads\/2019\/03\/739308-150x150.jpg",150,150,true],"medium":["https:\/\/arantv.az\/wp-content\/uploads\/2019\/03\/739308-300x225.jpg",300,225,true],"large":["https:\/\/arantv.az\/wp-content\/uploads\/2019\/03\/739308.jpg",640,480,false],"1536x1536":["https:\/\/arantv.az\/wp-content\/uploads\/2019\/03\/739308.jpg",800,600,false],"2048x2048":["https:\/\/arantv.az\/wp-content\/uploads\/2019\/03\/739308.jpg",800,600,false],"post-thumbnail":["https:\/\/arantv.az\/wp-content\/uploads\/2019\/03\/739308-240x172.jpg",240,172,true],"advps-thumb-one":["https:\/\/arantv.az\/wp-content\/uploads\/2019\/03\/739308.jpg",800,600,false]},"rttpg_author":{"display_name":"V\u00fcsal Rafiqo\u011flu","author_link":"https:\/\/arantv.az\/?author=2"},"rttpg_comment":0,"rttpg_category":"<a href=\"https:\/\/arantv.az\/?cat=4\" rel=\"category\">Siyas\u0259t<\/a>","rttpg_excerpt":"H\u00f6kum\u0259tin hesabat\u0131 g\u00f6st\u0259rdi ki, \u00f6t\u0259n il h\u0259yata ke\u00e7iril\u0259n islahatlar n\u0259tic\u0259sind\u0259 Az\u0259rbaycan d\u00f6vl\u0259ti daha da g\u00fccl\u0259nib, \u0259halinin rifah hal\u0131n\u0131n yax\u015f\u0131la\u015fd\u0131r\u0131lmas\u0131 istqiam\u0259tind\u0259 m\u00fch\u00fcm i\u015fl\u0259r g\u00f6r\u00fcl\u00fcb. Bunun n\u0259tic\u0259sind\u0259 xalq-iqtidar birliyi daha da m\u00f6hk\u0259ml\u0259nib. ARANTV.AZ trend-\u0259 istinad\u0259n bildirir ki,\u00a0bunu deputat Musa Qas\u0131ml\u0131 parlamentin bu g\u00fcn ke\u00e7iril\u0259n plenar iclas\u0131nda Nazirl\u0259r Kabinetinin 2018-ci il hesabat\u0131n\u0131n m\u00fczakir\u0259si zaman\u0131 deyib. Deputat bildirib ki,&hellip;","_links":{"self":[{"href":"https:\/\/arantv.az\/index.php?rest_route=\/wp\/v2\/posts\/45667"}],"collection":[{"href":"https:\/\/arantv.az\/index.php?rest_route=\/wp\/v2\/posts"}],"about":[{"href":"https:\/\/arantv.az\/index.php?rest_route=\/wp\/v2\/types\/post"}],"author":[{"embeddable":true,"href":"https:\/\/arantv.az\/index.php?rest_route=\/wp\/v2\/users\/2"}],"replies":[{"embeddable":true,"href":"https:\/\/arantv.az\/index.php?rest_route=%2Fwp%2Fv2%2Fcomments&post=45667"}],"version-history":[{"count":0,"href":"https:\/\/arantv.az\/index.php?rest_route=\/wp\/v2\/posts\/45667\/revisions"}],"wp:featuredmedia":[{"embeddable":true,"href":"https:\/\/arantv.az\/index.php?rest_route=\/wp\/v2\/media\/45668"}],"wp:attachment":[{"href":"https:\/\/arantv.az\/index.php?rest_route=%2Fwp%2Fv2%2Fmedia&parent=45667"}],"wp:term":[{"taxonomy":"category","embeddable":true,"href":"https:\/\/arantv.az\/index.php?rest_route=%2Fwp%2Fv2%2Fcategories&post=45667"},{"taxonomy":"post_tag","embeddable":true,"href":"https:\/\/arantv.az\/index.php?rest_route=%2Fwp%2Fv2%2Ftags&post=45667"}],"curies":[{"name":"wp","href":"https:\/\/api.w.org\/{rel}","templated":true}]}}