{"id":45670,"date":"2019-03-15T16:05:57","date_gmt":"2019-03-15T13:05:57","guid":{"rendered":"http:\/\/arantv.az\/?p=45670"},"modified":"2019-03-15T16:05:57","modified_gmt":"2019-03-15T13:05:57","slug":"birinci-vitse-prezidentlik-institutu-ozunu-xarici-siyas%c9%99td%c9%99-d%c9%99-t%c9%99sdiq-etdi-fransa-s%c9%99f%c9%99rinin-n%c9%99tic%c9%99l%c9%99ri-haqqinda","status":"publish","type":"post","link":"https:\/\/arantv.az\/?p=45670","title":{"rendered":"Birinci vitse-prezidentlik institutu \u00f6z\u00fcn\u00fc xarici siyas\u0259td\u0259 d\u0259 t\u0259sdiq etdi Fransa s\u0259f\u0259rinin n\u0259tic\u0259l\u0259ri haqq\u0131nda"},"content":{"rendered":"<p>Son iki il\u0259 q\u0259d\u0259r Az\u0259rbaycan\u0131n siyasi sistemind\u0259 vitse-prezidentlik institutu olmay\u0131b. Birinci vitse-prezident Mehriban \u018fliyeva bizim \u00fc\u00e7\u00fcn yeni olan bu institutun \u00f6lk\u0259nin idar\u0259\u00e7iliyind\u0259 h\u0259m inzibati, h\u0259m d\u0259 siyasi yerini v\u0259 imicini formala\u015fd\u0131rmaqdad\u0131r.<\/p>\n<p>Bu, geni\u015f t\u0259hlil t\u0259l\u0259b ed\u0259n bir m\u00f6vzudur v\u0259 xarici siyas\u0259t v\u0259 beyn\u0259lxalq m\u00fcnasib\u0259tl\u0259r bu m\u00f6vzunun \u0259h\u0259miyy\u0259tli bir hiss\u0259sidir. Odur ki, Az\u0259rbaycan\u0131n Birinci vitse-prezidenti Mehriban \u018fliyevan\u0131n Fransaya s\u0259f\u0259ri onun proqram\u0131, g\u00f6r\u00fc\u015fl\u0259rin s\u0259viyy\u0259si, imzalanan s\u0259n\u0259dl\u0259r s\u0259f\u0259rin siyasi v\u0259 iqtisadi s\u0259m\u0259r\u0259si aspektl\u0259rind\u0259n diqq\u0259ti c\u0259lb edir v\u0259 x\u00fcsusi t\u0259hlili vacibdir. H\u0259m d\u0259 ona g\u00f6r\u0259 ki, Mehriban \u018fliyevan\u0131n Paris s\u0259f\u0259ri 2017-ci ild\u0259 ba\u015flanm\u0131\u015f Birinci vitse-prezidentlik institutunun f\u0259aliyy\u0259tinin yeni s\u0259viyy\u0259y\u0259 y\u00fcks\u0259li\u015fi dem\u0259kdir.<\/p>\n<p>Bel\u0259 g\u00f6r\u00fcn\u00fcr ki, art\u0131q liberal islahatlar\u0131n ilk add\u0131m\u0131 kimi yarad\u0131lm\u0131\u015f Birinci vitse-prezidentlik institutunun tarixind\u0259 b\u00fct\u00f6v bir m\u0259rh\u0259l\u0259 ba\u015fa \u00e7atd\u0131. \u018fvv\u0259lki m\u0259rh\u0259l\u0259d\u0259 daxild\u0259 sosial, humanitar v\u0259 m\u0259d\u0259ni sferalarda f\u0259aliyy\u0259t \u00fcst\u00fcnl\u00fck t\u0259\u015fkil edirdi. Art\u0131q indi y\u00fcks\u0259k s\u0259viyy\u0259d\u0259 d\u00f6vl\u0259tl\u0259raras\u0131 iqtisadi, siyasi v\u0259 m\u0259d\u0259ni m\u00fcnasib\u0259tl\u0259r d\u0259 daxil olmaqla d\u00f6vl\u0259tin b\u00fct\u00fcn sferalar\u0131nda f\u0259aliyy\u0259t d\u00f6vr\u00fc ba\u015flay\u0131r. \u0130lk olaraq onu qeyd etm\u0259k laz\u0131md\u0131r ki, Mehriban \u018fliyevan\u0131n Paris s\u0259f\u0259ri Birinci vitse-prezidentlik institutunun beyn\u0259lxalq s\u0259viyy\u0259d\u0259 f\u0259aliyy\u0259tinin t\u0259zah\u00fcr\u00fc kimi m\u00fch\u00fcm \u0259h\u0259miyy\u0259t k\u0259sb edir. Mehriban \u018fliyevan\u0131n indiy\u0259 q\u0259d\u0259r Birinci vitse-prezident kimi \u0130taliyaya da s\u0259f\u0259ri olmu\u015fdu. Amma imzalanan s\u0259n\u0259dl\u0259r v\u0259 s\u0259f\u0259r zaman\u0131 m\u00fc\u015fayi\u0259t, m\u00fczakir\u0259 olunan m\u00f6vzular\u0131n \u0259hat\u0259 dair\u0259si bax\u0131m\u0131ndan bu m\u0259zmunlu bel\u0259 s\u0259f\u0259r art\u0131q yeni m\u0259rh\u0259l\u0259 say\u0131la bil\u0259r.<\/p>\n<p>T\u0259kc\u0259 g\u00f6r\u00fc\u015fl\u0259rin s\u0259viyy\u0259si s\u0259f\u0259rin t\u0259siri v\u0259 \u0259h\u0259miyy\u0259ti haqq\u0131nda \u00e7ox \u015fey deyir. Bel\u0259 ki, Birinci vitse-prezidentin BMT T\u015e-nin \u00fczv\u00fc olan, Avropa \u0130ttifaq\u0131n\u0131n apar\u0131c\u0131 d\u00f6vl\u0259tl\u0259rind\u0259n birind\u0259 Ba\u015f nazir, parlamentin h\u0259r iki palatas\u0131 &#8211; Senat v\u0259 Milli Assambleyan\u0131n r\u0259hb\u0259rl\u0259ri, Fransan\u0131n birinci xan\u0131m\u0131, m\u0259d\u0259niyy\u0259t v\u0259 iqtisadiyyat nazirl\u0259ri il\u0259 g\u00f6r\u00fc\u015f\u00fc Az\u0259rbaycanda iqtisadi v\u0259 siyasi islahatlar\u0131n ba\u015flan\u011f\u0131c\u0131 kimi yarad\u0131lm\u0131\u015f Birinci vitse-prezidentlik institutunun beyn\u0259lxalq u\u011furudur. Odur ki, Paris s\u0259f\u0259ri il\u0259 Birinci vitse-prezident m\u00fch\u00fcm xarici siyas\u0259t akt\u0131na imza atd\u0131. Bu, Birinci vitse-prezidentlik institutunun yeni f\u0259aliyy\u0259t s\u0259viyy\u0259sin\u0259 \u00e7\u0131xmas\u0131d\u0131r. Art\u0131q qeyd edildiyi kimi ilk m\u0259rh\u0259l\u0259d\u0259 Birinci vitse-prezident \u0259sas\u0259n sosial v\u0259 humanitar siyasi istiqam\u0259tl\u0259rd\u0259 xeyli f\u0259al idi. \u0130ndi bu istiqam\u0259tl\u0259r\u0259 yenisi &#8211; y\u00fcks\u0259k s\u0259viyy\u0259li xarici \u0259laq\u0259l\u0259r d\u0259 daxil olur. H\u0259m d\u0259 \u00e7ox u\u011furlu!<\/p>\n<p>Erm\u0259ni diasporunun \u00e7ox g\u00fccl\u00fc siyasi t\u0259sir\u0259 malik olmas\u0131 Az\u0259rbaycan\u0131n Fransa il\u0259 m\u00fcnasib\u0259tl\u0259rini m\u00fcr\u0259kk\u0259bl\u0259\u015fdir\u0259n amildir. Odur ki, Birinci vitse-prezidentin Az\u0259rbaycan diplomatiyas\u0131 \u00fc\u00e7\u00fcn m\u00fcr\u0259kk\u0259b siyasi qurulu\u015fa malik Fransaya s\u0259f\u0259rini h\u0259m d\u0259 c\u0259sar\u0259tli add\u0131m kimi qiym\u0259tl\u0259ndirm\u0259k olar.<\/p>\n<p>Rot\u015fildl\u0259r\u0259 aid \u015firk\u0259tl\u0259rl\u0259 &#8220;&#8221;Rothschild Global Financial Advisory&#8221;, Rot\u015fild &amp; Cie bank\u0131) strateji i\u015fg\u00fczar m\u00fcnasib\u0259tl\u0259r d\u0259 Fransa-Az\u0259rbaycan m\u00fcnasib\u0259tl\u0259rin\u0259 erm\u0259ni diasporunun m\u0259nfi t\u0259sirl\u0259rini neytralla\u015fd\u0131ran m\u00fch\u00fcm m\u0259qamd\u0131r.<\/p>\n<p>H\u0259m d\u0259 x\u00fcsusi vur\u011fulamaq laz\u0131md\u0131r ki, Birinci vitse-prezidentlik institutunun bu f\u0259aliyy\u0259t sah\u0259sind\u0259ki ilkin n\u0259tic\u0259l\u0259ri ist\u0259r siyasi, ist\u0259rs\u0259 d\u0259 iqtisadi bax\u0131mdan \u00e7ox s\u0259m\u0259r\u0259lidir. D\u00fcnyan\u0131n \u0259n g\u00fccl\u00fc, qlobal t\u0259sir\u0259 malik maliyy\u0259 qurumular\u0131ndan biri (Rot\u015fild &amp; Cie ) il\u0259 Az\u0259rbaycan\u0131n M\u0259rk\u0259zi Bank\u0131 aras\u0131nda strateji \u0259m\u0259kda\u015fl\u0131\u011fa dair sazi\u015f Az\u0259rbaycan\u0131n maliyy\u0259 dayan\u0131ql\u0131\u011f\u0131na qlobal s\u0259viyy\u0259d\u0259 d\u0259st\u0259k v\u0259 z\u0259man\u0259t kimi d\u0259 q\u0259bul edil\u0259 bil\u0259r. Ona g\u00f6r\u0259 ki, Rot\u015fildl\u0259rin qlobal maliyy\u0259 v\u0259 iqtisadi g\u00fcc\u00fc \u00e7ox b\u00f6y\u00fck t\u0259sir\u0259 malikdir. Bu, indi Az\u0259rbaycan \u00fc\u00e7\u00fcn \u0259n vacib olan maliyy\u0259 sisteminin sabitliyi istiqam\u0259tind\u0259 at\u0131lm\u0131\u015f u\u011furlu add\u0131md\u0131r.<\/p>\n<p>\u015eimal-C\u0259nub n\u0259qliyyat d\u0259hlizinin Sumqay\u0131t-Yalama hiss\u0259sinin Fransa \u015firk\u0259tinin d\u0259st\u0259yi il\u0259 yenid\u0259n qurulmas\u0131 da bir t\u0259r\u0259fd\u0259n bu sah\u0259d\u0259 \u00e7ox t\u0259cr\u00fcb\u0259li olan \u015firk\u0259ti Az\u0259rbaycana c\u0259lb edir, dig\u0259r t\u0259r\u0259fd\u0259n A\u0130-nin apar\u0131c\u0131 siyasi g\u00fcc\u00fc olan Fransan\u0131 \u015eimal-C\u0259nub n\u0259qliyyat d\u0259hlizin\u0259 c\u0259lb etm\u0259k \u00fc\u00e7\u00fcn \u0259lveri\u015fli meydan\u00e7a yaran\u0131r.<\/p>\n<p>S\u0259f\u0259rin gedi\u015find\u0259n g\u00f6r\u00fcn\u00fcr ki, Birinci vitse-prezidentin Fransa il\u0259 konkret iqtisadi layih\u0259l\u0259rin h\u0259yata ke\u00e7irilm\u0259si \u00fczr\u0259 m\u0259qs\u0259dl\u0259ri var. M\u0259s\u0259l\u0259n, Bundan \u0259lav\u0259, Fransan\u0131n iqtisadiyyat naziri B.L\u00f6merin may ay\u0131nda Avropadak\u0131 se\u00e7kil\u0259rd\u0259n sonra Az\u0259rbaycana s\u0259f\u0259r\u0259 g\u0259l\u0259c\u0259yini bildirm\u0259si fakt\u0131 da s\u00f6hb\u0259tl\u0259rin n\u0259 q\u0259d\u0259r konkret xarakter da\u015f\u0131d\u0131\u011f\u0131n\u0131 v\u0259 Fransa t\u0259r\u0259find\u0259n n\u0259 q\u0259d\u0259r ciddi yana\u015f\u0131ld\u0131\u011f\u0131n\u0131 g\u00f6st\u0259rir. Bu, s\u0259f\u0259rin s\u0259m\u0259r\u0259liliyinin m\u00fch\u00fcm \u0259lam\u0259tl\u0259rind\u0259ndir.<\/p>\n<p>T\u0259bii ki, Birinci vitse-prezidentin Fransaya s\u0259f\u0259rin\u0259 Avropa \u0130ttifaq\u0131 il\u0259 m\u00fcnasib\u0259tl\u0259r v\u0259 Da\u011fl\u0131q Qaraba\u011f m\u00fcnaqi\u015f\u0259sinin h\u0259llin\u0259 t\u0259siri aspektl\u0259rind\u0259n baxmamaq m\u00fcmk\u00fcns\u00fczd\u00fcr.<\/p>\n<p>Avropa \u0130ttifaq\u0131 il\u0259 Az\u0259rbaycan\u0131n m\u00fcnasib\u0259tl\u0259rind\u0259 yeni, pozitiv bir d\u00f6vr ba\u015flad\u0131\u011f\u0131 a\u00e7\u0131q \u015f\u0259kild\u0259 m\u00fc\u015fahid\u0259 olunur. Bu, h\u0259m d\u0259 Prezident \u0130lham \u018fliyevin Az\u0259rbaycanda ba\u015flad\u0131\u011f\u0131 \u015f\u0259rti olaraq &#8220;Yeni m\u0259rh\u0259l\u0259&#8221; adland\u0131ra bil\u0259c\u0259yimiz kursun, liberal islahatlar\u0131n da t\u0259siri alt\u0131nda ba\u015f verir. Avropa d\u00f6vl\u0259tl\u0259rinin n\u00fcmay\u0259nd\u0259l\u0259rinin v\u0259 Avropa Parlamentinin \u00fczvl\u0259rinin i\u015ftirak etdiyi, bir ne\u00e7\u0259 g\u00fcn \u0259vv\u0259l Buxarestd\u0259 ke\u00e7irilmi\u015f &#8220;\u00dcmumi xarici v\u0259 t\u0259hl\u00fck\u0259sizlik siyas\u0259ti&#8221; v\u0259 &#8220;\u00dcmumi t\u0259hl\u00fck\u0259sizlik v\u0259 m\u00fcdafi\u0259 siyas\u0259ti&#8221; m\u00f6vzular\u0131na h\u0259sr olunmu\u015f 14-c\u00fc Parlamentl\u0259raras\u0131 Konfransda A\u0130-nin \u015e\u0259rq T\u0259r\u0259fda\u015fl\u0131\u011f\u0131 \u00f6lk\u0259l\u0259rind\u0259 apar\u0131lan islahatlara diqq\u0259tini y\u00f6n\u0259ltdiyi vur\u011fulan\u0131b. Birinci vitse-prezidentlik institutu is\u0259 bu islahatlar\u0131n apar\u0131c\u0131 amili kimi \u00e7\u0131x\u0131\u015f edir. Odur ki, Birinci vitse-prezidentin Paris s\u0259f\u0259ri Az\u0259rbaycanda apar\u0131lan islahatlar aspektind\u0259n d\u0259 \u0259h\u0259miyy\u0259t da\u015f\u0131y\u0131r.<\/p>\n<p>Art\u0131q r\u0259mzi olaraq bu s\u0259f\u0259rl\u0259 Birinci vitse-prezidentliyin siyasi tarixind\u0259 yeni m\u0259rh\u0259l\u0259 ba\u015flad\u0131. Bu bax\u0131mdan s\u0259f\u0259ri islahatlar\u0131n davam etdirilm\u0259sin\u0259 \u0259lveri\u015fli beyn\u0259lxalq \u015f\u0259raitin yarad\u0131lmas\u0131 kimi d\u0259 \u015f\u0259rh etm\u0259k m\u00fcmk\u00fcnd\u00fcr. Bu, Az\u0259rbaycanda apar\u0131lan &#8220;Yeni m\u0259rh\u0259l\u0259&#8221; islahatlar\u0131na siyasi g\u00fcc qat\u0131r. Ba\u015fqa s\u00f6zl\u0259, Birinci vitse-prezidentin u\u011furlu Paris s\u0259f\u0259ri o dem\u0259kdir ki, Avropa Az\u0259rbaycanda Prezident \u0130lham \u018fliyevin Birinci vitse-prezidentlik institutunun yarad\u0131lmas\u0131 il\u0259 ba\u015flanm\u0131\u015f &#8220;Yeni m\u0259rh\u0259l\u0259&#8221; islahatlar\u0131n\u0131 y\u00fcks\u0259k s\u0259viyy\u0259d\u0259 qar\u015f\u0131lay\u0131r.<\/p>\n<p>Mehriban \u018fliyevan\u0131n Paris s\u0259f\u0259rinin AT\u018fT-in Minsk qrupunun h\u0259ms\u0259dri kimi Fransan\u0131n m\u00f6vqeyin\u0259 m\u00fcsb\u0259t t\u0259sir ed\u0259c\u0259yi d\u0259 g\u00f6zl\u0259nil\u0259ndir.<\/p>\n<p>Mehriban \u018fliyeva dan\u0131\u015f\u0131qlarda \u00f6t\u0259n ilin iyulunda imzalanm\u0131\u015f, \u0259razi b\u00fct\u00f6vl\u00fcy\u00fc v\u0259 s\u0259rh\u0259dl\u0259rin toxunulmazl\u0131\u011f\u0131 ifad\u0259l\u0259rinin yer ald\u0131\u011f\u0131 T\u0259r\u0259fda\u015fl\u0131q Prioritetl\u0259ri adl\u0131 s\u0259n\u0259d\u0259 istinad edib.<\/p>\n<p>N\u0259hay\u0259t, Mehriban \u018fliyevan\u0131n s\u0259f\u0259ri Az\u0259rbaycan\u0131n b\u00f6y\u00fck g\u00fccl\u0259rin konfrantasiya meydan\u00e7alar\u0131nda deyil, \u0259m\u0259kda\u015fl\u0131q m\u0259kanlar\u0131nda f\u0259aliyy\u0259t g\u00f6st\u0259rdiyini v\u0259 \u0259m\u0259kda\u015fl\u0131q sah\u0259l\u0259rin\u0259 \u00f6z t\u00f6hf\u0259sini verm\u0259k ist\u0259yinin n\u00fcmayi\u015fidir.<\/p>\n<p>Bel\u0259kil\u0259, Birinci vitse-prezidentin Paris s\u0259f\u0259ri:<\/p>\n<p>G\u00f6r\u00fc\u015fl\u0259rin s\u0259viyy\u0259sin\u0259 g\u00f6r\u0259 \u0259n y\u00fcks\u0259k v\u0259 geni\u015f \u0259hat\u0259lidir;<\/p>\n<p>Fransa-Az\u0259rbaycan \u0259laq\u0259l\u0259rin\u0259 t\u0259sir ed\u0259n m\u0259nfi amill\u0259ri neytralla\u015fd\u0131rma\u011fa imkan ver\u0259c\u0259k;<\/p>\n<p>\u0130mzalanan s\u0259n\u0259dl\u0259r m\u00fch\u00fcm strateji istiqam\u0259tl\u0259ri \u0259hat\u0259 edir v\u0259 Az\u0259rbaycan\u0131n maliyy\u0259 v\u0259 n\u0259qliyyat sisteminin s\u0259m\u0259r\u0259liliyin\u0259 y\u00f6n\u0259lib;<\/p>\n<p>S\u0259f\u0259r Birinci vitse-prezidenlik institutunun y\u00fcks\u0259k beyn\u0259lxalq s\u0259viyy\u0259d\u0259 BMT T\u015e-nin \u00fczv\u00fc v\u0259 A\u0130-nin liderl\u0259rind\u0259n olan bir \u00f6lk\u0259d\u0259 q\u0259bul edilm\u0259sidir;<br \/>\nAz\u0259rbaycanda ba\u015flam\u0131\u015f islahatlara beyn\u0259lxalq d\u0259st\u0259yi d\u0259 ifad\u0259 edir;<\/p>\n<p>Avropa \u0130ttifaq\u0131 il\u0259 Az\u0259rbaycan\u0131n \u0259laq\u0259l\u0259rinin inki\u015faf\u0131na m\u00fcsb\u0259t t\u0259sir ed\u0259c\u0259k;<\/p>\n<p>AT\u018fT-in Minsk qrupunun h\u0259ms\u0259dr \u00f6lk\u0259si kimi m\u00fcnaqi\u015f\u0259nin h\u0259llind\u0259 Fransan\u0131n m\u00f6vqeyin\u0259 m\u00fcsb\u0259t t\u0259sir g\u00f6st\u0259r\u0259c\u0259k bir s\u0259f\u0259rdir;<\/p>\n<p>N\u0259hay\u0259t, Az\u0259rbaycan\u0131n b\u00f6y\u00fck g\u00fccl\u0259rin \u0259m\u0259kda\u015fl\u0131q m\u0259kanlar\u0131na t\u00f6hf\u0259 verdiyini g\u00f6st\u0259rir.<\/p>\n<p>Bel\u0259likl\u0259, Birinci vitse-prezidentlik institutu b\u00fct\u00fcn parametrl\u0259r \u00fczr\u0259 Prezident \u0130lham \u018fiyevin yeni d\u00f6vr \u00fc\u00e7\u00fcn siyasi kursunda Prezidentin x\u0259ttinin m\u00fch\u00fcm k\u00f6m\u0259k\u00e7i faktoru kimi \u00f6z yerini al\u0131b.<\/p>\n<p>Az\u0259rbaycan\u0131n siyasi tarixind\u0259 yeni bir institut art\u0131q praktikada ba\u015f tutmu\u015f v\u0259 \u00f6z s\u0259m\u0259r\u0259liliyini s\u00fcbut etmi\u015f say\u0131la bil\u0259r!<\/p>\n<p><strong>\u0130brahim M\u0259mm\u0259dov<br \/>\n\u018fm\u0259kdar jurnalist<\/strong><\/p>\n","protected":false},"excerpt":{"rendered":"<p>Son iki il\u0259 q\u0259d\u0259r Az\u0259rbaycan\u0131n siyasi sistemind\u0259 vitse-prezidentlik institutu olmay\u0131b. Birinci vitse-prezident Mehriban \u018fliyeva bizim \u00fc\u00e7\u00fcn yeni olan bu institutun \u00f6lk\u0259nin idar\u0259\u00e7iliyind\u0259 h\u0259m inzibati, h\u0259m d\u0259 siyasi yerini v\u0259 imicini formala\u015fd\u0131rmaqdad\u0131r. Bu, geni\u015f t\u0259hlil t\u0259l\u0259b ed\u0259n bir m\u00f6vzudur v\u0259 xarici siyas\u0259t v\u0259 beyn\u0259lxalq m\u00fcnasib\u0259tl\u0259r bu m\u00f6vzunun \u0259h\u0259miyy\u0259tli bir hiss\u0259sidir. Odur ki, Az\u0259rbaycan\u0131n Birinci vitse-prezidenti Mehriban \u018fliyevan\u0131n Fransaya s\u0259f\u0259ri onun proqram\u0131, g\u00f6r\u00fc\u015fl\u0259rin s\u0259viyy\u0259si, imzalanan s\u0259n\u0259dl\u0259r s\u0259f\u0259rin siyasi v\u0259 iqtisadi s\u0259m\u0259r\u0259si aspektl\u0259rind\u0259n diqq\u0259ti c\u0259lb edir v\u0259 x\u00fcsusi t\u0259hlili vacibdir. H\u0259m d\u0259 ona g\u00f6r\u0259 ki, Mehriban \u018fliyevan\u0131n Paris s\u0259f\u0259ri 2017-ci ild\u0259 ba\u015flanm\u0131\u015f Birinci&hellip;<\/p>\n","protected":false},"author":2,"featured_media":45671,"comment_status":"closed","ping_status":"closed","sticky":false,"template":"","format":"standard","meta":{"om_disable_all_campaigns":false,"_monsterinsights_skip_tracking":false,"_monsterinsights_sitenote_active":false,"_monsterinsights_sitenote_note":"","_monsterinsights_sitenote_category":0},"categories":[4],"tags":[],"aioseo_notices":[],"gutentor_comment":0,"rttpg_featured_image_url":{"full":["https:\/\/arantv.az\/wp-content\/uploads\/2019\/03\/739305.jpg",800,600,false],"landscape":["https:\/\/arantv.az\/wp-content\/uploads\/2019\/03\/739305.jpg",800,600,false],"portraits":["https:\/\/arantv.az\/wp-content\/uploads\/2019\/03\/739305.jpg",800,600,false],"thumbnail":["https:\/\/arantv.az\/wp-content\/uploads\/2019\/03\/739305-150x150.jpg",150,150,true],"medium":["https:\/\/arantv.az\/wp-content\/uploads\/2019\/03\/739305-300x225.jpg",300,225,true],"large":["https:\/\/arantv.az\/wp-content\/uploads\/2019\/03\/739305.jpg",640,480,false],"1536x1536":["https:\/\/arantv.az\/wp-content\/uploads\/2019\/03\/739305.jpg",800,600,false],"2048x2048":["https:\/\/arantv.az\/wp-content\/uploads\/2019\/03\/739305.jpg",800,600,false],"post-thumbnail":["https:\/\/arantv.az\/wp-content\/uploads\/2019\/03\/739305-240x172.jpg",240,172,true],"advps-thumb-one":["https:\/\/arantv.az\/wp-content\/uploads\/2019\/03\/739305.jpg",800,600,false]},"rttpg_author":{"display_name":"V\u00fcsal Rafiqo\u011flu","author_link":"https:\/\/arantv.az\/?author=2"},"rttpg_comment":0,"rttpg_category":"<a href=\"https:\/\/arantv.az\/?cat=4\" rel=\"category\">Siyas\u0259t<\/a>","rttpg_excerpt":"Son iki il\u0259 q\u0259d\u0259r Az\u0259rbaycan\u0131n siyasi sistemind\u0259 vitse-prezidentlik institutu olmay\u0131b. Birinci vitse-prezident Mehriban \u018fliyeva bizim \u00fc\u00e7\u00fcn yeni olan bu institutun \u00f6lk\u0259nin idar\u0259\u00e7iliyind\u0259 h\u0259m inzibati, h\u0259m d\u0259 siyasi yerini v\u0259 imicini formala\u015fd\u0131rmaqdad\u0131r. Bu, geni\u015f t\u0259hlil t\u0259l\u0259b ed\u0259n bir m\u00f6vzudur v\u0259 xarici siyas\u0259t v\u0259 beyn\u0259lxalq m\u00fcnasib\u0259tl\u0259r bu m\u00f6vzunun \u0259h\u0259miyy\u0259tli bir hiss\u0259sidir. Odur ki, Az\u0259rbaycan\u0131n Birinci vitse-prezidenti Mehriban&hellip;","_links":{"self":[{"href":"https:\/\/arantv.az\/index.php?rest_route=\/wp\/v2\/posts\/45670"}],"collection":[{"href":"https:\/\/arantv.az\/index.php?rest_route=\/wp\/v2\/posts"}],"about":[{"href":"https:\/\/arantv.az\/index.php?rest_route=\/wp\/v2\/types\/post"}],"author":[{"embeddable":true,"href":"https:\/\/arantv.az\/index.php?rest_route=\/wp\/v2\/users\/2"}],"replies":[{"embeddable":true,"href":"https:\/\/arantv.az\/index.php?rest_route=%2Fwp%2Fv2%2Fcomments&post=45670"}],"version-history":[{"count":0,"href":"https:\/\/arantv.az\/index.php?rest_route=\/wp\/v2\/posts\/45670\/revisions"}],"wp:featuredmedia":[{"embeddable":true,"href":"https:\/\/arantv.az\/index.php?rest_route=\/wp\/v2\/media\/45671"}],"wp:attachment":[{"href":"https:\/\/arantv.az\/index.php?rest_route=%2Fwp%2Fv2%2Fmedia&parent=45670"}],"wp:term":[{"taxonomy":"category","embeddable":true,"href":"https:\/\/arantv.az\/index.php?rest_route=%2Fwp%2Fv2%2Fcategories&post=45670"},{"taxonomy":"post_tag","embeddable":true,"href":"https:\/\/arantv.az\/index.php?rest_route=%2Fwp%2Fv2%2Ftags&post=45670"}],"curies":[{"name":"wp","href":"https:\/\/api.w.org\/{rel}","templated":true}]}}