{"id":45757,"date":"2019-03-16T10:03:19","date_gmt":"2019-03-16T07:03:19","guid":{"rendered":"http:\/\/arantv.az\/?p=45757"},"modified":"2019-03-16T10:03:19","modified_gmt":"2019-03-16T07:03:19","slug":"heyd%c9%99r-%c9%99liyev-fondu-azt%c9%99minatli-ail%c9%99l%c9%99r%c9%99-%c9%99n%c9%99n%c9%99vi-novruz-sovqatlari-paylayir-foto","status":"publish","type":"post","link":"https:\/\/arantv.az\/?p=45757","title":{"rendered":"Heyd\u0259r \u018fliyev Fondu azt\u0259minatl\u0131 ail\u0259l\u0259r\u0259 \u0259n\u0259n\u0259vi Novruz sovqatlar\u0131 paylay\u0131r &#8211; FOTO"},"content":{"rendered":"<p><strong>Az\u0259rbaycan Respublikas\u0131n\u0131n Birinci vitse-prezidenti, Heyd\u0259r \u018fliyev Fondunun prezidenti Mehriban \u018fliyevan\u0131n t\u0259\u015f\u0259bb\u00fcs\u00fc il\u0259 qar\u015f\u0131dan g\u0259l\u0259n Novruz bayram\u0131 m\u00fcnasib\u0259til\u0259 azt\u0259minatl\u0131 ail\u0259l\u0259r\u0259 \u0259n\u0259n\u0259vi olaraq sovqatlar paylan\u0131l\u0131r.<\/strong><\/p>\n<p><strong>ARANTV.AZ\u00a0<\/strong> x\u0259b\u0259r verir ki, Fonddan\u00a0<a href=\"https:\/\/az.trend.az\/\" target=\"_blank\" rel=\"noopener\">Trend<\/a>-\u0259 veril\u0259n m\u0259lumata g\u00f6r\u0259, \u018fm\u0259k v\u0259 \u018fhalinin Sosial M\u00fcdafi\u0259si Nazirliyi il\u0259 birlikd\u0259 h\u0259yata ke\u00e7iril\u0259n layih\u0259 respublika \u00fczr\u0259 \u00fcnvanl\u0131 d\u00f6vl\u0259t sosial yard\u0131m\u0131 alan b\u00fct\u00fcn ail\u0259l\u0259ri \u0259hat\u0259 edir.<\/p>\n<p>Heyd\u0259r \u018fliyev Fondunun rayonlara ezam olunan \u0259m\u0259kda\u015flar\u0131 b\u00f6lg\u0259l\u0259r \u00fczr\u0259 sosial yard\u0131m alan ail\u0259l\u0259r\u0259 m\u00fcxt\u0259lif \u0259rzaq m\u0259hsullar\u0131ndan ibar\u0259t sovqatlar \u00e7atd\u0131raraq, onlar\u0131 qar\u015f\u0131dan g\u0259l\u0259n Novruz bayram\u0131 m\u00fcnasib\u0259til\u0259 t\u0259brik edirl\u0259r.<\/p>\n<p>Qeyd ed\u0259k ki, Heyd\u0259r \u018fliyev Fondunun t\u0259\u015f\u0259bb\u00fcs\u00fc il\u0259 m\u00fct\u0259madi olaraq m\u00fcxt\u0259lif bayramlarda azt\u0259minatl\u0131 ail\u0259l\u0259r\u0259 sovqatlar paylan\u0131l\u0131r, bayram s\u00fcfr\u0259l\u0259ri a\u00e7\u0131l\u0131r, sosial yard\u0131ma ehtiyac\u0131 olan \u015f\u0259xsl\u0259rl\u0259 ba\u011fl\u0131 m\u00fcxt\u0259lif layih\u0259l\u0259r realla\u015fd\u0131r\u0131l\u0131r. Bununla Heyd\u0259r \u018fliyev Fondu d\u00f6vl\u0259tin azt\u0259minatl\u0131 ail\u0259l\u0259r \u00fczr\u0259 h\u0259yata ke\u00e7irdiyi sosial siyas\u0259t\u0259 \u00f6z t\u00f6hf\u0259sini verm\u0259kl\u0259 yana\u015f\u0131, h\u0259m d\u0259 qay\u011f\u0131ya ehtiyac\u0131 olan \u015f\u0259xsl\u0259r\u0259 d\u0259st\u0259k g\u00f6st\u0259rir.<\/p>\n<p><img loading=\"lazy\" class=\"alignnone size-medium wp-image-45758\" src=\"https:\/\/arantv.az\/wp-content\/uploads\/2019\/03\/739443-300x225.jpg\" alt=\"\" width=\"300\" height=\"225\" \/><img loading=\"lazy\" class=\"alignnone size-full wp-image-45759\" src=\"https:\/\/arantv.az\/wp-content\/uploads\/2019\/03\/739443_02.jpg\" alt=\"\" width=\"250\" height=\"167\" \/><img loading=\"lazy\" class=\"alignnone size-full wp-image-45760\" src=\"https:\/\/arantv.az\/wp-content\/uploads\/2019\/03\/739443_15.jpg\" alt=\"\" width=\"250\" height=\"167\" \/><\/p>\n<p><img loading=\"lazy\" class=\"alignnone size-full wp-image-45761\" src=\"https:\/\/arantv.az\/wp-content\/uploads\/2019\/03\/739443_09.jpg\" alt=\"\" width=\"250\" height=\"167\" \/><img loading=\"lazy\" class=\"alignnone size-full wp-image-45762\" src=\"https:\/\/arantv.az\/wp-content\/uploads\/2019\/03\/739443_11.jpg\" alt=\"\" width=\"250\" height=\"167\" \/><img loading=\"lazy\" class=\"alignnone size-full wp-image-45763\" src=\"https:\/\/arantv.az\/wp-content\/uploads\/2019\/03\/739443_04.jpg\" alt=\"\" width=\"250\" height=\"167\" \/><img loading=\"lazy\" class=\"alignnone size-full wp-image-45764\" src=\"https:\/\/arantv.az\/wp-content\/uploads\/2019\/03\/739443_03.jpg\" alt=\"\" width=\"250\" height=\"167\" \/><\/p>\n","protected":false},"excerpt":{"rendered":"<p>Az\u0259rbaycan Respublikas\u0131n\u0131n Birinci vitse-prezidenti, Heyd\u0259r \u018fliyev Fondunun prezidenti Mehriban \u018fliyevan\u0131n t\u0259\u015f\u0259bb\u00fcs\u00fc il\u0259 qar\u015f\u0131dan g\u0259l\u0259n Novruz bayram\u0131 m\u00fcnasib\u0259til\u0259 azt\u0259minatl\u0131 ail\u0259l\u0259r\u0259 \u0259n\u0259n\u0259vi olaraq sovqatlar paylan\u0131l\u0131r. ARANTV.AZ\u00a0 x\u0259b\u0259r verir ki, Fonddan\u00a0Trend-\u0259 veril\u0259n m\u0259lumata g\u00f6r\u0259, \u018fm\u0259k v\u0259 \u018fhalinin Sosial M\u00fcdafi\u0259si Nazirliyi il\u0259 birlikd\u0259 h\u0259yata ke\u00e7iril\u0259n layih\u0259 respublika \u00fczr\u0259 \u00fcnvanl\u0131 d\u00f6vl\u0259t sosial yard\u0131m\u0131 alan b\u00fct\u00fcn ail\u0259l\u0259ri \u0259hat\u0259 edir. Heyd\u0259r \u018fliyev Fondunun rayonlara ezam olunan \u0259m\u0259kda\u015flar\u0131 b\u00f6lg\u0259l\u0259r \u00fczr\u0259 sosial yard\u0131m alan ail\u0259l\u0259r\u0259 m\u00fcxt\u0259lif \u0259rzaq m\u0259hsullar\u0131ndan ibar\u0259t sovqatlar \u00e7atd\u0131raraq, onlar\u0131 qar\u015f\u0131dan g\u0259l\u0259n Novruz bayram\u0131 m\u00fcnasib\u0259til\u0259 t\u0259brik edirl\u0259r. Qeyd ed\u0259k ki, Heyd\u0259r \u018fliyev Fondunun t\u0259\u015f\u0259bb\u00fcs\u00fc il\u0259 m\u00fct\u0259madi olaraq&hellip;<\/p>\n","protected":false},"author":2,"featured_media":45758,"comment_status":"closed","ping_status":"closed","sticky":false,"template":"","format":"standard","meta":{"om_disable_all_campaigns":false,"_monsterinsights_skip_tracking":false,"_monsterinsights_sitenote_active":false,"_monsterinsights_sitenote_note":"","_monsterinsights_sitenote_category":0},"categories":[1],"tags":[],"aioseo_notices":[],"gutentor_comment":0,"rttpg_featured_image_url":{"full":["https:\/\/arantv.az\/wp-content\/uploads\/2019\/03\/739443.jpg",800,600,false],"landscape":["https:\/\/arantv.az\/wp-content\/uploads\/2019\/03\/739443.jpg",800,600,false],"portraits":["https:\/\/arantv.az\/wp-content\/uploads\/2019\/03\/739443.jpg",800,600,false],"thumbnail":["https:\/\/arantv.az\/wp-content\/uploads\/2019\/03\/739443-150x150.jpg",150,150,true],"medium":["https:\/\/arantv.az\/wp-content\/uploads\/2019\/03\/739443-300x225.jpg",300,225,true],"large":["https:\/\/arantv.az\/wp-content\/uploads\/2019\/03\/739443.jpg",640,480,false],"1536x1536":["https:\/\/arantv.az\/wp-content\/uploads\/2019\/03\/739443.jpg",800,600,false],"2048x2048":["https:\/\/arantv.az\/wp-content\/uploads\/2019\/03\/739443.jpg",800,600,false],"post-thumbnail":["https:\/\/arantv.az\/wp-content\/uploads\/2019\/03\/739443-240x172.jpg",240,172,true],"advps-thumb-one":["https:\/\/arantv.az\/wp-content\/uploads\/2019\/03\/739443.jpg",800,600,false]},"rttpg_author":{"display_name":"V\u00fcsal Rafiqo\u011flu","author_link":"https:\/\/arantv.az\/?author=2"},"rttpg_comment":0,"rttpg_category":"<a href=\"https:\/\/arantv.az\/?cat=1\" rel=\"category\">C\u0259miyy\u0259t<\/a>","rttpg_excerpt":"Az\u0259rbaycan Respublikas\u0131n\u0131n Birinci vitse-prezidenti, Heyd\u0259r \u018fliyev Fondunun prezidenti Mehriban \u018fliyevan\u0131n t\u0259\u015f\u0259bb\u00fcs\u00fc il\u0259 qar\u015f\u0131dan g\u0259l\u0259n Novruz bayram\u0131 m\u00fcnasib\u0259til\u0259 azt\u0259minatl\u0131 ail\u0259l\u0259r\u0259 \u0259n\u0259n\u0259vi olaraq sovqatlar paylan\u0131l\u0131r. ARANTV.AZ\u00a0 x\u0259b\u0259r verir ki, Fonddan\u00a0Trend-\u0259 veril\u0259n m\u0259lumata g\u00f6r\u0259, \u018fm\u0259k v\u0259 \u018fhalinin Sosial M\u00fcdafi\u0259si Nazirliyi il\u0259 birlikd\u0259 h\u0259yata ke\u00e7iril\u0259n layih\u0259 respublika \u00fczr\u0259 \u00fcnvanl\u0131 d\u00f6vl\u0259t sosial yard\u0131m\u0131 alan b\u00fct\u00fcn ail\u0259l\u0259ri \u0259hat\u0259 edir. Heyd\u0259r \u018fliyev&hellip;","_links":{"self":[{"href":"https:\/\/arantv.az\/index.php?rest_route=\/wp\/v2\/posts\/45757"}],"collection":[{"href":"https:\/\/arantv.az\/index.php?rest_route=\/wp\/v2\/posts"}],"about":[{"href":"https:\/\/arantv.az\/index.php?rest_route=\/wp\/v2\/types\/post"}],"author":[{"embeddable":true,"href":"https:\/\/arantv.az\/index.php?rest_route=\/wp\/v2\/users\/2"}],"replies":[{"embeddable":true,"href":"https:\/\/arantv.az\/index.php?rest_route=%2Fwp%2Fv2%2Fcomments&post=45757"}],"version-history":[{"count":0,"href":"https:\/\/arantv.az\/index.php?rest_route=\/wp\/v2\/posts\/45757\/revisions"}],"wp:featuredmedia":[{"embeddable":true,"href":"https:\/\/arantv.az\/index.php?rest_route=\/wp\/v2\/media\/45758"}],"wp:attachment":[{"href":"https:\/\/arantv.az\/index.php?rest_route=%2Fwp%2Fv2%2Fmedia&parent=45757"}],"wp:term":[{"taxonomy":"category","embeddable":true,"href":"https:\/\/arantv.az\/index.php?rest_route=%2Fwp%2Fv2%2Fcategories&post=45757"},{"taxonomy":"post_tag","embeddable":true,"href":"https:\/\/arantv.az\/index.php?rest_route=%2Fwp%2Fv2%2Ftags&post=45757"}],"curies":[{"name":"wp","href":"https:\/\/api.w.org\/{rel}","templated":true}]}}