{"id":45766,"date":"2019-03-16T10:19:02","date_gmt":"2019-03-16T07:19:02","guid":{"rendered":"http:\/\/arantv.az\/?p=45766"},"modified":"2019-03-16T10:19:02","modified_gmt":"2019-03-16T07:19:02","slug":"abs-dovl%c9%99t-departamentinin-hesabatinin-hec-bir-huquqi-%c9%99sasi-yoxdur-kohn%c9%99-materiallar-d%c9%99yisdirilm%c9%99d%c9%99n-d%c9%99rc-edilib","status":"publish","type":"post","link":"https:\/\/arantv.az\/?p=45766","title":{"rendered":"&#8220;AB\u015e D\u00f6vl\u0259t Departamentinin hesabat\u0131n\u0131n he\u00e7 bir h\u00fcquqi \u0259sas\u0131 yoxdur, k\u00f6hn\u0259 materiallar d\u0259yi\u015fdirilm\u0259d\u0259n d\u0259rc edilib&#8221;"},"content":{"rendered":"<blockquote><p><em><strong>AB\u015e D\u00f6vl\u0259t Departamentinin 2018-ci ild\u0259 d\u00fcnya \u00f6lk\u0259l\u0259rinin insan haqlar\u0131na v\u0259 fundamental azadl\u0131qlara dair hesabat\u0131nda Az\u0259rbaycan haqq\u0131nda yer alan m\u0259qamlar he\u00e7 bir fakta, ara\u015fd\u0131rmaya s\u00f6yk\u0259nmir. D\u00f6vl\u0259t Departamenti k\u00f6hn\u0259 materiallar\u0131 n\u0259inki d\u0259yi\u015fdirm\u0259d\u0259n d\u0259rc edib, h\u0259tta \u018fli K\u0259rimlinin, &#8220;Milli \u015fura&#8221;n\u0131n b\u0259zi \u00fczvl\u0259rinin fikirl\u0259rinin n\u00f6qt\u0259-verg\u00fcl\u00fcn\u00fc bel\u0259 d\u0259yi\u015fm\u0259d\u0259n hesabata daxil edib.<\/strong><\/em><\/p><\/blockquote>\n<p><strong>ARANTV.AZ<\/strong> trend-\u0259 istinad\u0259n x\u0259b\u0259r verir ki, bunu Yeni Az\u0259rbaycan Partiyas\u0131n\u0131n (YAP) icra katibinin m\u00fcavini, Milli M\u0259clisin \u0130ctimai birlikl\u0259r v\u0259 dini qurumlar komit\u0259sinin s\u0259dri Siyavu\u015f Novruzov deyib.<\/p>\n<p>S.Novruzov bildirib ki, D\u00f6vl\u0259t Departamenti h\u0259r bir insan\u0131n verdiyi informasiyaya deyil, ciddi m\u0259nb\u0259l\u0259r\u0259 \u0259saslanmal\u0131d\u0131r: &#8220;D\u00fcnyan\u0131n apar\u0131c\u0131 bir d\u00f6vl\u0259tinin D\u00f6vl\u0259t Departamenti t\u0259r\u0259find\u0259n maraql\u0131 t\u0259r\u0259fl\u0259rd\u0259n birinin subyektiv d\u00fc\u015f\u00fcnc\u0259l\u0259ri d\u00f6vl\u0259t s\u0259n\u0259di s\u0259viyy\u0259sin\u0259 \u00e7\u0131xmamal\u0131d\u0131r. Burada fundamental ara\u015fd\u0131rma olmal\u0131, qar\u015f\u0131 t\u0259r\u0259fin arqumentl\u0259ri d\u0259 dinl\u0259nilm\u0259li v\u0259 n\u0259z\u0259r\u0259 al\u0131nmal\u0131d\u0131r. T\u0259\u0259ss\u00fcfl\u0259r olsun ki, bu hesabat tamamil\u0259 birt\u0259r\u0259flidir v\u0259 qeyd etdiyimiz obyektiv kriteriyalara uy\u011fun g\u0259lmir. B\u0259s niy\u0259 bu hesabatda Erm\u0259nistan\u0131n i\u015f\u011fal\u0131 n\u0259tic\u0259sind\u0259 do\u011fma torpaqlar\u0131ndan did\u0259rgin d\u00fc\u015fm\u00fc\u015f, b\u00fct\u00fcn h\u00fcquqlardan m\u0259hrum olunmu\u015f bir milyondan \u00e7ox qa\u00e7q\u0131n v\u0259 m\u0259cburi k\u00f6\u00e7k\u00fcn\u00fcn haqq\u0131nda bir k\u0259lm\u0259 i\u015fl\u0259dilmir? Yaxud bizim k\u0259lb\u0259c\u0259rli h\u0259mv\u0259t\u0259nl\u0259rimiz Dilq\u0259m \u018fsg\u0259rov v\u0259 \u015eahbaz Quliyev\u0259 erm\u0259nil\u0259r t\u0259r\u0259find\u0259n h\u0259r c\u00fcr i\u015fg\u0259nc\u0259 verilir, onlara qeyri-qanuni m\u0259hk\u0259m\u0259 qurulub. Hesabatda onlar bar\u0259d\u0259 bir k\u0259lm\u0259 bel\u0259 i\u015fl\u0259dilm\u0259yib. Mehman Q\u0259l\u0259nd\u0259rov, \u018ffqan Muxtarl\u0131 il\u0259 G\u00f6z\u0259l Bayraml\u0131dan dan\u0131\u015f\u0131rlar, amma Dilq\u0259ml\u0259 \u015eahbazdan bir k\u0259lm\u0259 d\u0259 hesabatda yazmay\u0131blar&#8221;.<\/p>\n<p>YAP icra katibinin m\u00fcavini hesab edir ki, bel\u0259 hesabatlar\u0131n yay\u0131lmas\u0131nda x\u00fcsusi maraqlar var. &#8220;\u00c7\u00fcnki Az\u0259rbaycan\u0131n apard\u0131\u011f\u0131 m\u00fcst\u0259qil siyas\u0259t, c\u0259nab Prezident t\u0259r\u0259find\u0259n q\u0259bul olunan q\u0259rarlar, s\u0259r\u0259ncamlar, bu yax\u0131nlarda imzalanmas\u0131 g\u00f6zl\u0259nil\u0259n \u0259fv s\u0259r\u0259ncam\u0131 m\u00fc\u0259yy\u0259n q\u00fcvv\u0259l\u0259r\u0259 s\u0259rf etmir. H\u0259min q\u00fcvv\u0259l\u0259r ist\u0259yirl\u0259r ki, Az\u0259rbaycan d\u00f6vl\u0259ti onlar\u0131n diqt\u0259si il\u0259 oturub-dursun. Amma Az\u0259rbaycan m\u00fcst\u0259qil d\u00f6vl\u0259tdir, h\u0259yata ke\u00e7iril\u0259n siyas\u0259td\u0259 milli maraqlar\u0131n qorunmas\u0131 \u00f6nd\u0259 dayan\u0131r&#8221;.<\/p>\n<p>S.Novruzov, h\u0259m\u00e7inin Az\u0259rbaycanda internet v\u0259 media azadl\u0131\u011f\u0131n\u0131n tam t\u0259min olundu\u011funu diqq\u0259t\u0259 \u00e7atd\u0131r\u0131b: &#8220;Az\u0259rbaycanda iyirmid\u0259n \u00e7ox internet televiziyas\u0131 f\u0259aliyy\u0259t g\u00f6st\u0259rir. Bu g\u00fcn xaricd\u0259 oturub &#8220;YouTube&#8221;, dig\u0259r beyn\u0259lxalq internet resurslar\u0131 vasit\u0259sil\u0259 Az\u0259rbaycana qar\u015f\u0131 t\u0259hqir, b\u00f6htan kampaniyas\u0131 apar\u0131l\u0131r. Bu kampaniyan\u0131 da Q\u0259rbd\u0259ki m\u00fc\u0259yy\u0259n dair\u0259l\u0259r maliyy\u0259l\u0259\u015fdirir&#8221;.<\/p>\n<p>D\u00f6vl\u0259t Departamentinin bu hesabat\u0131n\u0131n &#8220;divar ka\u011f\u0131z\u0131&#8221;ndan f\u0259rql\u0259nm\u0259diyini dey\u0259n mill\u0259t v\u0259kilinin s\u00f6zl\u0259rin\u0259 g\u00f6r\u0259, bu hesabat\u0131n he\u00e7 bir h\u00fcquqi \u0259sas\u0131 yoxdur: &#8220;AB\u015e-\u0131n \u00f6z\u00fcnd\u0259 d\u0259 insan h\u00fcquqlar\u0131 ciddi \u015f\u0259kild\u0259 pozulur. Buna s\u00fcbut kimi bir s\u0131ra ara\u015fd\u0131rma\u00e7\u0131-jurnalistl\u0259rin m\u00fc\u0259mmal\u0131 q\u0259tll\u0259rini, \u018fbu Qureybd\u0259 v\u0259 Quantanamo h\u0259bsxanas\u0131nda veril\u0259n i\u015fg\u0259nc\u0259l\u0259ri g\u00f6st\u0259rm\u0259k olar. Amma AB\u015e-da bu hadis\u0259l\u0259rl\u0259 ba\u011fl\u0131 ciddi t\u0259dbirl\u0259r g\u00f6r\u00fclm\u0259yib, t\u0259qsirkarlar\u0131n bir \u00e7oxu \u00fcmumiyy\u0259tl\u0259 c\u0259zalanmay\u0131b&#8221;.<\/p>\n<p>YAP icra katibinin m\u00fcavini \u0259fv s\u0259r\u0259ncam\u0131, siyasi m\u0259hbus oldu\u011fu iddia edil\u0259n \u015f\u0259xsl\u0259rin \u0259fv olunub-olunmayaca\u011f\u0131 il\u0259 ba\u011fl\u0131 suala cavab\u0131nda deyib ki, \u0259fv s\u0259r\u0259ncam\u0131 bir qrup insana s\u0259rf etmir: &#8220;\u018ffv s\u0259r\u0259ncam\u0131 olanda xaricd\u0259 oturan bir qrup \u015f\u0259xs\u0259, erm\u0259ni lobbisin\u0259 xidm\u0259t ed\u0259n insanlara v\u0259 Az\u0259rbaycanda &#8220;Milli \u015fura&#8221; adlanan quruma, o c\u00fcml\u0259d\u0259n, \u018fli K\u0259rimlinin g\u00fcruhuna s\u0259rf etmir. \u018fksin\u0259, bu v\u0259 ya dig\u0259r \u015f\u0259kild\u0259 \u00e7al\u0131\u015f\u0131rlar ki, o insanlar\u0131n he\u00e7 biri azadl\u0131\u011fa burax\u0131lmas\u0131n. Bunlar da onlar\u0131n ad\u0131ndan istifad\u0259 edib qrant als\u0131nlar, Az\u0259rbaycana qar\u015f\u0131 t\u0259zyiq vasit\u0259si kimi istifad\u0259 edilsin&#8221;.<\/p>\n<p>O, eyni zamanda bildirib ki, \u0259fvl\u0259 ba\u011fl\u0131 m\u00fcraci\u0259tl\u0259r olub: &#8220;Art\u0131q &#8220;Milli \u015fura&#8221;n\u0131n t\u0259msil\u00e7il\u0259ri iddia edirl\u0259r ki, mitinq\u0259 g\u00f6r\u0259 \u0259fv s\u0259r\u0259ncam\u0131 olacaq. Halbuki \u0259fvl\u0259 ba\u011fl\u0131 mind\u0259n art\u0131q m\u00fcraci\u0259t daxil olub. M\u00fcraci\u0259tl\u0259r\u0259 bax\u0131l\u0131b v\u0259 bunlardan 400 n\u0259f\u0259r insan\u0131n azadl\u0131\u011fa burax\u0131lmas\u0131 il\u0259 \u0259laq\u0259dar s\u0259n\u0259dl\u0259r haz\u0131rlan\u0131b. Bu \u015f\u0259xsl\u0259rin say\u0131 v\u0259 kimliyi \u0259fv komissiyas\u0131 t\u0259r\u0259find\u0259n m\u00fc\u0259yy\u0259nl\u0259\u015fdirir. Maraql\u0131 m\u0259qamlar ondan ibar\u0259tdir ki, onlar azadl\u0131\u011fa \u00e7\u0131xd\u0131qdan sonra \u018fli K\u0259rimlinin d\u0259st\u0259si art\u0131q bu insanlarla maraqlanm\u0131r v\u0259 ya m\u00fcxalif\u0259t d\u00fc\u015f\u0259rg\u0259sind\u0259n k\u0259narla\u015fd\u0131rma\u011fa \u00e7al\u0131\u015f\u0131r. \u00c7\u00fcnki azadl\u0131qdak\u0131 m\u00fcxalif\u0259t\u00e7i onlar \u00fc\u00e7\u00fcn maddi v\u0259 m\u0259n\u0259vi \u0259h\u0259miyy\u0259t k\u0259sb etmir. M\u0259s\u0259l\u0259n, \u0130lqar M\u0259mm\u0259dov. O, h\u0259bsd\u0259 olanda ad\u0131n\u0131 daha \u00e7ox halland\u0131r\u0131rd\u0131lar, n\u0259inki indi. \u0130ndi art\u0131q onunla r\u0259qab\u0259t\u0259 giribl\u0259r, \u00e7irkli r\u0259qab\u0259t apar\u0131rlar. Az\u0259rbaycan h\u00fcquqi d\u00f6vl\u0259tdir. Kimin cinay\u0259ti ictimai t\u0259hl\u00fck\u0259li deyils\u0259, \u0259fv\u0259 uy\u011fun g\u0259lirs\u0259, ail\u0259si v\u0259 ya h\u00fcquq m\u00fcdafi\u0259 t\u0259\u015fkilatlar\u0131 t\u0259r\u0259find\u0259n m\u00fcraci\u0259t edilibs\u0259, t\u00f6r\u0259tdiyi \u0259m\u0259ld\u0259n pe\u015fman olmas\u0131 bar\u0259d\u0259 etiraf\u0131 varsa, o \u015f\u0259xsl\u0259rl\u0259 ba\u011fl\u0131 m\u00fcraci\u0259t\u0259 bax\u0131l\u0131r v\u0259 m\u00fcvafiq q\u0259rar q\u0259bul edil\u0259c\u0259k&#8221;.<\/p>\n","protected":false},"excerpt":{"rendered":"<p>AB\u015e D\u00f6vl\u0259t Departamentinin 2018-ci ild\u0259 d\u00fcnya \u00f6lk\u0259l\u0259rinin insan haqlar\u0131na v\u0259 fundamental azadl\u0131qlara dair hesabat\u0131nda Az\u0259rbaycan haqq\u0131nda yer alan m\u0259qamlar he\u00e7 bir fakta, ara\u015fd\u0131rmaya s\u00f6yk\u0259nmir. D\u00f6vl\u0259t Departamenti k\u00f6hn\u0259 materiallar\u0131 n\u0259inki d\u0259yi\u015fdirm\u0259d\u0259n d\u0259rc edib, h\u0259tta \u018fli K\u0259rimlinin, &#8220;Milli \u015fura&#8221;n\u0131n b\u0259zi \u00fczvl\u0259rinin fikirl\u0259rinin n\u00f6qt\u0259-verg\u00fcl\u00fcn\u00fc bel\u0259 d\u0259yi\u015fm\u0259d\u0259n hesabata daxil edib. ARANTV.AZ trend-\u0259 istinad\u0259n x\u0259b\u0259r verir ki, bunu Yeni Az\u0259rbaycan Partiyas\u0131n\u0131n (YAP) icra katibinin m\u00fcavini, Milli M\u0259clisin \u0130ctimai birlikl\u0259r v\u0259 dini qurumlar komit\u0259sinin s\u0259dri Siyavu\u015f Novruzov deyib. S.Novruzov bildirib ki, D\u00f6vl\u0259t Departamenti h\u0259r bir insan\u0131n verdiyi informasiyaya deyil, ciddi m\u0259nb\u0259l\u0259r\u0259 \u0259saslanmal\u0131d\u0131r: &#8220;D\u00fcnyan\u0131n apar\u0131c\u0131 bir d\u00f6vl\u0259tinin&hellip;<\/p>\n","protected":false},"author":2,"featured_media":45767,"comment_status":"closed","ping_status":"closed","sticky":false,"template":"","format":"standard","meta":{"om_disable_all_campaigns":false,"_monsterinsights_skip_tracking":false,"_monsterinsights_sitenote_active":false,"_monsterinsights_sitenote_note":"","_monsterinsights_sitenote_category":0},"categories":[4],"tags":[],"aioseo_notices":[],"gutentor_comment":0,"rttpg_featured_image_url":{"full":["https:\/\/arantv.az\/wp-content\/uploads\/2019\/03\/siyavus_novruzov_052.jpg",800,600,false],"landscape":["https:\/\/arantv.az\/wp-content\/uploads\/2019\/03\/siyavus_novruzov_052.jpg",800,600,false],"portraits":["https:\/\/arantv.az\/wp-content\/uploads\/2019\/03\/siyavus_novruzov_052.jpg",800,600,false],"thumbnail":["https:\/\/arantv.az\/wp-content\/uploads\/2019\/03\/siyavus_novruzov_052-150x150.jpg",150,150,true],"medium":["https:\/\/arantv.az\/wp-content\/uploads\/2019\/03\/siyavus_novruzov_052-300x225.jpg",300,225,true],"large":["https:\/\/arantv.az\/wp-content\/uploads\/2019\/03\/siyavus_novruzov_052.jpg",640,480,false],"1536x1536":["https:\/\/arantv.az\/wp-content\/uploads\/2019\/03\/siyavus_novruzov_052.jpg",800,600,false],"2048x2048":["https:\/\/arantv.az\/wp-content\/uploads\/2019\/03\/siyavus_novruzov_052.jpg",800,600,false],"post-thumbnail":["https:\/\/arantv.az\/wp-content\/uploads\/2019\/03\/siyavus_novruzov_052-240x172.jpg",240,172,true],"advps-thumb-one":["https:\/\/arantv.az\/wp-content\/uploads\/2019\/03\/siyavus_novruzov_052.jpg",800,600,false]},"rttpg_author":{"display_name":"V\u00fcsal Rafiqo\u011flu","author_link":"https:\/\/arantv.az\/?author=2"},"rttpg_comment":0,"rttpg_category":"<a href=\"https:\/\/arantv.az\/?cat=4\" rel=\"category\">Siyas\u0259t<\/a>","rttpg_excerpt":"AB\u015e D\u00f6vl\u0259t Departamentinin 2018-ci ild\u0259 d\u00fcnya \u00f6lk\u0259l\u0259rinin insan haqlar\u0131na v\u0259 fundamental azadl\u0131qlara dair hesabat\u0131nda Az\u0259rbaycan haqq\u0131nda yer alan m\u0259qamlar he\u00e7 bir fakta, ara\u015fd\u0131rmaya s\u00f6yk\u0259nmir. D\u00f6vl\u0259t Departamenti k\u00f6hn\u0259 materiallar\u0131 n\u0259inki d\u0259yi\u015fdirm\u0259d\u0259n d\u0259rc edib, h\u0259tta \u018fli K\u0259rimlinin, &#8220;Milli \u015fura&#8221;n\u0131n b\u0259zi \u00fczvl\u0259rinin fikirl\u0259rinin n\u00f6qt\u0259-verg\u00fcl\u00fcn\u00fc bel\u0259 d\u0259yi\u015fm\u0259d\u0259n hesabata daxil edib. ARANTV.AZ trend-\u0259 istinad\u0259n x\u0259b\u0259r verir ki, bunu Yeni Az\u0259rbaycan&hellip;","_links":{"self":[{"href":"https:\/\/arantv.az\/index.php?rest_route=\/wp\/v2\/posts\/45766"}],"collection":[{"href":"https:\/\/arantv.az\/index.php?rest_route=\/wp\/v2\/posts"}],"about":[{"href":"https:\/\/arantv.az\/index.php?rest_route=\/wp\/v2\/types\/post"}],"author":[{"embeddable":true,"href":"https:\/\/arantv.az\/index.php?rest_route=\/wp\/v2\/users\/2"}],"replies":[{"embeddable":true,"href":"https:\/\/arantv.az\/index.php?rest_route=%2Fwp%2Fv2%2Fcomments&post=45766"}],"version-history":[{"count":0,"href":"https:\/\/arantv.az\/index.php?rest_route=\/wp\/v2\/posts\/45766\/revisions"}],"wp:featuredmedia":[{"embeddable":true,"href":"https:\/\/arantv.az\/index.php?rest_route=\/wp\/v2\/media\/45767"}],"wp:attachment":[{"href":"https:\/\/arantv.az\/index.php?rest_route=%2Fwp%2Fv2%2Fmedia&parent=45766"}],"wp:term":[{"taxonomy":"category","embeddable":true,"href":"https:\/\/arantv.az\/index.php?rest_route=%2Fwp%2Fv2%2Fcategories&post=45766"},{"taxonomy":"post_tag","embeddable":true,"href":"https:\/\/arantv.az\/index.php?rest_route=%2Fwp%2Fv2%2Ftags&post=45766"}],"curies":[{"name":"wp","href":"https:\/\/api.w.org\/{rel}","templated":true}]}}