{"id":45778,"date":"2019-03-16T10:23:58","date_gmt":"2019-03-16T07:23:58","guid":{"rendered":"http:\/\/arantv.az\/?p=45778"},"modified":"2019-03-16T10:23:58","modified_gmt":"2019-03-16T07:23:58","slug":"toya-ged%c9%99rk%c9%99n-d%c9%99hs%c9%99tli-q%c9%99zada-ol%c9%99n-qardaslarla-bagli-yeni-faktlar-foto-video","status":"publish","type":"post","link":"https:\/\/arantv.az\/?p=45778","title":{"rendered":"Toya ged\u0259rk\u0259n d\u0259h\u015f\u0259tli q\u0259zada \u00f6l\u0259n qarda\u015flarla ba\u011fl\u0131 YEN\u0130 FAKTLAR &#8211; FOTO\/V\u0130DEO"},"content":{"rendered":"<p>\u00d6t\u0259n g\u00fcn Sumqay\u0131tda ba\u015f ver\u0259n d\u0259h\u015f\u0259tli yol q\u0259zas\u0131nda \u00f6l\u0259n qarda\u015flar bu g\u00fcn d\u0259fn edil\u0259c\u0259k.<\/p>\n<p><b>ARANTV.AZ\u00a0<\/b>\u00a0publika.az-a istinad\u0259n x\u0259b\u0259r verir ki, Bak\u0131-Quba-Rusiya s\u0259rh\u0259di magistral yolunun Sumqay\u0131t \u015f\u0259h\u0259r Hac\u0131 Zeynalabdin Ta\u011f\u0131yev q\u0259s\u0259b\u0259sind\u0259n ke\u00e7\u0259n hiss\u0259sind\u0259 &#8220;Hyundai Elantra&#8221; markal\u0131 99 EA 934 d\u00f6vl\u0259t n\u00f6mr\u0259 ni\u015fanl\u0131 minik avtomobilinin &#8220;KamAZ&#8221; markal\u0131 09 BL 969 n\u00f6mr\u0259li y\u00fck ma\u015f\u0131n\u0131na \u00e7\u0131rp\u0131lmas\u0131 n\u0259tic\u0259sind\u0259 \u00f6l\u0259n 1998-ci il t\u0259v\u0259ll\u00fcdl\u00fc Z\u0259kiyev Vahid M\u0259zahir o\u011flu v\u0259 1996-c\u0131 il t\u0259v\u0259ll\u00fcdl\u00fc Z\u0259kiyev Mikay\u0131l M\u0259zahir o\u011flu bu g\u00fcn Balaxan\u0131 q\u0259s\u0259b\u0259 m\u0259zarl\u0131\u011f\u0131nda torpa\u011fa tap\u015f\u0131r\u0131lacaq.<\/p>\n<p>M\u0259lumata g\u00f6r\u0259, Z\u0259kiyev qarda\u015flar\u0131 &#8220;Rent a car&#8221;dan avtomobil icar\u0259 g\u00f6t\u00fcr\u0259r\u0259k Quba rayonuna Vahidin \u0259sg\u0259r yolda\u015f\u0131n\u0131n toyunda i\u015ftirak etm\u0259k \u00fc\u00e7\u00fcn yola \u00e7\u0131x\u0131blar. Avtomobil Ta\u011f\u0131yev q\u0259s\u0259b\u0259sind\u0259 h\u0259r\u0259k\u0259td\u0259 olark\u0259n s\u00fcr\u00fcc\u00fcn\u00fcn idar\u0259etm\u0259sind\u0259n \u00e7\u0131xaraq qar\u015f\u0131dan ged\u0259n y\u00fck ma\u015f\u0131n\u0131na \u00e7\u0131rp\u0131l\u0131b. Hadis\u0259 vaxt\u0131 Mikay\u0131l v\u0259 Vahid yerind\u0259c\u0259 ke\u00e7inib. 1995-ci il t\u0259v\u0259ll\u00fcdl\u00fc Zabit Aslan o\u011flu C\u0259f\u0259r, N\u0259biyev C\u0259bi M\u00fcd\u00fcrxan o\u011flu v\u0259 2003-c\u00fc il t\u0259v\u0259ll\u00fcdl\u00fc Z\u0259kiyev F\u0259rid M\u0259zahir o\u011flu is\u0259 Sumqay\u0131t \u015f\u0259h\u0259r T\u0259cili Tibbi Yard\u0131m X\u0259st\u0259xanas\u0131na yerl\u0259\u015fdirilibl\u0259r.<\/p>\n<p>X\u0259st\u0259xanadan Publika.az-a bildirilib ki, F\u0259rid Z\u0259kiyev art\u0131q ev\u0259 burax\u0131l\u0131b.<\/p>\n<p>Dig\u0259r m\u0259lumata g\u00f6r\u0259, d\u0259h\u015f\u0259tli hadis\u0259d\u0259 v\u0259fat ed\u0259n Mikay\u0131l Z\u0259kiyev T\u00fcrkiy\u0259d\u0259 Y\u0131ld\u0131r\u0131m B\u0259yazid Universitetinin mzunudur. O, motosiklet v\u0259 tatuaj h\u0259v\u0259skar\u0131 olub. Vahid is\u0259 yenic\u0259 i\u015f\u0259 q\u0259bul olubmu\u015f. \u018fsl\u0259n Quba rayonundan olan qarda\u015flar\u0131 Bak\u0131 \u015f\u0259h\u0259r Balaxan\u0131 qs\u0259b\u0259sind\u0259 b\u00f6y\u00fcy\u00fcbl\u0259r v\u0259 bu g\u00fcn saat 12-d\u0259 q\u0259s\u0259b\u0259 m\u0259zarl\u0131\u011f\u0131nda d\u0259fn edil\u0259c\u0259kl\u0259r.<\/p>\n<div class=\"embed-responsive embed-responsive-16by9\"><iframe loading=\"lazy\" id=\"nmqembedid\" class=\"embed-responsive-item\" title=\"video player\" src=\"https:\/\/izle.az\/embed\/qyyxrXSyTCn394kv8HEEAA~~\" width=\"600\" height=\"340\" frameborder=\"0\" scrolling=\"no\" allowfullscreen=\"allowfullscreen\" data-mce-fragment=\"1\"><\/iframe><\/div>\n<div class=\"datespan clearfix\"><\/div>\n","protected":false},"excerpt":{"rendered":"<p>\u00d6t\u0259n g\u00fcn Sumqay\u0131tda ba\u015f ver\u0259n d\u0259h\u015f\u0259tli yol q\u0259zas\u0131nda \u00f6l\u0259n qarda\u015flar bu g\u00fcn d\u0259fn edil\u0259c\u0259k. ARANTV.AZ\u00a0\u00a0publika.az-a istinad\u0259n x\u0259b\u0259r verir ki, Bak\u0131-Quba-Rusiya s\u0259rh\u0259di magistral yolunun Sumqay\u0131t \u015f\u0259h\u0259r Hac\u0131 Zeynalabdin Ta\u011f\u0131yev q\u0259s\u0259b\u0259sind\u0259n ke\u00e7\u0259n hiss\u0259sind\u0259 &#8220;Hyundai Elantra&#8221; markal\u0131 99 EA 934 d\u00f6vl\u0259t n\u00f6mr\u0259 ni\u015fanl\u0131 minik avtomobilinin &#8220;KamAZ&#8221; markal\u0131 09 BL 969 n\u00f6mr\u0259li y\u00fck ma\u015f\u0131n\u0131na \u00e7\u0131rp\u0131lmas\u0131 n\u0259tic\u0259sind\u0259 \u00f6l\u0259n 1998-ci il t\u0259v\u0259ll\u00fcdl\u00fc Z\u0259kiyev Vahid M\u0259zahir o\u011flu v\u0259 1996-c\u0131 il t\u0259v\u0259ll\u00fcdl\u00fc Z\u0259kiyev Mikay\u0131l M\u0259zahir o\u011flu bu g\u00fcn Balaxan\u0131 q\u0259s\u0259b\u0259 m\u0259zarl\u0131\u011f\u0131nda torpa\u011fa tap\u015f\u0131r\u0131lacaq. M\u0259lumata g\u00f6r\u0259, Z\u0259kiyev qarda\u015flar\u0131 &#8220;Rent a car&#8221;dan avtomobil icar\u0259 g\u00f6t\u00fcr\u0259r\u0259k Quba rayonuna Vahidin \u0259sg\u0259r yolda\u015f\u0131n\u0131n&hellip;<\/p>\n","protected":false},"author":2,"featured_media":45779,"comment_status":"closed","ping_status":"closed","sticky":false,"template":"","format":"standard","meta":{"om_disable_all_campaigns":false,"_monsterinsights_skip_tracking":false,"_monsterinsights_sitenote_active":false,"_monsterinsights_sitenote_note":"","_monsterinsights_sitenote_category":0},"categories":[5],"tags":[],"aioseo_notices":[],"gutentor_comment":0,"rttpg_featured_image_url":{"full":["https:\/\/arantv.az\/wp-content\/uploads\/2019\/03\/6c6f4686-ec20-40f5-bdf5-0a3163e38770.jpg",549,309,false],"landscape":["https:\/\/arantv.az\/wp-content\/uploads\/2019\/03\/6c6f4686-ec20-40f5-bdf5-0a3163e38770.jpg",549,309,false],"portraits":["https:\/\/arantv.az\/wp-content\/uploads\/2019\/03\/6c6f4686-ec20-40f5-bdf5-0a3163e38770.jpg",549,309,false],"thumbnail":["https:\/\/arantv.az\/wp-content\/uploads\/2019\/03\/6c6f4686-ec20-40f5-bdf5-0a3163e38770-150x150.jpg",150,150,true],"medium":["https:\/\/arantv.az\/wp-content\/uploads\/2019\/03\/6c6f4686-ec20-40f5-bdf5-0a3163e38770-300x169.jpg",300,169,true],"large":["https:\/\/arantv.az\/wp-content\/uploads\/2019\/03\/6c6f4686-ec20-40f5-bdf5-0a3163e38770.jpg",549,309,false],"1536x1536":["https:\/\/arantv.az\/wp-content\/uploads\/2019\/03\/6c6f4686-ec20-40f5-bdf5-0a3163e38770.jpg",549,309,false],"2048x2048":["https:\/\/arantv.az\/wp-content\/uploads\/2019\/03\/6c6f4686-ec20-40f5-bdf5-0a3163e38770.jpg",549,309,false],"post-thumbnail":["https:\/\/arantv.az\/wp-content\/uploads\/2019\/03\/6c6f4686-ec20-40f5-bdf5-0a3163e38770-240x172.jpg",240,172,true],"advps-thumb-one":["https:\/\/arantv.az\/wp-content\/uploads\/2019\/03\/6c6f4686-ec20-40f5-bdf5-0a3163e38770.jpg",549,309,false]},"rttpg_author":{"display_name":"V\u00fcsal Rafiqo\u011flu","author_link":"https:\/\/arantv.az\/?author=2"},"rttpg_comment":0,"rttpg_category":"<a href=\"https:\/\/arantv.az\/?cat=5\" rel=\"category\">Hadis\u0259<\/a>","rttpg_excerpt":"\u00d6t\u0259n g\u00fcn Sumqay\u0131tda ba\u015f ver\u0259n d\u0259h\u015f\u0259tli yol q\u0259zas\u0131nda \u00f6l\u0259n qarda\u015flar bu g\u00fcn d\u0259fn edil\u0259c\u0259k. ARANTV.AZ\u00a0\u00a0publika.az-a istinad\u0259n x\u0259b\u0259r verir ki, Bak\u0131-Quba-Rusiya s\u0259rh\u0259di magistral yolunun Sumqay\u0131t \u015f\u0259h\u0259r Hac\u0131 Zeynalabdin Ta\u011f\u0131yev q\u0259s\u0259b\u0259sind\u0259n ke\u00e7\u0259n hiss\u0259sind\u0259 &#8220;Hyundai Elantra&#8221; markal\u0131 99 EA 934 d\u00f6vl\u0259t n\u00f6mr\u0259 ni\u015fanl\u0131 minik avtomobilinin &#8220;KamAZ&#8221; markal\u0131 09 BL 969 n\u00f6mr\u0259li y\u00fck ma\u015f\u0131n\u0131na \u00e7\u0131rp\u0131lmas\u0131 n\u0259tic\u0259sind\u0259 \u00f6l\u0259n 1998-ci il&hellip;","_links":{"self":[{"href":"https:\/\/arantv.az\/index.php?rest_route=\/wp\/v2\/posts\/45778"}],"collection":[{"href":"https:\/\/arantv.az\/index.php?rest_route=\/wp\/v2\/posts"}],"about":[{"href":"https:\/\/arantv.az\/index.php?rest_route=\/wp\/v2\/types\/post"}],"author":[{"embeddable":true,"href":"https:\/\/arantv.az\/index.php?rest_route=\/wp\/v2\/users\/2"}],"replies":[{"embeddable":true,"href":"https:\/\/arantv.az\/index.php?rest_route=%2Fwp%2Fv2%2Fcomments&post=45778"}],"version-history":[{"count":0,"href":"https:\/\/arantv.az\/index.php?rest_route=\/wp\/v2\/posts\/45778\/revisions"}],"wp:featuredmedia":[{"embeddable":true,"href":"https:\/\/arantv.az\/index.php?rest_route=\/wp\/v2\/media\/45779"}],"wp:attachment":[{"href":"https:\/\/arantv.az\/index.php?rest_route=%2Fwp%2Fv2%2Fmedia&parent=45778"}],"wp:term":[{"taxonomy":"category","embeddable":true,"href":"https:\/\/arantv.az\/index.php?rest_route=%2Fwp%2Fv2%2Fcategories&post=45778"},{"taxonomy":"post_tag","embeddable":true,"href":"https:\/\/arantv.az\/index.php?rest_route=%2Fwp%2Fv2%2Ftags&post=45778"}],"curies":[{"name":"wp","href":"https:\/\/api.w.org\/{rel}","templated":true}]}}