{"id":45787,"date":"2019-03-16T10:27:37","date_gmt":"2019-03-16T07:27:37","guid":{"rendered":"http:\/\/arantv.az\/?p=45787"},"modified":"2019-03-16T10:27:37","modified_gmt":"2019-03-16T07:27:37","slug":"asan-h%c9%99yat-bahar-festivali-kecirilib-%e2%80%8bmasallida-fotolar","status":"publish","type":"post","link":"https:\/\/arantv.az\/?p=45787","title":{"rendered":"\u201cASAN H\u0259yat\u201d Bahar Festival\u0131 ke\u00e7irilib &#8211; \u200bMasall\u0131da \/ FOTOLAR"},"content":{"rendered":"<article id=\"maincontent\" class=\"normal-text\"><strong><a class=\"kw-link\" title=\"Az\u0259rbaycan x\u0259b\u0259rl\u0259ri\" href=\"https:\/\/metbuat.az\/news\/search?q=az%C9%99rbaycan\" target=\"_blank\" rel=\"noopener\">Az\u0259rbaycan<\/a>\u00a0Respublikas\u0131n\u0131n Prezidenti yan\u0131nda V\u0259t\u0259nda\u015flara Xidm\u0259t v\u0259 Sosial \u0130nnovasiyalar \u00fczr\u0259 D\u00f6vl\u0259t Agentliyinin tabeliyind\u0259 olan \u201c\u0130nnovasiyalar M\u0259rk\u0259zi\u201dnin t\u0259\u015fkilat\u00e7\u0131l\u0131\u011f\u0131 il\u0259 \u201cASAN H\u0259yat\u201d Bahar Festival\u0131 t\u0259\u015fkil olunub.<br \/>\n<\/strong><\/p>\n<p><strong>ARANTV.AZ<\/strong> x\u0259b\u0259r verir ki, 2 \u2013 19 mart tarixini \u0259hat\u0259 ed\u0259n Festival \u00e7\u0259r\u00e7iv\u0259sind\u0259\u00a0<a class=\"kw-link\" title=\"Masall\u0131 x\u0259b\u0259rl\u0259ri\" href=\"https:\/\/metbuat.az\/news\/search?q=masall%C4%B1\" target=\"_blank\" rel=\"noopener\">Masall\u0131<\/a>, \u015e\u0259ki v\u0259\u00a0<a class=\"kw-link\" title=\"Quba x\u0259b\u0259rl\u0259ri\" href=\"https:\/\/metbuat.az\/news\/search?q=quba\" target=\"_blank\" rel=\"noopener\">Quba<\/a>\u00a0\u201cASAN H\u0259yat\u201d kompleksl\u0259rind\u0259 milli personajlar\u0131n i\u015ftirak\u0131 il\u0259 Novruz tama\u015falar\u0131, p\u0259h<a class=\"kw-link\" title=\"livan x\u0259b\u0259rl\u0259ri\" href=\"https:\/\/metbuat.az\/news\/search?q=livan\" target=\"_blank\" rel=\"noopener\">livan<\/a>\u00a0v\u0259 k\u0259ndirbaz oyunlar\u0131, milli ornomentl\u0259rin s\u0259rgisi, idma\u00e7\u0131lar\u0131n \u00e7\u0131x\u0131\u015flar\u0131, m\u00fcxt\u0259lif konsert proqramlar\u0131 t\u0259\u015fkil olunacaq, yerli \u015firk\u0259tl\u0259rin m\u0259hsullar\u0131ndan ibar\u0259t sat\u0131\u015f yarmarkas\u0131 h\u0259yata ke\u00e7irilib.<\/p>\n<div id=\"AdributorNativeVideo0\" class=\"AdributorNativeVideo\"><\/div>\n<p>Festivalda, h\u0259m\u00e7inin \u201cABAD\u201d publik h\u00fcquqi \u015f\u0259xsin \u201cABAD Gastro Village\u201d layih\u0259si \u00e7\u0259r\u00e7iv\u0259sind\u0259 Food truckl\u0259r (t\u0259k\u0259rli qo\u015fqular) n\u00fcmayi\u015f olunub. Bu truckl\u0259rd\u0259 \u201cABAD\u201d m\u0259hsullar\u0131ndan haz\u0131rlanm\u0131\u015f fast foodlar\u0131n sat\u0131\u015f\u0131 h\u0259yata ke\u00e7irilib.<\/p>\n<p>Festival\u0131n \u0259sas m\u0259qs\u0259di xalqm\u0131z\u0131n q\u0259dim d\u0259y\u0259rl\u0259rind\u0259n olan Novruz bayram\u0131n\u0131n ad\u0259t-\u0259n\u0259n\u0259l\u0259rini ya\u015fatmaq, onlar\u0131 g\u0259l\u0259c\u0259k n\u0259sill\u0259r\u0259 \u00f6t\u00fcrm\u0259k, regionlar\u0131n sosial m\u0259d\u0259ni h\u0259yat\u0131na, bayram \u0259hval ruhiyy\u0259sinin art\u0131r\u0131lmas\u0131na t\u00f6hf\u0259 verm\u0259k v\u0259 asud\u0259 vaxt\u0131n s\u0259m\u0259r\u0259li t\u0259\u015fkilini t\u0259min etm\u0259kdir. H\u0259m\u00e7inin Novruz bayram\u0131 qeyd olunan \u00f6lk\u0259l\u0259rin festivalda i\u015ftirak\u0131n\u0131 t\u0259min etm\u0259kl\u0259 \u00f6lk\u0259mizl\u0259 bu d\u00f6vl\u0259tl\u0259r aras\u0131nda olan m\u0259d\u0259ni \u0259laq\u0259l\u0259rin inki\u015faf etdirilm\u0259si proiritetdir.<\/p>\n<p>T\u0259\u015fkil olunan t\u0259dbirl\u0259rd\u0259 \u00f6lk\u0259mizd\u0259 akredit\u0259 olunmu\u015f diplomatik korpusun n\u00fcmay\u0259nd\u0259l\u0259ri i\u015ftirak edibl\u0259r.<\/p>\n<p>&nbsp;<\/p>\n<div id=\"fb-root\" class=\" fb_reset\">\n<div>\n<div><\/div>\n<div><\/div>\n<\/div>\n<\/div>\n<div class=\"fb-like fb_iframe_widget\" data-href=\"\/news\/1147905\/asan-heyat-bahar-festivali-kecirilib.html\" data-show_faces=\"false\" data-layout=\"button_count\"><\/div>\n<\/article>\n<div class=\"news_in_other_images\">\n<div class=\"row\">\n<div class=\"col-xs-6 col-lg-3\"><a class=\"fancybox fix\" title=\"\" href=\"https:\/\/metbuat.az\/images\/metbuat\/images_d\/1147905_0.jpg\" rel=\"gallery\"><img title=\"\" src=\"https:\/\/metbuat.az\/images\/metbuat\/images_d\/1147905_0.jpg\" alt=\"\" \/><\/a><\/div>\n<div class=\"col-xs-6 col-lg-3\"><a class=\"fancybox fix\" title=\"\" href=\"https:\/\/metbuat.az\/images\/metbuat\/images_d\/1147905_1.jpg\" rel=\"gallery\"><img title=\"\" src=\"https:\/\/metbuat.az\/images\/metbuat\/images_d\/1147905_1.jpg\" alt=\"\" \/><\/a><\/div>\n<div class=\"col-xs-6 col-lg-3\"><a class=\"fancybox fix\" title=\"\" href=\"https:\/\/metbuat.az\/images\/metbuat\/images_d\/1147905_2.jpg\" rel=\"gallery\"><img title=\"\" src=\"https:\/\/metbuat.az\/images\/metbuat\/images_d\/1147905_2.jpg\" alt=\"\" \/><\/a><\/div>\n<div class=\"col-xs-6 col-lg-3\"><a class=\"fancybox fix\" title=\"\" href=\"https:\/\/metbuat.az\/images\/metbuat\/images_d\/1147905_3.jpg\" rel=\"gallery\"><img title=\"\" src=\"https:\/\/metbuat.az\/images\/metbuat\/images_d\/1147905_3.jpg\" alt=\"\" \/><\/a><\/div>\n<div>metbuat.az<\/div>\n<\/div>\n<\/div>\n","protected":false},"excerpt":{"rendered":"<p>Az\u0259rbaycan\u00a0Respublikas\u0131n\u0131n Prezidenti yan\u0131nda V\u0259t\u0259nda\u015flara Xidm\u0259t v\u0259 Sosial \u0130nnovasiyalar \u00fczr\u0259 D\u00f6vl\u0259t Agentliyinin tabeliyind\u0259 olan \u201c\u0130nnovasiyalar M\u0259rk\u0259zi\u201dnin t\u0259\u015fkilat\u00e7\u0131l\u0131\u011f\u0131 il\u0259 \u201cASAN H\u0259yat\u201d Bahar Festival\u0131 t\u0259\u015fkil olunub. ARANTV.AZ x\u0259b\u0259r verir ki, 2 \u2013 19 mart tarixini \u0259hat\u0259 ed\u0259n Festival \u00e7\u0259r\u00e7iv\u0259sind\u0259\u00a0Masall\u0131, \u015e\u0259ki v\u0259\u00a0Quba\u00a0\u201cASAN H\u0259yat\u201d kompleksl\u0259rind\u0259 milli personajlar\u0131n i\u015ftirak\u0131 il\u0259 Novruz tama\u015falar\u0131, p\u0259hlivan\u00a0v\u0259 k\u0259ndirbaz oyunlar\u0131, milli ornomentl\u0259rin s\u0259rgisi, idma\u00e7\u0131lar\u0131n \u00e7\u0131x\u0131\u015flar\u0131, m\u00fcxt\u0259lif konsert proqramlar\u0131 t\u0259\u015fkil olunacaq, yerli \u015firk\u0259tl\u0259rin m\u0259hsullar\u0131ndan ibar\u0259t sat\u0131\u015f yarmarkas\u0131 h\u0259yata ke\u00e7irilib. Festivalda, h\u0259m\u00e7inin \u201cABAD\u201d publik h\u00fcquqi \u015f\u0259xsin \u201cABAD Gastro Village\u201d layih\u0259si \u00e7\u0259r\u00e7iv\u0259sind\u0259 Food truckl\u0259r (t\u0259k\u0259rli qo\u015fqular) n\u00fcmayi\u015f olunub. Bu truckl\u0259rd\u0259 \u201cABAD\u201d m\u0259hsullar\u0131ndan haz\u0131rlanm\u0131\u015f fast&hellip;<\/p>\n","protected":false},"author":2,"featured_media":45788,"comment_status":"closed","ping_status":"closed","sticky":false,"template":"","format":"standard","meta":{"om_disable_all_campaigns":false,"_monsterinsights_skip_tracking":false,"_monsterinsights_sitenote_active":false,"_monsterinsights_sitenote_note":"","_monsterinsights_sitenote_category":0},"categories":[2],"tags":[],"aioseo_notices":[],"gutentor_comment":0,"rttpg_featured_image_url":{"full":["https:\/\/arantv.az\/wp-content\/uploads\/2019\/03\/1147905.jpg",734,356,false],"landscape":["https:\/\/arantv.az\/wp-content\/uploads\/2019\/03\/1147905.jpg",734,356,false],"portraits":["https:\/\/arantv.az\/wp-content\/uploads\/2019\/03\/1147905.jpg",734,356,false],"thumbnail":["https:\/\/arantv.az\/wp-content\/uploads\/2019\/03\/1147905-150x150.jpg",150,150,true],"medium":["https:\/\/arantv.az\/wp-content\/uploads\/2019\/03\/1147905-300x146.jpg",300,146,true],"large":["https:\/\/arantv.az\/wp-content\/uploads\/2019\/03\/1147905.jpg",640,310,false],"1536x1536":["https:\/\/arantv.az\/wp-content\/uploads\/2019\/03\/1147905.jpg",734,356,false],"2048x2048":["https:\/\/arantv.az\/wp-content\/uploads\/2019\/03\/1147905.jpg",734,356,false],"post-thumbnail":["https:\/\/arantv.az\/wp-content\/uploads\/2019\/03\/1147905-240x172.jpg",240,172,true],"advps-thumb-one":["https:\/\/arantv.az\/wp-content\/uploads\/2019\/03\/1147905.jpg",734,356,false]},"rttpg_author":{"display_name":"V\u00fcsal Rafiqo\u011flu","author_link":"https:\/\/arantv.az\/?author=2"},"rttpg_comment":0,"rttpg_category":"<a href=\"https:\/\/arantv.az\/?cat=2\" rel=\"category\">Region X\u0259b\u0259rl\u0259ri<\/a>","rttpg_excerpt":"Az\u0259rbaycan\u00a0Respublikas\u0131n\u0131n Prezidenti yan\u0131nda V\u0259t\u0259nda\u015flara Xidm\u0259t v\u0259 Sosial \u0130nnovasiyalar \u00fczr\u0259 D\u00f6vl\u0259t Agentliyinin tabeliyind\u0259 olan \u201c\u0130nnovasiyalar M\u0259rk\u0259zi\u201dnin t\u0259\u015fkilat\u00e7\u0131l\u0131\u011f\u0131 il\u0259 \u201cASAN H\u0259yat\u201d Bahar Festival\u0131 t\u0259\u015fkil olunub. ARANTV.AZ x\u0259b\u0259r verir ki, 2 \u2013 19 mart tarixini \u0259hat\u0259 ed\u0259n Festival \u00e7\u0259r\u00e7iv\u0259sind\u0259\u00a0Masall\u0131, \u015e\u0259ki v\u0259\u00a0Quba\u00a0\u201cASAN H\u0259yat\u201d kompleksl\u0259rind\u0259 milli personajlar\u0131n i\u015ftirak\u0131 il\u0259 Novruz tama\u015falar\u0131, p\u0259hlivan\u00a0v\u0259 k\u0259ndirbaz oyunlar\u0131, milli ornomentl\u0259rin s\u0259rgisi, idma\u00e7\u0131lar\u0131n \u00e7\u0131x\u0131\u015flar\u0131, m\u00fcxt\u0259lif&hellip;","_links":{"self":[{"href":"https:\/\/arantv.az\/index.php?rest_route=\/wp\/v2\/posts\/45787"}],"collection":[{"href":"https:\/\/arantv.az\/index.php?rest_route=\/wp\/v2\/posts"}],"about":[{"href":"https:\/\/arantv.az\/index.php?rest_route=\/wp\/v2\/types\/post"}],"author":[{"embeddable":true,"href":"https:\/\/arantv.az\/index.php?rest_route=\/wp\/v2\/users\/2"}],"replies":[{"embeddable":true,"href":"https:\/\/arantv.az\/index.php?rest_route=%2Fwp%2Fv2%2Fcomments&post=45787"}],"version-history":[{"count":0,"href":"https:\/\/arantv.az\/index.php?rest_route=\/wp\/v2\/posts\/45787\/revisions"}],"wp:featuredmedia":[{"embeddable":true,"href":"https:\/\/arantv.az\/index.php?rest_route=\/wp\/v2\/media\/45788"}],"wp:attachment":[{"href":"https:\/\/arantv.az\/index.php?rest_route=%2Fwp%2Fv2%2Fmedia&parent=45787"}],"wp:term":[{"taxonomy":"category","embeddable":true,"href":"https:\/\/arantv.az\/index.php?rest_route=%2Fwp%2Fv2%2Fcategories&post=45787"},{"taxonomy":"post_tag","embeddable":true,"href":"https:\/\/arantv.az\/index.php?rest_route=%2Fwp%2Fv2%2Ftags&post=45787"}],"curies":[{"name":"wp","href":"https:\/\/api.w.org\/{rel}","templated":true}]}}