{"id":45822,"date":"2019-03-16T13:48:00","date_gmt":"2019-03-16T10:48:00","guid":{"rendered":"http:\/\/arantv.az\/?p=45822"},"modified":"2019-03-16T13:48:00","modified_gmt":"2019-03-16T10:48:00","slug":"ankarada-az%c9%99rbaycanli-qadin-%c9%99ri-t%c9%99r%c9%99find%c9%99n-girov-goturuldu-polis-g%c9%99ls%c9%99-oldur%c9%99c%c9%99m","status":"publish","type":"post","link":"https:\/\/arantv.az\/?p=45822","title":{"rendered":"Ankarada az\u0259rbaycanl\u0131 qad\u0131n \u0259ri t\u0259r\u0259find\u0259n girov g\u00f6t\u00fcr\u00fcld\u00fc \u2013 polis g\u0259ls\u0259 \u00d6LD\u00dcR\u018fC\u018fM"},"content":{"rendered":"<p>Ankarada Mamak rayonunun General Z\u0259ki Do\u011fan m\u0259h\u0259ll\u0259sind\u0259 \u0259sl\u0259n az\u0259rbaycanl\u0131 Sevinc Tombu\u015f Pa\u015fayeva v\u0259 onun anas\u0131 girov g\u00f6t\u00fcr\u00fcl\u00fcb.<\/p>\n<p><b>ARANTV.AZ\u00a0<\/b> x\u0259b\u0259r verir ki. bu haqda Avropa.info-ya T\u00fcrkiy\u0259d\u0259ki \u00f6z\u0259l m\u0259nb\u0259l\u0259rd\u0259n daxil olub. M\u0259lumata g\u00f6r\u0259, Mamak rayonunun General Z\u0259ki Do\u011fan m\u0259h\u0259ll\u0259si 557, C\u0259lal apartman\u0131 9\/5-d\u0259 ya\u015fayan Sevinc Tombu\u015f Pa\u015fayeva v\u0259 anas\u0131 T\u00fcrkiy\u0259 v\u0259t\u0259nda\u015f\u0131 olan \u0259ri t\u0259r\u0259find\u0259n girov g\u00f6t\u00fcr\u00fcl\u00fcb.<\/p>\n<p>M\u0259lumata g\u00f6r\u0259, T\u00fcrkiy\u0259 v\u0259t\u0259nda\u015f\u0131 il\u0259 evli olan Sevinc Tombu\u015f Pa\u015fayeva \u0259rind\u0259n ayr\u0131lmaq \u00fc\u00e7\u00fcn d\u0259f\u0259l\u0259rl\u0259 m\u00fcraci\u0259t ets\u0259 d\u0259, n\u0259tic\u0259 \u0259ld\u0259 ed\u0259 bilm\u0259yib. Bundan q\u0259z\u0259bl\u0259n\u0259n \u0259ri onu v\u0259 anas\u0131n\u0131 evd\u0259 girov saxlayaraq polisin ev\u0259 g\u0259l\u0259c\u0259yi t\u0259qdird\u0259 onlar\u0131 \u00f6ld\u00fcr\u0259c\u0259yi il\u0259 t\u0259hdid edir. M\u0259s\u0259l\u0259d\u0259n x\u0259b\u0259r tutan T\u00fcrkiy\u0259d\u0259 ya\u015fayan az\u0259rbaycanl\u0131lar t\u0259qrib\u0259n yar\u0131m saat \u00f6nc\u0259 daxili i\u015fl\u0259r naziri S\u00fcleyman Soyluya m\u0259s\u0259l\u0259 il\u0259 ba\u011fl\u0131 m\u0259lumat g\u00f6nd\u0259ribl\u0259r.<\/p>\n","protected":false},"excerpt":{"rendered":"<p>Ankarada Mamak rayonunun General Z\u0259ki Do\u011fan m\u0259h\u0259ll\u0259sind\u0259 \u0259sl\u0259n az\u0259rbaycanl\u0131 Sevinc Tombu\u015f Pa\u015fayeva v\u0259 onun anas\u0131 girov g\u00f6t\u00fcr\u00fcl\u00fcb. ARANTV.AZ\u00a0 x\u0259b\u0259r verir ki. bu haqda Avropa.info-ya T\u00fcrkiy\u0259d\u0259ki \u00f6z\u0259l m\u0259nb\u0259l\u0259rd\u0259n daxil olub. M\u0259lumata g\u00f6r\u0259, Mamak rayonunun General Z\u0259ki Do\u011fan m\u0259h\u0259ll\u0259si 557, C\u0259lal apartman\u0131 9\/5-d\u0259 ya\u015fayan Sevinc Tombu\u015f Pa\u015fayeva v\u0259 anas\u0131 T\u00fcrkiy\u0259 v\u0259t\u0259nda\u015f\u0131 olan \u0259ri t\u0259r\u0259find\u0259n girov g\u00f6t\u00fcr\u00fcl\u00fcb. M\u0259lumata g\u00f6r\u0259, T\u00fcrkiy\u0259 v\u0259t\u0259nda\u015f\u0131 il\u0259 evli olan Sevinc Tombu\u015f Pa\u015fayeva \u0259rind\u0259n ayr\u0131lmaq \u00fc\u00e7\u00fcn d\u0259f\u0259l\u0259rl\u0259 m\u00fcraci\u0259t ets\u0259 d\u0259, n\u0259tic\u0259 \u0259ld\u0259 ed\u0259 bilm\u0259yib. Bundan q\u0259z\u0259bl\u0259n\u0259n \u0259ri onu v\u0259 anas\u0131n\u0131 evd\u0259 girov saxlayaraq polisin ev\u0259 g\u0259l\u0259c\u0259yi t\u0259qdird\u0259 onlar\u0131 \u00f6ld\u00fcr\u0259c\u0259yi&hellip;<\/p>\n","protected":false},"author":2,"featured_media":45823,"comment_status":"closed","ping_status":"closed","sticky":false,"template":"","format":"standard","meta":{"om_disable_all_campaigns":false,"_monsterinsights_skip_tracking":false,"_monsterinsights_sitenote_active":false,"_monsterinsights_sitenote_note":"","_monsterinsights_sitenote_category":0},"categories":[5],"tags":[],"aioseo_notices":[],"gutentor_comment":0,"rttpg_featured_image_url":{"full":["https:\/\/arantv.az\/wp-content\/uploads\/2019\/03\/qadin-zorakiligi-768x403.jpg",549,288,false],"landscape":["https:\/\/arantv.az\/wp-content\/uploads\/2019\/03\/qadin-zorakiligi-768x403.jpg",549,288,false],"portraits":["https:\/\/arantv.az\/wp-content\/uploads\/2019\/03\/qadin-zorakiligi-768x403.jpg",549,288,false],"thumbnail":["https:\/\/arantv.az\/wp-content\/uploads\/2019\/03\/qadin-zorakiligi-768x403-150x150.jpg",150,150,true],"medium":["https:\/\/arantv.az\/wp-content\/uploads\/2019\/03\/qadin-zorakiligi-768x403-300x157.jpg",300,157,true],"large":["https:\/\/arantv.az\/wp-content\/uploads\/2019\/03\/qadin-zorakiligi-768x403.jpg",549,288,false],"1536x1536":["https:\/\/arantv.az\/wp-content\/uploads\/2019\/03\/qadin-zorakiligi-768x403.jpg",549,288,false],"2048x2048":["https:\/\/arantv.az\/wp-content\/uploads\/2019\/03\/qadin-zorakiligi-768x403.jpg",549,288,false],"post-thumbnail":["https:\/\/arantv.az\/wp-content\/uploads\/2019\/03\/qadin-zorakiligi-768x403-240x172.jpg",240,172,true],"advps-thumb-one":["https:\/\/arantv.az\/wp-content\/uploads\/2019\/03\/qadin-zorakiligi-768x403.jpg",549,288,false]},"rttpg_author":{"display_name":"V\u00fcsal Rafiqo\u011flu","author_link":"https:\/\/arantv.az\/?author=2"},"rttpg_comment":0,"rttpg_category":"<a href=\"https:\/\/arantv.az\/?cat=5\" rel=\"category\">Hadis\u0259<\/a>","rttpg_excerpt":"Ankarada Mamak rayonunun General Z\u0259ki Do\u011fan m\u0259h\u0259ll\u0259sind\u0259 \u0259sl\u0259n az\u0259rbaycanl\u0131 Sevinc Tombu\u015f Pa\u015fayeva v\u0259 onun anas\u0131 girov g\u00f6t\u00fcr\u00fcl\u00fcb. ARANTV.AZ\u00a0 x\u0259b\u0259r verir ki. bu haqda Avropa.info-ya T\u00fcrkiy\u0259d\u0259ki \u00f6z\u0259l m\u0259nb\u0259l\u0259rd\u0259n daxil olub. M\u0259lumata g\u00f6r\u0259, Mamak rayonunun General Z\u0259ki Do\u011fan m\u0259h\u0259ll\u0259si 557, C\u0259lal apartman\u0131 9\/5-d\u0259 ya\u015fayan Sevinc Tombu\u015f Pa\u015fayeva v\u0259 anas\u0131 T\u00fcrkiy\u0259 v\u0259t\u0259nda\u015f\u0131 olan \u0259ri t\u0259r\u0259find\u0259n girov g\u00f6t\u00fcr\u00fcl\u00fcb. M\u0259lumata&hellip;","_links":{"self":[{"href":"https:\/\/arantv.az\/index.php?rest_route=\/wp\/v2\/posts\/45822"}],"collection":[{"href":"https:\/\/arantv.az\/index.php?rest_route=\/wp\/v2\/posts"}],"about":[{"href":"https:\/\/arantv.az\/index.php?rest_route=\/wp\/v2\/types\/post"}],"author":[{"embeddable":true,"href":"https:\/\/arantv.az\/index.php?rest_route=\/wp\/v2\/users\/2"}],"replies":[{"embeddable":true,"href":"https:\/\/arantv.az\/index.php?rest_route=%2Fwp%2Fv2%2Fcomments&post=45822"}],"version-history":[{"count":0,"href":"https:\/\/arantv.az\/index.php?rest_route=\/wp\/v2\/posts\/45822\/revisions"}],"wp:featuredmedia":[{"embeddable":true,"href":"https:\/\/arantv.az\/index.php?rest_route=\/wp\/v2\/media\/45823"}],"wp:attachment":[{"href":"https:\/\/arantv.az\/index.php?rest_route=%2Fwp%2Fv2%2Fmedia&parent=45822"}],"wp:term":[{"taxonomy":"category","embeddable":true,"href":"https:\/\/arantv.az\/index.php?rest_route=%2Fwp%2Fv2%2Fcategories&post=45822"},{"taxonomy":"post_tag","embeddable":true,"href":"https:\/\/arantv.az\/index.php?rest_route=%2Fwp%2Fv2%2Ftags&post=45822"}],"curies":[{"name":"wp","href":"https:\/\/api.w.org\/{rel}","templated":true}]}}