{"id":45906,"date":"2019-03-16T15:32:00","date_gmt":"2019-03-16T12:32:00","guid":{"rendered":"http:\/\/arantv.az\/?p=45906"},"modified":"2019-03-16T15:32:00","modified_gmt":"2019-03-16T12:32:00","slug":"dovl%c9%99t-miqrasiya-xidm%c9%99tinin-%c9%99m%c9%99kdaslari-medalla-t%c9%99ltif-edildil%c9%99r-siyahi","status":"publish","type":"post","link":"https:\/\/arantv.az\/?p=45906","title":{"rendered":"D\u00f6vl\u0259t Miqrasiya Xidm\u0259tinin \u0259m\u0259kda\u015flar\u0131 medalla t\u0259ltif edildil\u0259r &#8211; S\u0130YAHI"},"content":{"rendered":"<p><strong>Prezident \u0130lham \u018fliyev D\u00f6vl\u0259t Miqrasiya Xidm\u0259tinin \u0259m\u0259kda\u015flar\u0131n\u0131n &#8220;Miqrasiya orqanlar\u0131nda qulluqda f\u0259rql\u0259nm\u0259y\u0259 g\u00f6r\u0259&#8221; medal\u0131 il\u0259 t\u0259ltif edilm\u0259si haqq\u0131nda s\u0259r\u0259ncam imzalay\u0131b.<\/strong><\/p>\n<p><strong>ARANTV.AZ<\/strong> az\u0259rtac-a istinad\u0259n bildirir ki, s\u0259r\u0259ncamda deyilir ki, miqrasiya orqanlar\u0131nda qulluqda f\u0259rql\u0259ndikl\u0259rin\u0259 v\u0259 s\u0259m\u0259r\u0259li f\u0259aliyy\u0259t g\u00f6st\u0259rdikl\u0259rin\u0259 g\u00f6r\u0259 Az\u0259rbaycan Respublikas\u0131 D\u00f6vl\u0259t Miqrasiya Xidm\u0259tinin a\u015fa\u011f\u0131dak\u0131 \u0259m\u0259kda\u015flar\u0131 &#8220;Miqrasiya orqanlar\u0131nda qulluqda f\u0259rql\u0259nm\u0259y\u0259 g\u00f6r\u0259&#8221; medal\u0131 il\u0259 t\u0259ltif edilsinl\u0259r:<\/p>\n<p>A\u011fayev \u0130slam M\u0259sum o\u011flu<\/p>\n<p>Ba\u011f\u0131rov Bab\u0259k S\u0259dr\u0259ddin o\u011flu<\/p>\n<p>\u018fl\u0259sg\u0259rli Nurlan Az\u0259r o\u011flu<\/p>\n<p>\u018fliyev R\u00fcf\u0259t Tofiq o\u011flu<\/p>\n<p>\u018fliyev Zamir Ramiz o\u011flu<\/p>\n<p>X\u0131d\u0131rov Orxan \u0130smay\u0131l o\u011flu<\/p>\n<p>M\u0259mm\u0259dov El\u00e7in Etibar o\u011flu<\/p>\n<p>M\u0259mm\u0259dova V\u0259fa Yaqub q\u0131z\u0131<\/p>\n<p>M\u00fcrs\u0259liyev Elmar M\u00fcrs\u0259li o\u011flu<\/p>\n<p>Sadiqov Samir H\u00fcseyn o\u011flu<\/p>\n<p>Zeynall\u0131 Malik Bayramqulu o\u011flu.<\/p>\n","protected":false},"excerpt":{"rendered":"<p>Prezident \u0130lham \u018fliyev D\u00f6vl\u0259t Miqrasiya Xidm\u0259tinin \u0259m\u0259kda\u015flar\u0131n\u0131n &#8220;Miqrasiya orqanlar\u0131nda qulluqda f\u0259rql\u0259nm\u0259y\u0259 g\u00f6r\u0259&#8221; medal\u0131 il\u0259 t\u0259ltif edilm\u0259si haqq\u0131nda s\u0259r\u0259ncam imzalay\u0131b. ARANTV.AZ az\u0259rtac-a istinad\u0259n bildirir ki, s\u0259r\u0259ncamda deyilir ki, miqrasiya orqanlar\u0131nda qulluqda f\u0259rql\u0259ndikl\u0259rin\u0259 v\u0259 s\u0259m\u0259r\u0259li f\u0259aliyy\u0259t g\u00f6st\u0259rdikl\u0259rin\u0259 g\u00f6r\u0259 Az\u0259rbaycan Respublikas\u0131 D\u00f6vl\u0259t Miqrasiya Xidm\u0259tinin a\u015fa\u011f\u0131dak\u0131 \u0259m\u0259kda\u015flar\u0131 &#8220;Miqrasiya orqanlar\u0131nda qulluqda f\u0259rql\u0259nm\u0259y\u0259 g\u00f6r\u0259&#8221; medal\u0131 il\u0259 t\u0259ltif edilsinl\u0259r: A\u011fayev \u0130slam M\u0259sum o\u011flu Ba\u011f\u0131rov Bab\u0259k S\u0259dr\u0259ddin o\u011flu \u018fl\u0259sg\u0259rli Nurlan Az\u0259r o\u011flu \u018fliyev R\u00fcf\u0259t Tofiq o\u011flu \u018fliyev Zamir Ramiz o\u011flu X\u0131d\u0131rov Orxan \u0130smay\u0131l o\u011flu M\u0259mm\u0259dov El\u00e7in Etibar o\u011flu M\u0259mm\u0259dova V\u0259fa Yaqub q\u0131z\u0131 M\u00fcrs\u0259liyev Elmar M\u00fcrs\u0259li o\u011flu Sadiqov Samir&hellip;<\/p>\n","protected":false},"author":2,"featured_media":45907,"comment_status":"closed","ping_status":"closed","sticky":false,"template":"","format":"standard","meta":{"om_disable_all_campaigns":false,"_monsterinsights_skip_tracking":false,"_monsterinsights_sitenote_active":false,"_monsterinsights_sitenote_note":"","_monsterinsights_sitenote_category":0},"categories":[4],"tags":[],"aioseo_notices":[],"gutentor_comment":0,"rttpg_featured_image_url":{"full":["https:\/\/arantv.az\/wp-content\/uploads\/2019\/03\/2018_ilham_aliyev_01-11.jpg",1200,900,false],"landscape":["https:\/\/arantv.az\/wp-content\/uploads\/2019\/03\/2018_ilham_aliyev_01-11.jpg",1200,900,false],"portraits":["https:\/\/arantv.az\/wp-content\/uploads\/2019\/03\/2018_ilham_aliyev_01-11.jpg",1200,900,false],"thumbnail":["https:\/\/arantv.az\/wp-content\/uploads\/2019\/03\/2018_ilham_aliyev_01-11-150x150.jpg",150,150,true],"medium":["https:\/\/arantv.az\/wp-content\/uploads\/2019\/03\/2018_ilham_aliyev_01-11-300x225.jpg",300,225,true],"large":["https:\/\/arantv.az\/wp-content\/uploads\/2019\/03\/2018_ilham_aliyev_01-11-1024x768.jpg",640,480,true],"1536x1536":["https:\/\/arantv.az\/wp-content\/uploads\/2019\/03\/2018_ilham_aliyev_01-11.jpg",1200,900,false],"2048x2048":["https:\/\/arantv.az\/wp-content\/uploads\/2019\/03\/2018_ilham_aliyev_01-11.jpg",1200,900,false],"post-thumbnail":["https:\/\/arantv.az\/wp-content\/uploads\/2019\/03\/2018_ilham_aliyev_01-11-240x172.jpg",240,172,true],"advps-thumb-one":["https:\/\/arantv.az\/wp-content\/uploads\/2019\/03\/2018_ilham_aliyev_01-11-1200x620.jpg",1200,620,true]},"rttpg_author":{"display_name":"V\u00fcsal Rafiqo\u011flu","author_link":"https:\/\/arantv.az\/?author=2"},"rttpg_comment":0,"rttpg_category":"<a href=\"https:\/\/arantv.az\/?cat=4\" rel=\"category\">Siyas\u0259t<\/a>","rttpg_excerpt":"Prezident \u0130lham \u018fliyev D\u00f6vl\u0259t Miqrasiya Xidm\u0259tinin \u0259m\u0259kda\u015flar\u0131n\u0131n &#8220;Miqrasiya orqanlar\u0131nda qulluqda f\u0259rql\u0259nm\u0259y\u0259 g\u00f6r\u0259&#8221; medal\u0131 il\u0259 t\u0259ltif edilm\u0259si haqq\u0131nda s\u0259r\u0259ncam imzalay\u0131b. ARANTV.AZ az\u0259rtac-a istinad\u0259n bildirir ki, s\u0259r\u0259ncamda deyilir ki, miqrasiya orqanlar\u0131nda qulluqda f\u0259rql\u0259ndikl\u0259rin\u0259 v\u0259 s\u0259m\u0259r\u0259li f\u0259aliyy\u0259t g\u00f6st\u0259rdikl\u0259rin\u0259 g\u00f6r\u0259 Az\u0259rbaycan Respublikas\u0131 D\u00f6vl\u0259t Miqrasiya Xidm\u0259tinin a\u015fa\u011f\u0131dak\u0131 \u0259m\u0259kda\u015flar\u0131 &#8220;Miqrasiya orqanlar\u0131nda qulluqda f\u0259rql\u0259nm\u0259y\u0259 g\u00f6r\u0259&#8221; medal\u0131 il\u0259 t\u0259ltif edilsinl\u0259r: A\u011fayev \u0130slam M\u0259sum&hellip;","_links":{"self":[{"href":"https:\/\/arantv.az\/index.php?rest_route=\/wp\/v2\/posts\/45906"}],"collection":[{"href":"https:\/\/arantv.az\/index.php?rest_route=\/wp\/v2\/posts"}],"about":[{"href":"https:\/\/arantv.az\/index.php?rest_route=\/wp\/v2\/types\/post"}],"author":[{"embeddable":true,"href":"https:\/\/arantv.az\/index.php?rest_route=\/wp\/v2\/users\/2"}],"replies":[{"embeddable":true,"href":"https:\/\/arantv.az\/index.php?rest_route=%2Fwp%2Fv2%2Fcomments&post=45906"}],"version-history":[{"count":0,"href":"https:\/\/arantv.az\/index.php?rest_route=\/wp\/v2\/posts\/45906\/revisions"}],"wp:featuredmedia":[{"embeddable":true,"href":"https:\/\/arantv.az\/index.php?rest_route=\/wp\/v2\/media\/45907"}],"wp:attachment":[{"href":"https:\/\/arantv.az\/index.php?rest_route=%2Fwp%2Fv2%2Fmedia&parent=45906"}],"wp:term":[{"taxonomy":"category","embeddable":true,"href":"https:\/\/arantv.az\/index.php?rest_route=%2Fwp%2Fv2%2Fcategories&post=45906"},{"taxonomy":"post_tag","embeddable":true,"href":"https:\/\/arantv.az\/index.php?rest_route=%2Fwp%2Fv2%2Ftags&post=45906"}],"curies":[{"name":"wp","href":"https:\/\/api.w.org\/{rel}","templated":true}]}}