{"id":45919,"date":"2019-03-18T08:16:57","date_gmt":"2019-03-18T05:16:57","guid":{"rendered":"http:\/\/arantv.az\/?p=45919"},"modified":"2019-03-18T08:16:57","modified_gmt":"2019-03-18T05:16:57","slug":"nazir-kicik-v%c9%99-orta-biznes%c9%99-s%c9%99rmay%c9%99l%c9%99r-latviya-v%c9%99-az%c9%99rbaycan-arasinda-iqtisadi-%c9%99m%c9%99kdasliga-boyuk-fayda-ver%c9%99c%c9%99k","status":"publish","type":"post","link":"https:\/\/arantv.az\/?p=45919","title":{"rendered":"Nazir: &#8220;Ki\u00e7ik v\u0259 orta biznes\u0259 s\u0259rmay\u0259l\u0259r Latviya v\u0259 Az\u0259rbaycan aras\u0131nda iqtisadi \u0259m\u0259kda\u015fl\u0131\u011fa b\u00f6y\u00fck fayda ver\u0259c\u0259k&#8221;"},"content":{"rendered":"<p>Latviya Az\u0259rbaycan investisiyalar\u0131n\u0131n \u00f6z liman v\u0259 logistik m\u0259rk\u0259zl\u0259rin\u0259 c\u0259lb edilm\u0259sin\u0259 maraq g\u00f6st\u0259rir. <strong>ARANTV.AZ<\/strong> bildirir ki, bunu\u00a0<a href=\"http:\/\/az.trend.az\/\" target=\"_blank\" rel=\"noopener\">Trend<\/a>-\u0259 \u00f6z\u0259l a\u00e7\u0131qlamas\u0131nda Latviyan\u0131n xarici i\u015fl\u0259r naziri Edqar Rinkevi\u00e7 deyib.<\/p>\n<p>Latviya \u015firk\u0259tl\u0259rinin Az\u0259rbaycan bazarlar\u0131nda n\u0259qliyyat v\u0259 logistika, ma\u015f\u0131nqay\u0131rma, informasiya texnologiyalar\u0131 v\u0259 telekommunikasiya, memarl\u0131q, turizm v\u0259 t\u0259hsil sah\u0259l\u0259rind\u0259 \u00e7al\u0131\u015fd\u0131\u011f\u0131n\u0131 bildir\u0259n nazir qeyd edib ki, \u00f6lk\u0259si bu \u0259m\u0259kda\u015fl\u0131\u011f\u0131n geni\u015fl\u0259ndirilm\u0259sind\u0259 maraql\u0131d\u0131r:<\/p>\n<p>&#8220;Az\u0259rbaycan Latviya il\u0259 iqtisadi \u0259m\u0259kda\u015fl\u0131\u011f\u0131 m\u00f6hk\u0259ml\u0259ndirm\u0259k \u00fc\u00e7\u00fcn 2018-ci ild\u0259 Riqada \u00f6z Ticar\u0259t evini a\u00e7d\u0131. Az\u0259rbaycan \u015firk\u0259tl\u0259ri il\u0259 qida, \u0259cza\u00e7\u0131l\u0131q, ekologiya, k\u0259nd t\u0259s\u0259rr\u00fcfat\u0131 v\u0259 s\u0259naye sah\u0259l\u0259rind\u0259 Latviya il\u0259 \u0259laq\u0259l\u0259rin inki\u015faf\u0131na maraq g\u00f6st\u0259rir. Latviya \u00f6z liman v\u0259 logistik m\u0259rk\u0259zl\u0259rin\u0259 Az\u0259rbaycan investisiyalar\u0131n\u0131n yat\u0131r\u0131lmas\u0131n\u0131 alq\u0131\u015flayard\u0131. Bu ilin aprelind\u0259 biz Az\u0259rbaycandan i\u015f adamlar\u0131ndan ibar\u0259t n\u00fcmay\u0259nd\u0259 hey\u0259tinin s\u0259f\u0259rini s\u0259birsizlikl\u0259 g\u00f6zl\u0259yirik. \u00dcmid edirik ki, bu s\u0259f\u0259r bizim iqtisadi sah\u0259d\u0259 qar\u015f\u0131l\u0131ql\u0131 f\u0259aliyy\u0259timizin geni\u015fl\u0259nm\u0259sin\u0259 k\u00f6m\u0259k ed\u0259c\u0259k&#8221;.<\/p>\n<p>Nazir vur\u011fulay\u0131b ki, ki\u00e7ik v\u0259 orta biznes\u0259 s\u0259rmay\u0259l\u0259r Latviya v\u0259 Az\u0259rbaycan aras\u0131nda iqtisadi \u0259m\u0259kda\u015fl\u0131\u011fa b\u00f6y\u00fck fayda ver\u0259c\u0259k:<\/p>\n<p>&#8220;Bizim art\u0131q topdansat\u0131\u015f ticar\u0259t, n\u0259qliyyat v\u0259 konsaltinq kimi sah\u0259l\u0259rd\u0259 u\u011furlu investisiya n\u00fcmun\u0259l\u0259rimiz var. Latviya qar\u015f\u0131l\u0131ql\u0131 faydal\u0131 s\u0259rmay\u0259l\u0259rin art\u0131r\u0131lmas\u0131nda maraql\u0131d\u0131r&#8221;.<\/p>\n<p>E.Rinkevi\u00e7 \u0259lav\u0259 edib ki, 2018-ci ild\u0259 Latviya v\u0259 Az\u0259rbaycan aras\u0131nda \u0259mt\u0259\u0259 d\u00f6vriyy\u0259si illik hesablamada 20 faizd\u0259n \u00e7ox artaraq 19,84 milyon avro t\u0259\u015fkil edib:<\/p>\n<p>&#8220;Latviyadan Az\u0259rbaycana \u0259rzaq mallar\u0131, tikinti v\u0259 a\u011fac materiallar\u0131, kimy\u0259vi m\u0259hsullar, \u0259cza\u00e7\u0131l\u0131q preparatlar\u0131 ixrac olunur. \u00dcmumiyy\u0259tl\u0259, latviyal\u0131 sahibkarlar yeni ixrac bazarlar\u0131 \u0259ld\u0259 etm\u0259y\u0259 \u00e7al\u0131\u015f\u0131r. Biz \u0259minik ki, yax\u0131n ill\u0259rd\u0259 Az\u0259rbaycana elektrik avadanl\u0131qlar\u0131ndan tutmu\u015f kosmetikaya q\u0259d\u0259r daha \u00e7ox Latviya m\u0259hsullar\u0131 \u00e7atd\u0131r\u0131lacaq&#8221;.<\/p>\n","protected":false},"excerpt":{"rendered":"<p>Latviya Az\u0259rbaycan investisiyalar\u0131n\u0131n \u00f6z liman v\u0259 logistik m\u0259rk\u0259zl\u0259rin\u0259 c\u0259lb edilm\u0259sin\u0259 maraq g\u00f6st\u0259rir. ARANTV.AZ bildirir ki, bunu\u00a0Trend-\u0259 \u00f6z\u0259l a\u00e7\u0131qlamas\u0131nda Latviyan\u0131n xarici i\u015fl\u0259r naziri Edqar Rinkevi\u00e7 deyib. Latviya \u015firk\u0259tl\u0259rinin Az\u0259rbaycan bazarlar\u0131nda n\u0259qliyyat v\u0259 logistika, ma\u015f\u0131nqay\u0131rma, informasiya texnologiyalar\u0131 v\u0259 telekommunikasiya, memarl\u0131q, turizm v\u0259 t\u0259hsil sah\u0259l\u0259rind\u0259 \u00e7al\u0131\u015fd\u0131\u011f\u0131n\u0131 bildir\u0259n nazir qeyd edib ki, \u00f6lk\u0259si bu \u0259m\u0259kda\u015fl\u0131\u011f\u0131n geni\u015fl\u0259ndirilm\u0259sind\u0259 maraql\u0131d\u0131r: &#8220;Az\u0259rbaycan Latviya il\u0259 iqtisadi \u0259m\u0259kda\u015fl\u0131\u011f\u0131 m\u00f6hk\u0259ml\u0259ndirm\u0259k \u00fc\u00e7\u00fcn 2018-ci ild\u0259 Riqada \u00f6z Ticar\u0259t evini a\u00e7d\u0131. Az\u0259rbaycan \u015firk\u0259tl\u0259ri il\u0259 qida, \u0259cza\u00e7\u0131l\u0131q, ekologiya, k\u0259nd t\u0259s\u0259rr\u00fcfat\u0131 v\u0259 s\u0259naye sah\u0259l\u0259rind\u0259 Latviya il\u0259 \u0259laq\u0259l\u0259rin inki\u015faf\u0131na maraq g\u00f6st\u0259rir. Latviya \u00f6z liman v\u0259 logistik m\u0259rk\u0259zl\u0259rin\u0259&hellip;<\/p>\n","protected":false},"author":2,"featured_media":45920,"comment_status":"closed","ping_status":"closed","sticky":false,"template":"","format":"standard","meta":{"om_disable_all_campaigns":false,"_monsterinsights_skip_tracking":false,"_monsterinsights_sitenote_active":false,"_monsterinsights_sitenote_note":"","_monsterinsights_sitenote_category":0},"categories":[4],"tags":[],"aioseo_notices":[],"gutentor_comment":0,"rttpg_featured_image_url":{"full":["https:\/\/arantv.az\/wp-content\/uploads\/2019\/03\/739841.jpg",1024,683,false],"landscape":["https:\/\/arantv.az\/wp-content\/uploads\/2019\/03\/739841.jpg",1024,683,false],"portraits":["https:\/\/arantv.az\/wp-content\/uploads\/2019\/03\/739841.jpg",1024,683,false],"thumbnail":["https:\/\/arantv.az\/wp-content\/uploads\/2019\/03\/739841-150x150.jpg",150,150,true],"medium":["https:\/\/arantv.az\/wp-content\/uploads\/2019\/03\/739841-300x200.jpg",300,200,true],"large":["https:\/\/arantv.az\/wp-content\/uploads\/2019\/03\/739841-1024x683.jpg",640,427,true],"1536x1536":["https:\/\/arantv.az\/wp-content\/uploads\/2019\/03\/739841.jpg",1024,683,false],"2048x2048":["https:\/\/arantv.az\/wp-content\/uploads\/2019\/03\/739841.jpg",1024,683,false],"post-thumbnail":["https:\/\/arantv.az\/wp-content\/uploads\/2019\/03\/739841-240x172.jpg",240,172,true],"advps-thumb-one":["https:\/\/arantv.az\/wp-content\/uploads\/2019\/03\/739841-1024x620.jpg",1024,620,true]},"rttpg_author":{"display_name":"V\u00fcsal Rafiqo\u011flu","author_link":"https:\/\/arantv.az\/?author=2"},"rttpg_comment":0,"rttpg_category":"<a href=\"https:\/\/arantv.az\/?cat=4\" rel=\"category\">Siyas\u0259t<\/a>","rttpg_excerpt":"Latviya Az\u0259rbaycan investisiyalar\u0131n\u0131n \u00f6z liman v\u0259 logistik m\u0259rk\u0259zl\u0259rin\u0259 c\u0259lb edilm\u0259sin\u0259 maraq g\u00f6st\u0259rir. ARANTV.AZ bildirir ki, bunu\u00a0Trend-\u0259 \u00f6z\u0259l a\u00e7\u0131qlamas\u0131nda Latviyan\u0131n xarici i\u015fl\u0259r naziri Edqar Rinkevi\u00e7 deyib. Latviya \u015firk\u0259tl\u0259rinin Az\u0259rbaycan bazarlar\u0131nda n\u0259qliyyat v\u0259 logistika, ma\u015f\u0131nqay\u0131rma, informasiya texnologiyalar\u0131 v\u0259 telekommunikasiya, memarl\u0131q, turizm v\u0259 t\u0259hsil sah\u0259l\u0259rind\u0259 \u00e7al\u0131\u015fd\u0131\u011f\u0131n\u0131 bildir\u0259n nazir qeyd edib ki, \u00f6lk\u0259si bu \u0259m\u0259kda\u015fl\u0131\u011f\u0131n geni\u015fl\u0259ndirilm\u0259sind\u0259 maraql\u0131d\u0131r: &#8220;Az\u0259rbaycan Latviya&hellip;","_links":{"self":[{"href":"https:\/\/arantv.az\/index.php?rest_route=\/wp\/v2\/posts\/45919"}],"collection":[{"href":"https:\/\/arantv.az\/index.php?rest_route=\/wp\/v2\/posts"}],"about":[{"href":"https:\/\/arantv.az\/index.php?rest_route=\/wp\/v2\/types\/post"}],"author":[{"embeddable":true,"href":"https:\/\/arantv.az\/index.php?rest_route=\/wp\/v2\/users\/2"}],"replies":[{"embeddable":true,"href":"https:\/\/arantv.az\/index.php?rest_route=%2Fwp%2Fv2%2Fcomments&post=45919"}],"version-history":[{"count":0,"href":"https:\/\/arantv.az\/index.php?rest_route=\/wp\/v2\/posts\/45919\/revisions"}],"wp:featuredmedia":[{"embeddable":true,"href":"https:\/\/arantv.az\/index.php?rest_route=\/wp\/v2\/media\/45920"}],"wp:attachment":[{"href":"https:\/\/arantv.az\/index.php?rest_route=%2Fwp%2Fv2%2Fmedia&parent=45919"}],"wp:term":[{"taxonomy":"category","embeddable":true,"href":"https:\/\/arantv.az\/index.php?rest_route=%2Fwp%2Fv2%2Fcategories&post=45919"},{"taxonomy":"post_tag","embeddable":true,"href":"https:\/\/arantv.az\/index.php?rest_route=%2Fwp%2Fv2%2Ftags&post=45919"}],"curies":[{"name":"wp","href":"https:\/\/api.w.org\/{rel}","templated":true}]}}