{"id":46180,"date":"2019-03-18T15:39:52","date_gmt":"2019-03-18T12:39:52","guid":{"rendered":"http:\/\/arantv.az\/?p=46180"},"modified":"2019-03-18T15:39:52","modified_gmt":"2019-03-18T12:39:52","slug":"asan-xidm%c9%99t-5-gun-isl%c9%99m%c9%99y%c9%99c%c9%99k","status":"publish","type":"post","link":"https:\/\/arantv.az\/?p=46180","title":{"rendered":"&#8220;ASAN xidm\u0259t&#8221; 5 g\u00fcn i\u015fl\u0259m\u0259y\u0259c\u0259k"},"content":{"rendered":"<p>Novruz bayram\u0131 il\u0259 \u0259laq\u0259dar &#8220;ASAN xidm\u0259t&#8221; v\u0259 &#8220;ASAN kommunal&#8221; m\u0259rk\u0259zl\u0259rind\u0259 20-24 mart tarixl\u0259rind\u0259 qeyri-i\u015f g\u00fcn\u00fc olacaq.<br \/>\nBu bar\u0259d\u0259\u00a0Sonxeber.az-a Az\u0259rbaycan Prezidenti yan\u0131nda V\u0259t\u0259nda\u015flara Xidm\u0259t v\u0259 Sosial \u0130nnovasiyalar \u00fczr\u0259 D\u00f6vl\u0259t Agentliyinin \u0130nformasiya t\u0259minat\u0131 \u015f\u00f6b\u0259sind\u0259n bildirilib.<\/p>\n<p>Bildirilib ki, mart\u0131n 25-d\u0259n etibar\u0259n is\u0259 m\u0259rk\u0259zl\u0259r\u0259 m\u00fcraci\u0259t etm\u0259kl\u0259 m\u00fcvafiq xidm\u0259tl\u0259rd\u0259n yararlanmaq olar.<br \/>\nQeyd ed\u0259k ki, v\u0259t\u0259nda\u015flar i\u015f qrafiki, g\u00f6st\u0259ril\u0259n xidm\u0259tl\u0259rl\u0259 ba\u011fl\u0131 \u0259trafl\u0131 m\u0259lumat\u0131 108 &#8220;\u00c7a\u011fr\u0131&#8221; m\u0259rk\u0259zi vasit\u0259sil\u0259 \u0259ld\u0259 ed\u0259 bil\u0259rl\u0259r.<\/p>\n","protected":false},"excerpt":{"rendered":"<p>Novruz bayram\u0131 il\u0259 \u0259laq\u0259dar &#8220;ASAN xidm\u0259t&#8221; v\u0259 &#8220;ASAN kommunal&#8221; m\u0259rk\u0259zl\u0259rind\u0259 20-24 mart tarixl\u0259rind\u0259 qeyri-i\u015f g\u00fcn\u00fc olacaq. Bu bar\u0259d\u0259\u00a0Sonxeber.az-a Az\u0259rbaycan Prezidenti yan\u0131nda V\u0259t\u0259nda\u015flara Xidm\u0259t v\u0259 Sosial \u0130nnovasiyalar \u00fczr\u0259 D\u00f6vl\u0259t Agentliyinin \u0130nformasiya t\u0259minat\u0131 \u015f\u00f6b\u0259sind\u0259n bildirilib. Bildirilib ki, mart\u0131n 25-d\u0259n etibar\u0259n is\u0259 m\u0259rk\u0259zl\u0259r\u0259 m\u00fcraci\u0259t etm\u0259kl\u0259 m\u00fcvafiq xidm\u0259tl\u0259rd\u0259n yararlanmaq olar. Qeyd ed\u0259k ki, v\u0259t\u0259nda\u015flar i\u015f qrafiki, g\u00f6st\u0259ril\u0259n xidm\u0259tl\u0259rl\u0259 ba\u011fl\u0131 \u0259trafl\u0131 m\u0259lumat\u0131 108 &#8220;\u00c7a\u011fr\u0131&#8221; m\u0259rk\u0259zi vasit\u0259sil\u0259 \u0259ld\u0259 ed\u0259 bil\u0259rl\u0259r.<\/p>\n","protected":false},"author":2,"featured_media":46181,"comment_status":"closed","ping_status":"closed","sticky":false,"template":"","format":"standard","meta":{"om_disable_all_campaigns":false,"_monsterinsights_skip_tracking":false,"_monsterinsights_sitenote_active":false,"_monsterinsights_sitenote_note":"","_monsterinsights_sitenote_category":0},"categories":[1],"tags":[],"aioseo_notices":[],"gutentor_comment":0,"rttpg_featured_image_url":{"full":["https:\/\/arantv.az\/wp-content\/uploads\/2019\/03\/1552912567asanxidmet5sayli-3.jpg",549,309,false],"landscape":["https:\/\/arantv.az\/wp-content\/uploads\/2019\/03\/1552912567asanxidmet5sayli-3.jpg",549,309,false],"portraits":["https:\/\/arantv.az\/wp-content\/uploads\/2019\/03\/1552912567asanxidmet5sayli-3.jpg",549,309,false],"thumbnail":["https:\/\/arantv.az\/wp-content\/uploads\/2019\/03\/1552912567asanxidmet5sayli-3-150x150.jpg",150,150,true],"medium":["https:\/\/arantv.az\/wp-content\/uploads\/2019\/03\/1552912567asanxidmet5sayli-3-300x169.jpg",300,169,true],"large":["https:\/\/arantv.az\/wp-content\/uploads\/2019\/03\/1552912567asanxidmet5sayli-3.jpg",549,309,false],"1536x1536":["https:\/\/arantv.az\/wp-content\/uploads\/2019\/03\/1552912567asanxidmet5sayli-3.jpg",549,309,false],"2048x2048":["https:\/\/arantv.az\/wp-content\/uploads\/2019\/03\/1552912567asanxidmet5sayli-3.jpg",549,309,false],"post-thumbnail":["https:\/\/arantv.az\/wp-content\/uploads\/2019\/03\/1552912567asanxidmet5sayli-3-240x172.jpg",240,172,true],"advps-thumb-one":["https:\/\/arantv.az\/wp-content\/uploads\/2019\/03\/1552912567asanxidmet5sayli-3.jpg",549,309,false]},"rttpg_author":{"display_name":"V\u00fcsal Rafiqo\u011flu","author_link":"https:\/\/arantv.az\/?author=2"},"rttpg_comment":0,"rttpg_category":"<a href=\"https:\/\/arantv.az\/?cat=1\" rel=\"category\">C\u0259miyy\u0259t<\/a>","rttpg_excerpt":"Novruz bayram\u0131 il\u0259 \u0259laq\u0259dar &#8220;ASAN xidm\u0259t&#8221; v\u0259 &#8220;ASAN kommunal&#8221; m\u0259rk\u0259zl\u0259rind\u0259 20-24 mart tarixl\u0259rind\u0259 qeyri-i\u015f g\u00fcn\u00fc olacaq. Bu bar\u0259d\u0259\u00a0Sonxeber.az-a Az\u0259rbaycan Prezidenti yan\u0131nda V\u0259t\u0259nda\u015flara Xidm\u0259t v\u0259 Sosial \u0130nnovasiyalar \u00fczr\u0259 D\u00f6vl\u0259t Agentliyinin \u0130nformasiya t\u0259minat\u0131 \u015f\u00f6b\u0259sind\u0259n bildirilib. Bildirilib ki, mart\u0131n 25-d\u0259n etibar\u0259n is\u0259 m\u0259rk\u0259zl\u0259r\u0259 m\u00fcraci\u0259t etm\u0259kl\u0259 m\u00fcvafiq xidm\u0259tl\u0259rd\u0259n yararlanmaq olar. Qeyd ed\u0259k ki, v\u0259t\u0259nda\u015flar i\u015f qrafiki, g\u00f6st\u0259ril\u0259n xidm\u0259tl\u0259rl\u0259 ba\u011fl\u0131&hellip;","_links":{"self":[{"href":"https:\/\/arantv.az\/index.php?rest_route=\/wp\/v2\/posts\/46180"}],"collection":[{"href":"https:\/\/arantv.az\/index.php?rest_route=\/wp\/v2\/posts"}],"about":[{"href":"https:\/\/arantv.az\/index.php?rest_route=\/wp\/v2\/types\/post"}],"author":[{"embeddable":true,"href":"https:\/\/arantv.az\/index.php?rest_route=\/wp\/v2\/users\/2"}],"replies":[{"embeddable":true,"href":"https:\/\/arantv.az\/index.php?rest_route=%2Fwp%2Fv2%2Fcomments&post=46180"}],"version-history":[{"count":0,"href":"https:\/\/arantv.az\/index.php?rest_route=\/wp\/v2\/posts\/46180\/revisions"}],"wp:featuredmedia":[{"embeddable":true,"href":"https:\/\/arantv.az\/index.php?rest_route=\/wp\/v2\/media\/46181"}],"wp:attachment":[{"href":"https:\/\/arantv.az\/index.php?rest_route=%2Fwp%2Fv2%2Fmedia&parent=46180"}],"wp:term":[{"taxonomy":"category","embeddable":true,"href":"https:\/\/arantv.az\/index.php?rest_route=%2Fwp%2Fv2%2Fcategories&post=46180"},{"taxonomy":"post_tag","embeddable":true,"href":"https:\/\/arantv.az\/index.php?rest_route=%2Fwp%2Fv2%2Ftags&post=46180"}],"curies":[{"name":"wp","href":"https:\/\/api.w.org\/{rel}","templated":true}]}}