{"id":46196,"date":"2019-03-18T15:45:45","date_gmt":"2019-03-18T12:45:45","guid":{"rendered":"http:\/\/arantv.az\/?p=46196"},"modified":"2019-03-18T15:45:45","modified_gmt":"2019-03-18T12:45:45","slug":"hikm%c9%99t-haciyev-erm%c9%99nistanin-hazirki-hakimiyy%c9%99ti-sarkisyan-kocaryan-rejiminin-s%c9%99hvl%c9%99rini-t%c9%99krarlayir","status":"publish","type":"post","link":"https:\/\/arantv.az\/?p=46196","title":{"rendered":"Hikm\u0259t Hac\u0131yev: &#8220;Erm\u0259nistan\u0131n haz\u0131rk\u0131 hakimiyy\u0259ti Sarkisyan-Ko\u00e7aryan rejiminin s\u0259hvl\u0259rini t\u0259krarlay\u0131r&#8221;"},"content":{"rendered":"<p>\u201cErm\u0259nistan\u0131n dediyi s\u00fclhl\u0259 beyn\u0259lxalq h\u00fcququn dediyi s\u00fclh aras\u0131nda f\u0259rq var\u201d.<\/p>\n<p><strong>ARANTV.AZ<\/strong> x\u0259b\u0259r verir ki, bunu Prezident Administrasiyas\u0131n\u0131n Xarici siyas\u0259t m\u0259s\u0259l\u0259l\u0259ri \u015f\u00f6b\u0259sinin m\u00fcdiri Hikm\u0259t Hac\u0131yev \u201cAnadolu\u201d agentliyin\u0259 m\u00fcsahib\u0259sind\u0259 bildirib.<\/p>\n<p>O, Az\u0259rbaycan\u0131n xo\u015fm\u0259raml\u0131 olmas\u0131n\u0131n g\u00f6st\u0259ricisi kimi Prezident \u0130lham \u018fliyevin Erm\u0259nistan\u0131n Ba\u015f naziri Nikol Pa\u015finyala \u00fc\u00e7 d\u0259f\u0259 g\u00f6r\u00fc\u015fd\u00fcy\u00fcn\u00fc s\u00f6yl\u0259yib: \u201cAz\u0259rbaycan\u0131n s\u0259brinin d\u0259 s\u0259rh\u0259di var. BMT T\u0259hl\u00fck\u0259sizlik \u015euras\u0131n\u0131n t\u0259l\u0259bl\u0259rin\u0259 uy\u011fun olaraq, Erm\u0259nistan ordusu Az\u0259rbaycan torpaqlar\u0131ndan \u00e7\u0131xmal\u0131d\u0131r. \u018fks halda, Az\u0259rbaycan h\u0259r bir d\u00f6vl\u0259t kimi BMT-nin nizamnam\u0259sind\u0259 g\u00f6st\u0259ril\u0259n b\u00fct\u00fcn h\u00fcquqlar\u0131ndan istifad\u0259 etm\u0259k m\u0259cburiyy\u0259tind\u0259 qalacaq\u201d.<\/p>\n<p><strong>PA r\u0259smisi dan\u0131\u015f\u0131qlar prosesinin ir\u0259lil\u0259m\u0259si \u00fc\u00e7\u00fcn Erm\u0259nistan\u0131n da laz\u0131mi add\u0131mlar atmas\u0131n\u0131n vacibliyini vuru\u011fulay\u0131b:<\/strong>\u00a0\u201cSanki Erm\u0259nistan hakimiyy\u0259ti \u0259vv\u0259lki Sarkisyan-Ko\u00e7aryan rejiminin s\u0259hvl\u0259rini t\u0259krarlay\u0131r v\u0259 dan\u0131\u015f\u0131qlar prosesini bloklayacaq b\u0259yanatlar verir. Erm\u0259nistan t\u0259r\u0259find\u0259n daha do\u011fru add\u0131mlar at\u0131lmas\u0131na ehtiyac var. Beyn\u0259lxalq ictimaiyy\u0259t bu m\u0259s\u0259l\u0259d\u0259 israrl\u0131 olmal\u0131, Erm\u0259nistana q\u0259ti siyasi v\u0259 diplomatik mesajlar verm\u0259lidir. \u0130\u015f\u011fal\u0131n 25 ild\u0259n art\u0131q davam etm\u0259si t\u0259cav\u00fczkar\u0131 c\u0259sar\u0259tl\u0259ndirir, Erm\u0259nistan\u0131n i\u015f\u011fal\u00e7\u0131 siyas\u0259tini g\u00fccl\u0259ndirir&#8221;.<\/p>\n<p>H.Hac\u0131yev \u0259minlikl\u0259 Az\u0259rbaycan xalq\u0131n\u0131n bar\u0131\u015fa haz\u0131r oldu\u011funu qeyd ed\u0259r\u0259k s\u00fclh\u00fcn d\u0259 \u0259dal\u0259tli olmas\u0131n\u0131n vacibliyini deyib: \u201cErm\u0259nistan m\u00f6vcud v\u0259ziyy\u0259ti, y\u0259ni i\u015f\u011fal\u0131 davam etdirm\u0259yi s\u00fclh kimi q\u0259l\u0259m\u0259 verm\u0259y\u0259 \u00e7al\u0131\u015f\u0131r. Buna s\u00fclh dey\u0259 bilm\u0259rik. Dolay\u0131s\u0131 yolla Erm\u0259nistan xalq\u0131n\u0131n s\u00fclh\u0259 haz\u0131rlanmas\u0131na ciddi ehtiyac var. Erm\u0259nistan ona aid olmayan, i\u015f\u011fal etdiyi torpaqlardan \u00e7\u0131xmal\u0131, Az\u0259rbaycan v\u0259 ba\u015fqa qon\u015fu d\u00f6vl\u0259tl\u0259rl\u0259 s\u00fclh \u015f\u0259raitind\u0259 ya\u015famal\u0131d\u0131r\u201d.<\/p>\n<p>\u015e\u00f6b\u0259 m\u00fcdiri Da\u011fl\u0131q Qaraba\u011f probleminin h\u0259lli il\u0259 ba\u011fl\u0131 beyn\u0259lxalq ictimaiyy\u0259tin s\u0259yl\u0259rinin yet\u0259rsiz oldu\u011funu da s\u00f6yl\u0259yib: \u201cM\u00fczakir\u0259l\u0259r 25 ild\u0259n art\u0131qd\u0131r davam edir. Bu m\u00fcdd\u0259t \u0259rzind\u0259 Az\u0259rbaycan torpaqlar\u0131 i\u015f\u011faldan xilas oldumu? Xeyr! M\u0259cburi k\u00f6\u00e7k\u00fcnl\u0259r torpaqlar\u0131na qay\u0131td\u0131m\u0131? Xeyr. Art\u0131q i\u015f\u011fal\u00e7\u0131 v\u0259 t\u0259cav\u00fczkar\u0131 ad\u0131 il\u0259 \u00e7a\u011f\u0131rma\u011f\u0131n zaman\u0131d\u0131r\u201d.musavat.com<\/p>\n","protected":false},"excerpt":{"rendered":"<p>\u201cErm\u0259nistan\u0131n dediyi s\u00fclhl\u0259 beyn\u0259lxalq h\u00fcququn dediyi s\u00fclh aras\u0131nda f\u0259rq var\u201d. ARANTV.AZ x\u0259b\u0259r verir ki, bunu Prezident Administrasiyas\u0131n\u0131n Xarici siyas\u0259t m\u0259s\u0259l\u0259l\u0259ri \u015f\u00f6b\u0259sinin m\u00fcdiri Hikm\u0259t Hac\u0131yev \u201cAnadolu\u201d agentliyin\u0259 m\u00fcsahib\u0259sind\u0259 bildirib. O, Az\u0259rbaycan\u0131n xo\u015fm\u0259raml\u0131 olmas\u0131n\u0131n g\u00f6st\u0259ricisi kimi Prezident \u0130lham \u018fliyevin Erm\u0259nistan\u0131n Ba\u015f naziri Nikol Pa\u015finyala \u00fc\u00e7 d\u0259f\u0259 g\u00f6r\u00fc\u015fd\u00fcy\u00fcn\u00fc s\u00f6yl\u0259yib: \u201cAz\u0259rbaycan\u0131n s\u0259brinin d\u0259 s\u0259rh\u0259di var. BMT T\u0259hl\u00fck\u0259sizlik \u015euras\u0131n\u0131n t\u0259l\u0259bl\u0259rin\u0259 uy\u011fun olaraq, Erm\u0259nistan ordusu Az\u0259rbaycan torpaqlar\u0131ndan \u00e7\u0131xmal\u0131d\u0131r. \u018fks halda, Az\u0259rbaycan h\u0259r bir d\u00f6vl\u0259t kimi BMT-nin nizamnam\u0259sind\u0259 g\u00f6st\u0259ril\u0259n b\u00fct\u00fcn h\u00fcquqlar\u0131ndan istifad\u0259 etm\u0259k m\u0259cburiyy\u0259tind\u0259 qalacaq\u201d. PA r\u0259smisi dan\u0131\u015f\u0131qlar prosesinin ir\u0259lil\u0259m\u0259si \u00fc\u00e7\u00fcn Erm\u0259nistan\u0131n da laz\u0131mi add\u0131mlar atmas\u0131n\u0131n vacibliyini&hellip;<\/p>\n","protected":false},"author":2,"featured_media":46197,"comment_status":"closed","ping_status":"closed","sticky":false,"template":"","format":"standard","meta":{"om_disable_all_campaigns":false,"_monsterinsights_skip_tracking":false,"_monsterinsights_sitenote_active":false,"_monsterinsights_sitenote_note":"","_monsterinsights_sitenote_category":0},"categories":[4],"tags":[],"aioseo_notices":[],"gutentor_comment":0,"rttpg_featured_image_url":{"full":["https:\/\/arantv.az\/wp-content\/uploads\/2019\/03\/6524bd71467778f3d939b0ce042ce89a.jpg",450,300,false],"landscape":["https:\/\/arantv.az\/wp-content\/uploads\/2019\/03\/6524bd71467778f3d939b0ce042ce89a.jpg",450,300,false],"portraits":["https:\/\/arantv.az\/wp-content\/uploads\/2019\/03\/6524bd71467778f3d939b0ce042ce89a.jpg",450,300,false],"thumbnail":["https:\/\/arantv.az\/wp-content\/uploads\/2019\/03\/6524bd71467778f3d939b0ce042ce89a-150x150.jpg",150,150,true],"medium":["https:\/\/arantv.az\/wp-content\/uploads\/2019\/03\/6524bd71467778f3d939b0ce042ce89a-300x200.jpg",300,200,true],"large":["https:\/\/arantv.az\/wp-content\/uploads\/2019\/03\/6524bd71467778f3d939b0ce042ce89a.jpg",450,300,false],"1536x1536":["https:\/\/arantv.az\/wp-content\/uploads\/2019\/03\/6524bd71467778f3d939b0ce042ce89a.jpg",450,300,false],"2048x2048":["https:\/\/arantv.az\/wp-content\/uploads\/2019\/03\/6524bd71467778f3d939b0ce042ce89a.jpg",450,300,false],"post-thumbnail":["https:\/\/arantv.az\/wp-content\/uploads\/2019\/03\/6524bd71467778f3d939b0ce042ce89a-240x172.jpg",240,172,true],"advps-thumb-one":["https:\/\/arantv.az\/wp-content\/uploads\/2019\/03\/6524bd71467778f3d939b0ce042ce89a.jpg",450,300,false]},"rttpg_author":{"display_name":"V\u00fcsal Rafiqo\u011flu","author_link":"https:\/\/arantv.az\/?author=2"},"rttpg_comment":0,"rttpg_category":"<a href=\"https:\/\/arantv.az\/?cat=4\" rel=\"category\">Siyas\u0259t<\/a>","rttpg_excerpt":"\u201cErm\u0259nistan\u0131n dediyi s\u00fclhl\u0259 beyn\u0259lxalq h\u00fcququn dediyi s\u00fclh aras\u0131nda f\u0259rq var\u201d. ARANTV.AZ x\u0259b\u0259r verir ki, bunu Prezident Administrasiyas\u0131n\u0131n Xarici siyas\u0259t m\u0259s\u0259l\u0259l\u0259ri \u015f\u00f6b\u0259sinin m\u00fcdiri Hikm\u0259t Hac\u0131yev \u201cAnadolu\u201d agentliyin\u0259 m\u00fcsahib\u0259sind\u0259 bildirib. O, Az\u0259rbaycan\u0131n xo\u015fm\u0259raml\u0131 olmas\u0131n\u0131n g\u00f6st\u0259ricisi kimi Prezident \u0130lham \u018fliyevin Erm\u0259nistan\u0131n Ba\u015f naziri Nikol Pa\u015finyala \u00fc\u00e7 d\u0259f\u0259 g\u00f6r\u00fc\u015fd\u00fcy\u00fcn\u00fc s\u00f6yl\u0259yib: \u201cAz\u0259rbaycan\u0131n s\u0259brinin d\u0259 s\u0259rh\u0259di var. BMT T\u0259hl\u00fck\u0259sizlik \u015euras\u0131n\u0131n t\u0259l\u0259bl\u0259rin\u0259&hellip;","_links":{"self":[{"href":"https:\/\/arantv.az\/index.php?rest_route=\/wp\/v2\/posts\/46196"}],"collection":[{"href":"https:\/\/arantv.az\/index.php?rest_route=\/wp\/v2\/posts"}],"about":[{"href":"https:\/\/arantv.az\/index.php?rest_route=\/wp\/v2\/types\/post"}],"author":[{"embeddable":true,"href":"https:\/\/arantv.az\/index.php?rest_route=\/wp\/v2\/users\/2"}],"replies":[{"embeddable":true,"href":"https:\/\/arantv.az\/index.php?rest_route=%2Fwp%2Fv2%2Fcomments&post=46196"}],"version-history":[{"count":0,"href":"https:\/\/arantv.az\/index.php?rest_route=\/wp\/v2\/posts\/46196\/revisions"}],"wp:featuredmedia":[{"embeddable":true,"href":"https:\/\/arantv.az\/index.php?rest_route=\/wp\/v2\/media\/46197"}],"wp:attachment":[{"href":"https:\/\/arantv.az\/index.php?rest_route=%2Fwp%2Fv2%2Fmedia&parent=46196"}],"wp:term":[{"taxonomy":"category","embeddable":true,"href":"https:\/\/arantv.az\/index.php?rest_route=%2Fwp%2Fv2%2Fcategories&post=46196"},{"taxonomy":"post_tag","embeddable":true,"href":"https:\/\/arantv.az\/index.php?rest_route=%2Fwp%2Fv2%2Ftags&post=46196"}],"curies":[{"name":"wp","href":"https:\/\/api.w.org\/{rel}","templated":true}]}}