{"id":46199,"date":"2019-03-18T15:50:04","date_gmt":"2019-03-18T12:50:04","guid":{"rendered":"http:\/\/arantv.az\/?p=46199"},"modified":"2019-03-18T15:50:04","modified_gmt":"2019-03-18T12:50:04","slug":"az%c9%99rbaycanda-k%c9%99p%c9%99yin-istehsali-v%c9%99-satisi-vergid%c9%99n-azad-olunur","status":"publish","type":"post","link":"https:\/\/arantv.az\/?p=46199","title":{"rendered":"Az\u0259rbaycanda k\u0259p\u0259yin istehsal\u0131 v\u0259 sat\u0131\u015f\u0131 vergid\u0259n azad olunur"},"content":{"rendered":"<p>Az\u0259rbaycanda k\u0259p\u0259yin istehsal\u0131 v\u0259 sat\u0131\u015f\u0131 vergid\u0259n azad olunur.<\/p>\n<p><strong>ARANTV.AZ\u00a0<\/strong> x\u0259b\u0259r verir ki, bununla ba\u011fl\u0131 Vergi M\u0259c\u0259ll\u0259sin\u0259 d\u0259yi\u015fiklik edilir.<\/p>\n<p>M\u0259c\u0259ll\u0259nin 164-c\u00fc (Vergi \u00f6d\u0259m\u0259kd\u0259n azad edilm\u0259) madd\u0259sin\u0259 &#8220;k\u0259p\u0259yin istehsal\u0131 v\u0259 sat\u0131\u015f\u0131 &#8211; 2019-cu il mart\u0131n 1-d\u0259n 2 il m\u00fcdd\u0259tin\u0259&#8221; s\u00f6zl\u0259ri \u0259lav\u0259 olunub.<\/p>\n<p>D\u0259yi\u015fiklik layih\u0259si Milli M\u0259clisin mart\u0131n 29-da ke\u00e7iril\u0259c\u0259k plenar iclas\u0131nda m\u00fczakir\u0259y\u0259 \u00e7\u0131xar\u0131lacaq.musavat.com<\/p>\n","protected":false},"excerpt":{"rendered":"<p>Az\u0259rbaycanda k\u0259p\u0259yin istehsal\u0131 v\u0259 sat\u0131\u015f\u0131 vergid\u0259n azad olunur. ARANTV.AZ\u00a0 x\u0259b\u0259r verir ki, bununla ba\u011fl\u0131 Vergi M\u0259c\u0259ll\u0259sin\u0259 d\u0259yi\u015fiklik edilir. M\u0259c\u0259ll\u0259nin 164-c\u00fc (Vergi \u00f6d\u0259m\u0259kd\u0259n azad edilm\u0259) madd\u0259sin\u0259 &#8220;k\u0259p\u0259yin istehsal\u0131 v\u0259 sat\u0131\u015f\u0131 &#8211; 2019-cu il mart\u0131n 1-d\u0259n 2 il m\u00fcdd\u0259tin\u0259&#8221; s\u00f6zl\u0259ri \u0259lav\u0259 olunub. D\u0259yi\u015fiklik layih\u0259si Milli M\u0259clisin mart\u0131n 29-da ke\u00e7iril\u0259c\u0259k plenar iclas\u0131nda m\u00fczakir\u0259y\u0259 \u00e7\u0131xar\u0131lacaq.musavat.com<\/p>\n","protected":false},"author":2,"featured_media":46200,"comment_status":"closed","ping_status":"closed","sticky":false,"template":"","format":"standard","meta":{"om_disable_all_campaigns":false,"_monsterinsights_skip_tracking":false,"_monsterinsights_sitenote_active":false,"_monsterinsights_sitenote_note":"","_monsterinsights_sitenote_category":0},"categories":[1],"tags":[],"aioseo_notices":[],"gutentor_comment":0,"rttpg_featured_image_url":{"full":["https:\/\/arantv.az\/wp-content\/uploads\/2019\/03\/23778a8db23fb54d5bbeb506c79fd3cd.jpg",450,300,false],"landscape":["https:\/\/arantv.az\/wp-content\/uploads\/2019\/03\/23778a8db23fb54d5bbeb506c79fd3cd.jpg",450,300,false],"portraits":["https:\/\/arantv.az\/wp-content\/uploads\/2019\/03\/23778a8db23fb54d5bbeb506c79fd3cd.jpg",450,300,false],"thumbnail":["https:\/\/arantv.az\/wp-content\/uploads\/2019\/03\/23778a8db23fb54d5bbeb506c79fd3cd-150x150.jpg",150,150,true],"medium":["https:\/\/arantv.az\/wp-content\/uploads\/2019\/03\/23778a8db23fb54d5bbeb506c79fd3cd-300x200.jpg",300,200,true],"large":["https:\/\/arantv.az\/wp-content\/uploads\/2019\/03\/23778a8db23fb54d5bbeb506c79fd3cd.jpg",450,300,false],"1536x1536":["https:\/\/arantv.az\/wp-content\/uploads\/2019\/03\/23778a8db23fb54d5bbeb506c79fd3cd.jpg",450,300,false],"2048x2048":["https:\/\/arantv.az\/wp-content\/uploads\/2019\/03\/23778a8db23fb54d5bbeb506c79fd3cd.jpg",450,300,false],"post-thumbnail":["https:\/\/arantv.az\/wp-content\/uploads\/2019\/03\/23778a8db23fb54d5bbeb506c79fd3cd-240x172.jpg",240,172,true],"advps-thumb-one":["https:\/\/arantv.az\/wp-content\/uploads\/2019\/03\/23778a8db23fb54d5bbeb506c79fd3cd.jpg",450,300,false]},"rttpg_author":{"display_name":"V\u00fcsal Rafiqo\u011flu","author_link":"https:\/\/arantv.az\/?author=2"},"rttpg_comment":0,"rttpg_category":"<a href=\"https:\/\/arantv.az\/?cat=1\" rel=\"category\">C\u0259miyy\u0259t<\/a>","rttpg_excerpt":"Az\u0259rbaycanda k\u0259p\u0259yin istehsal\u0131 v\u0259 sat\u0131\u015f\u0131 vergid\u0259n azad olunur. ARANTV.AZ\u00a0 x\u0259b\u0259r verir ki, bununla ba\u011fl\u0131 Vergi M\u0259c\u0259ll\u0259sin\u0259 d\u0259yi\u015fiklik edilir. M\u0259c\u0259ll\u0259nin 164-c\u00fc (Vergi \u00f6d\u0259m\u0259kd\u0259n azad edilm\u0259) madd\u0259sin\u0259 &#8220;k\u0259p\u0259yin istehsal\u0131 v\u0259 sat\u0131\u015f\u0131 &#8211; 2019-cu il mart\u0131n 1-d\u0259n 2 il m\u00fcdd\u0259tin\u0259&#8221; s\u00f6zl\u0259ri \u0259lav\u0259 olunub. D\u0259yi\u015fiklik layih\u0259si Milli M\u0259clisin mart\u0131n 29-da ke\u00e7iril\u0259c\u0259k plenar iclas\u0131nda m\u00fczakir\u0259y\u0259 \u00e7\u0131xar\u0131lacaq.musavat.com","_links":{"self":[{"href":"https:\/\/arantv.az\/index.php?rest_route=\/wp\/v2\/posts\/46199"}],"collection":[{"href":"https:\/\/arantv.az\/index.php?rest_route=\/wp\/v2\/posts"}],"about":[{"href":"https:\/\/arantv.az\/index.php?rest_route=\/wp\/v2\/types\/post"}],"author":[{"embeddable":true,"href":"https:\/\/arantv.az\/index.php?rest_route=\/wp\/v2\/users\/2"}],"replies":[{"embeddable":true,"href":"https:\/\/arantv.az\/index.php?rest_route=%2Fwp%2Fv2%2Fcomments&post=46199"}],"version-history":[{"count":0,"href":"https:\/\/arantv.az\/index.php?rest_route=\/wp\/v2\/posts\/46199\/revisions"}],"wp:featuredmedia":[{"embeddable":true,"href":"https:\/\/arantv.az\/index.php?rest_route=\/wp\/v2\/media\/46200"}],"wp:attachment":[{"href":"https:\/\/arantv.az\/index.php?rest_route=%2Fwp%2Fv2%2Fmedia&parent=46199"}],"wp:term":[{"taxonomy":"category","embeddable":true,"href":"https:\/\/arantv.az\/index.php?rest_route=%2Fwp%2Fv2%2Fcategories&post=46199"},{"taxonomy":"post_tag","embeddable":true,"href":"https:\/\/arantv.az\/index.php?rest_route=%2Fwp%2Fv2%2Ftags&post=46199"}],"curies":[{"name":"wp","href":"https:\/\/api.w.org\/{rel}","templated":true}]}}