{"id":46205,"date":"2019-03-18T15:52:56","date_gmt":"2019-03-18T12:52:56","guid":{"rendered":"http:\/\/arantv.az\/?p=46205"},"modified":"2019-03-18T15:52:56","modified_gmt":"2019-03-18T12:52:56","slug":"tutunl%c9%99-mubariz%c9%99-sah%c9%99sind%c9%99-d%c9%99yirmi-masa-kecirilib-foto","status":"publish","type":"post","link":"https:\/\/arantv.az\/?p=46205","title":{"rendered":"T\u00fct\u00fcnl\u0259 m\u00fcbariz\u0259 sah\u0259sind\u0259 d\u0259yirmi masa ke\u00e7irilib &#8211; FOTO"},"content":{"rendered":"<article id=\"maincontent\" class=\"normal-text\"><strong><a class=\"kw-link\" title=\"Az\u0259rbaycan x\u0259b\u0259rl\u0259ri\" href=\"https:\/\/metbuat.az\/news\/search?q=az%C9%99rbaycan\" target=\"_blank\" rel=\"noopener\">Az\u0259rbaycan<\/a>\u00a0Respublikas\u0131 S\u0259hiyy\u0259 Nazirliyinin \u0130ctimai S\u0259hiyy\u0259 v\u0259 \u0130slahatlar M\u0259rk\u0259zind\u0259 (\u0130S\u0130M)18 mart 2019-cu il tarixd\u0259 Az\u0259rbaycanda t\u00fct\u00fcnl\u0259 m\u00fcbariz\u0259 sah\u0259sind\u0259 d\u00f6vl\u0259t-\u00f6z\u0259l sektor t\u0259r\u0259fda\u015fl\u0131\u011f\u0131n\u0131n \u0259h\u0259miyy\u0259tin\u0259 h\u0259sr olunmu\u015f d\u0259yirmi masa ke\u00e7irilib.<\/strong><\/p>\n<p><strong>ARANTV.AZ<\/strong> x\u0259b\u0259r verir ki, \u0130S\u0130M-in direktoru Q\u0259hr\u0259man Haqverdiyev giri\u015f s\u00f6z\u00fc il\u0259 \u00e7\u0131x\u0131\u015f ed\u0259r\u0259k bildirib ki, t\u0259dbirin \u0259sas m\u0259qs\u0259di ictimaiyy\u0259tin diqq\u0259tini t\u00fct\u00fcn\u00fcn yaratd\u0131\u011f\u0131 t\u0259hl\u00fck\u0259li f\u0259sadlara y\u00f6n\u0259ltm\u0259k v\u0259 bu istiqam\u0259td\u0259 maarifl\u0259ndirm\u0259ni, \u0259m\u0259kda\u015fl\u0131\u011f\u0131 daha da geni\u015fl\u0259ndirm\u0259kdir: \u201cHaz\u0131rda \u0259sas m\u0259qs\u0259dimiz budur ki, Az\u0259rbaycanda 2020-ci il\u0259 q\u0259d\u0259r t\u00fct\u00fcnd\u0259n istifad\u0259nin 10 faiz azald\u0131lmas\u0131na nail olaq. Unutmayaq ki, \u0259halinin sa\u011flaml\u0131\u011f\u0131n\u0131n qorunmas\u0131na t\u0259sir ed\u0259n \u0259sas faktorlardan c\u0259mi 10 faizi tibbin \u00fcz\u0259rin\u0259 d\u00fc\u015f\u00fcrs\u0259, qalan 50 faizi h\u0259yat t\u0259rzi, 20 faizi irsi amill\u0259r, 20 faizi is\u0259 \u0259traf m\u00fchitin g\u00f6st\u0259rdiyi t\u0259sirl\u0259rdir. Bu bax\u0131mdan, ictimai s\u0259hiyy\u0259, y\u0259ni profilaktika t\u0259dbirl\u0259ri v\u0259 maarifl\u0259ndirm\u0259 i\u015fl\u0259ri \u0259halinin sa\u011flaml\u0131\u011f\u0131n\u0131n qorunmas\u0131nda m\u00fch\u00fcm rol oynay\u0131r\u201d.<\/p>\n<div id=\"AdributorNativeVideo0\" class=\"AdributorNativeVideo\"><\/div>\n<p>\u0130S\u0130M-in \u0130ctimai s\u0259hiyy\u0259 \u015f\u00f6b\u0259sinin m\u00fcdiri Tofiq Musayev bildirib ki, \u00f6lk\u0259mizd\u0259 &#8220;T\u00fct\u00fcn m\u0259mulatlar\u0131n\u0131n istifad\u0259sinin m\u0259hdudla\u015fd\u0131r\u0131lmas\u0131 haqq\u0131nda&#8221; Qanunun t\u0259tbiqi g\u00fcnd\u0259lik h\u0259yat\u0131m\u0131zda art\u0131q \u00f6z\u00fcn\u00fc g\u00f6st\u0259rir, ictimai yerl\u0259rd\u0259 t\u00fcst\u00fcs\u00fcz m\u00fchitin yarad\u0131lmas\u0131 \u00fc\u00e7\u00fcn m\u00fc\u0259yy\u0259n qada\u011falar v\u0259 inzibati c\u0259zalar h\u0259yata ke\u00e7irilir: \u201cC\u0259nab Prezident t\u0259r\u0259find\u0259n imzalanan v\u0259 bu g\u00fcn \u00f6lk\u0259mizd\u0259 t\u0259tbiq olunan bu qanunun m\u0259qs\u0259di t\u00fct\u00fcn m\u0259mulatlar\u0131ndan istifad\u0259 etm\u0259y\u0259n insanlar\u0131n, habel\u0259 t\u00fct\u00fcn m\u0259mulatlar\u0131ndan istifad\u0259 ed\u0259n insanlar\u0131n da sa\u011flaml\u0131qlar\u0131n\u0131n qorunmas\u0131d\u0131r. \u0130ctimai yerl\u0259rd\u0259, idar\u0259 v\u0259 m\u00fc\u0259ssis\u0259l\u0259rd\u0259 qapal\u0131 \u0259razil\u0259rd\u0259 t\u00fct\u00fcnd\u0259n istifad\u0259y\u0259 qoyulan qada\u011fan\u0131n mahiyy\u0259ti budur\u201d.<\/p>\n<p>\u0130S\u0130M-in S\u0259hiyy\u0259 kommunikasiyas\u0131 \u015f\u00f6b\u0259sinin m\u00fcdiri Laura Quliyeva \u201cT\u00fct\u00fcnl\u0259 m\u00fcbariz\u0259 sah\u0259sind\u0259 m\u0259qs\u0259dy\u00f6nl\u00fc kommunikasiya t\u0259dbirl\u0259ri\u201d m\u00f6vzusunda \u00e7\u0131x\u0131\u015f ed\u0259r\u0259k, z\u0259r\u0259rli v\u0259rdi\u015fl\u0259r\u0259 qar\u015f\u0131 m\u00fcbariz\u0259nin daha effektiv, daha s\u0259m\u0259r\u0259li apar\u0131lmas\u0131 \u00fc\u00e7\u00fcn qar\u015f\u0131l\u0131ql\u0131 f\u0259aliyy\u0259tin m\u00fch\u00fcm rolunu vur\u011fulay\u0131b.<\/p>\n<p>\u0130S\u0130M-in S\u0259hiyy\u0259 siyas\u0259ti v\u0259 planla\u015fd\u0131rma \u015f\u00f6b\u0259sinin m\u00fcdiri \u015e\u0259hla Mirz\u0259zad\u0259 \u201cSa\u011flaml\u0131q v\u0259 rifah: biznes qurumlar\u0131n\u0131n rolu v\u0259 \u0259m\u0259kda\u015fl\u0131\u011f\u0131n \u0259h\u0259miyy\u0259ti\u201d m\u00f6vzusunda geni\u015f t\u0259qdimatla \u00e7\u0131x\u0131\u015f ed\u0259r\u0259k, h\u0259r k\u0259si \u0259halinin sa\u011flaml\u0131\u011f\u0131 istiqam\u0259tind\u0259 g\u00f6r\u00fcl\u0259n i\u015fl\u0259r\u0259 d\u0259st\u0259k olma\u011fa \u00e7a\u011f\u0131r\u0131b. \u0130S\u0130M-in Layih\u0259l\u0259rin \u0259laq\u0259l\u0259ndirilm\u0259si \u015f\u00f6b\u0259sinin m\u00fcdiri S\u0259bin\u0259 Babazad\u0259 d\u0259yirmi masa i\u015ftirak\u00e7\u0131lar\u0131na S\u0259hiyy\u0259 Nazirliyinin \u0130ctimai S\u0259hiyy\u0259 v\u0259 \u0130slahatlar M\u0259rk\u0259zinin multisektoral f\u0259aliyy\u0259t istiqam\u0259tl\u0259ri bar\u0259d\u0259 \u0259trafl\u0131 m\u0259lumat verib.<\/p>\n<p>H\u00f6kum\u0259t v\u0259 qeyri-h\u00f6kum\u0259t t\u0259\u015fkilatlar\u0131, v\u0259t\u0259nda\u015f c\u0259miyy\u0259tinin n\u00fcmay\u0259nd\u0259l\u0259rinin i\u015ftirak\u0131 il\u0259 ke\u00e7\u0259n d\u0259yirmi masada s\u0259m\u0259r\u0259li fikir m\u00fcbadil\u0259si apar\u0131l\u0131b, t\u0259klifl\u0259r s\u0259sl\u0259ndirilib.<\/p>\n<p>Yekunda Az\u0259rbaycanda ictimai s\u0259hiyy\u0259nin t\u0259\u015fkili i\u015fin\u0259, \u0259halinin sa\u011flaml\u0131\u011f\u0131n\u0131n qorunmas\u0131 istiqam\u0259tind\u0259 g\u00f6r\u00fcl\u0259n t\u0259dbirl\u0259r\u0259 d\u0259st\u0259k ver\u0259n t\u0259\u015fkilatlara T\u0259\u015f\u0259kk\u00fcrnam\u0259l\u0259r v\u0259 b\u00fct\u00fcn i\u015ftirak\u00e7\u0131lara t\u00fct\u00fcn \u0259leyhin\u0259 marifl\u0259ndirici materiallar t\u0259qdim olunub.<\/p>\n<div id=\"fb-root\" class=\" fb_reset\">\n<div>\n<div><\/div>\n<div><\/div>\n<\/div>\n<\/div>\n<div class=\"fb-like fb_iframe_widget\" data-href=\"\/news\/1149320\/tutunle-mubarize-sahesinde-deyirmi-masa-kecirilib.html\" data-show_faces=\"false\" data-layout=\"button_count\"><\/div>\n<\/article>\n<div class=\"news_in_other_images\">\n<div class=\"row\">\n<div class=\"col-xs-6 col-lg-3\"><a class=\"fancybox fix\" title=\"\" href=\"https:\/\/metbuat.az\/images\/metbuat\/images_d\/1149320_0.jpg\" rel=\"gallery\"><img title=\"\" src=\"https:\/\/metbuat.az\/images\/metbuat\/images_d\/1149320_0.jpg\" alt=\"\" \/><\/a><\/div>\n<div class=\"col-xs-6 col-lg-3\"><a class=\"fancybox fix\" title=\"\" href=\"https:\/\/metbuat.az\/images\/metbuat\/images_d\/1149320_1.jpg\" rel=\"gallery\"><img title=\"\" src=\"https:\/\/metbuat.az\/images\/metbuat\/images_d\/1149320_1.jpg\" alt=\"\" \/><\/a><\/div>\n<div class=\"col-xs-6 col-lg-3\"><a class=\"fancybox fix\" title=\"\" href=\"https:\/\/metbuat.az\/images\/metbuat\/images_d\/1149320_2.jpg\" rel=\"gallery\"><img title=\"\" src=\"https:\/\/metbuat.az\/images\/metbuat\/images_d\/1149320_2.jpg\" alt=\"\" \/><\/a><\/div>\n<div>metbuat.az<\/div>\n<\/div>\n<\/div>\n","protected":false},"excerpt":{"rendered":"<p>Az\u0259rbaycan\u00a0Respublikas\u0131 S\u0259hiyy\u0259 Nazirliyinin \u0130ctimai S\u0259hiyy\u0259 v\u0259 \u0130slahatlar M\u0259rk\u0259zind\u0259 (\u0130S\u0130M)18 mart 2019-cu il tarixd\u0259 Az\u0259rbaycanda t\u00fct\u00fcnl\u0259 m\u00fcbariz\u0259 sah\u0259sind\u0259 d\u00f6vl\u0259t-\u00f6z\u0259l sektor t\u0259r\u0259fda\u015fl\u0131\u011f\u0131n\u0131n \u0259h\u0259miyy\u0259tin\u0259 h\u0259sr olunmu\u015f d\u0259yirmi masa ke\u00e7irilib. ARANTV.AZ x\u0259b\u0259r verir ki, \u0130S\u0130M-in direktoru Q\u0259hr\u0259man Haqverdiyev giri\u015f s\u00f6z\u00fc il\u0259 \u00e7\u0131x\u0131\u015f ed\u0259r\u0259k bildirib ki, t\u0259dbirin \u0259sas m\u0259qs\u0259di ictimaiyy\u0259tin diqq\u0259tini t\u00fct\u00fcn\u00fcn yaratd\u0131\u011f\u0131 t\u0259hl\u00fck\u0259li f\u0259sadlara y\u00f6n\u0259ltm\u0259k v\u0259 bu istiqam\u0259td\u0259 maarifl\u0259ndirm\u0259ni, \u0259m\u0259kda\u015fl\u0131\u011f\u0131 daha da geni\u015fl\u0259ndirm\u0259kdir: \u201cHaz\u0131rda \u0259sas m\u0259qs\u0259dimiz budur ki, Az\u0259rbaycanda 2020-ci il\u0259 q\u0259d\u0259r t\u00fct\u00fcnd\u0259n istifad\u0259nin 10 faiz azald\u0131lmas\u0131na nail olaq. Unutmayaq ki, \u0259halinin sa\u011flaml\u0131\u011f\u0131n\u0131n qorunmas\u0131na t\u0259sir ed\u0259n \u0259sas faktorlardan c\u0259mi 10 faizi tibbin \u00fcz\u0259rin\u0259 d\u00fc\u015f\u00fcrs\u0259,&hellip;<\/p>\n","protected":false},"author":2,"featured_media":46206,"comment_status":"closed","ping_status":"closed","sticky":false,"template":"","format":"standard","meta":{"om_disable_all_campaigns":false,"_monsterinsights_skip_tracking":false,"_monsterinsights_sitenote_active":false,"_monsterinsights_sitenote_note":"","_monsterinsights_sitenote_category":0},"categories":[1],"tags":[],"aioseo_notices":[],"gutentor_comment":0,"rttpg_featured_image_url":{"full":["https:\/\/arantv.az\/wp-content\/uploads\/2019\/03\/1149320.jpg",734,412,false],"landscape":["https:\/\/arantv.az\/wp-content\/uploads\/2019\/03\/1149320.jpg",734,412,false],"portraits":["https:\/\/arantv.az\/wp-content\/uploads\/2019\/03\/1149320.jpg",734,412,false],"thumbnail":["https:\/\/arantv.az\/wp-content\/uploads\/2019\/03\/1149320-150x150.jpg",150,150,true],"medium":["https:\/\/arantv.az\/wp-content\/uploads\/2019\/03\/1149320-300x168.jpg",300,168,true],"large":["https:\/\/arantv.az\/wp-content\/uploads\/2019\/03\/1149320.jpg",640,359,false],"1536x1536":["https:\/\/arantv.az\/wp-content\/uploads\/2019\/03\/1149320.jpg",734,412,false],"2048x2048":["https:\/\/arantv.az\/wp-content\/uploads\/2019\/03\/1149320.jpg",734,412,false],"post-thumbnail":["https:\/\/arantv.az\/wp-content\/uploads\/2019\/03\/1149320-240x172.jpg",240,172,true],"advps-thumb-one":["https:\/\/arantv.az\/wp-content\/uploads\/2019\/03\/1149320.jpg",734,412,false]},"rttpg_author":{"display_name":"V\u00fcsal Rafiqo\u011flu","author_link":"https:\/\/arantv.az\/?author=2"},"rttpg_comment":0,"rttpg_category":"<a href=\"https:\/\/arantv.az\/?cat=1\" rel=\"category\">C\u0259miyy\u0259t<\/a>","rttpg_excerpt":"Az\u0259rbaycan\u00a0Respublikas\u0131 S\u0259hiyy\u0259 Nazirliyinin \u0130ctimai S\u0259hiyy\u0259 v\u0259 \u0130slahatlar M\u0259rk\u0259zind\u0259 (\u0130S\u0130M)18 mart 2019-cu il tarixd\u0259 Az\u0259rbaycanda t\u00fct\u00fcnl\u0259 m\u00fcbariz\u0259 sah\u0259sind\u0259 d\u00f6vl\u0259t-\u00f6z\u0259l sektor t\u0259r\u0259fda\u015fl\u0131\u011f\u0131n\u0131n \u0259h\u0259miyy\u0259tin\u0259 h\u0259sr olunmu\u015f d\u0259yirmi masa ke\u00e7irilib. ARANTV.AZ x\u0259b\u0259r verir ki, \u0130S\u0130M-in direktoru Q\u0259hr\u0259man Haqverdiyev giri\u015f s\u00f6z\u00fc il\u0259 \u00e7\u0131x\u0131\u015f ed\u0259r\u0259k bildirib ki, t\u0259dbirin \u0259sas m\u0259qs\u0259di ictimaiyy\u0259tin diqq\u0259tini t\u00fct\u00fcn\u00fcn yaratd\u0131\u011f\u0131 t\u0259hl\u00fck\u0259li f\u0259sadlara y\u00f6n\u0259ltm\u0259k v\u0259 bu istiqam\u0259td\u0259 maarifl\u0259ndirm\u0259ni,&hellip;","_links":{"self":[{"href":"https:\/\/arantv.az\/index.php?rest_route=\/wp\/v2\/posts\/46205"}],"collection":[{"href":"https:\/\/arantv.az\/index.php?rest_route=\/wp\/v2\/posts"}],"about":[{"href":"https:\/\/arantv.az\/index.php?rest_route=\/wp\/v2\/types\/post"}],"author":[{"embeddable":true,"href":"https:\/\/arantv.az\/index.php?rest_route=\/wp\/v2\/users\/2"}],"replies":[{"embeddable":true,"href":"https:\/\/arantv.az\/index.php?rest_route=%2Fwp%2Fv2%2Fcomments&post=46205"}],"version-history":[{"count":0,"href":"https:\/\/arantv.az\/index.php?rest_route=\/wp\/v2\/posts\/46205\/revisions"}],"wp:featuredmedia":[{"embeddable":true,"href":"https:\/\/arantv.az\/index.php?rest_route=\/wp\/v2\/media\/46206"}],"wp:attachment":[{"href":"https:\/\/arantv.az\/index.php?rest_route=%2Fwp%2Fv2%2Fmedia&parent=46205"}],"wp:term":[{"taxonomy":"category","embeddable":true,"href":"https:\/\/arantv.az\/index.php?rest_route=%2Fwp%2Fv2%2Fcategories&post=46205"},{"taxonomy":"post_tag","embeddable":true,"href":"https:\/\/arantv.az\/index.php?rest_route=%2Fwp%2Fv2%2Ftags&post=46205"}],"curies":[{"name":"wp","href":"https:\/\/api.w.org\/{rel}","templated":true}]}}