{"id":46211,"date":"2019-03-18T15:55:10","date_gmt":"2019-03-18T12:55:10","guid":{"rendered":"http:\/\/arantv.az\/?p=46211"},"modified":"2019-03-18T15:55:10","modified_gmt":"2019-03-18T12:55:10","slug":"az%c9%99rbaycan-opek-sazisi-c%c9%99rciv%c9%99sind%c9%99-gost%c9%99ricil%c9%99rini-daha-da-yaxsilasdiracaq","status":"publish","type":"post","link":"https:\/\/arantv.az\/?p=46211","title":{"rendered":"Az\u0259rbaycan OPEK+ sazi\u015fi \u00e7\u0259r\u00e7iv\u0259sind\u0259 g\u00f6st\u0259ricil\u0259rini daha da yax\u015f\u0131la\u015fd\u0131racaq"},"content":{"rendered":"<p>&#8220;G\u0259l\u0259n ay Az\u0259rbaycan\u0131n neft hasilat\u0131n\u0131n azald\u0131lmas\u0131 bar\u0259d\u0259 OPEC+ sazi\u015finin icras\u0131 il\u0259 ba\u011fl\u0131 g\u00f6st\u0259ricil\u0259ri daha da yax\u015f\u0131 olacaq&#8221;.<\/p>\n<p><strong>ARANTV.AZ<\/strong> trend-\u0259 istinad\u0259n x\u0259b\u0259r verir ki, bunu energetika naziri P\u0259rviz \u015eahbazov Bak\u0131da OPEC v\u0259 qeyri-OPEC \u00f6lk\u0259l\u0259rinin Nazirl\u0259rinin Birg\u0259 Monitorinq Komit\u0259sinin 13-c\u00fc iclas\u0131n\u0131n yekunlar\u0131na dair m\u0259tbuat konfrans\u0131nda deyib.<\/p>\n<p>Nazir bildirib ki, son iki il yar\u0131m \u0259rzind\u0259 Az\u0259rbaycan OPEC+ sazi\u015fi \u00e7\u0259r\u00e7iv\u0259sind\u0259 \u00f6hd\u0259likl\u0259rini art\u0131qlamas\u0131 il\u0259 yerin\u0259 yetirib:<\/p>\n<p>&#8220;\u00d6t\u0259n ilin dekabr\u0131nda Az\u0259rbaycan \u00fcz\u0259rin\u0259 yeni \u00f6hd\u0259likl\u0259r g\u00f6t\u00fcrd\u00fc. Bu ilin ilk yar\u0131s\u0131 \u0259rzind\u0259 Az\u0259rbaycan \u00f6z \u00f6hd\u0259likl\u0259rini tam yerin\u0259 yetir\u0259c\u0259k. Art\u0131q g\u0259l\u0259n ay n\u0259tic\u0259l\u0259r daha yax\u015f\u0131 olacaq&#8221;.<\/p>\n<div id=\"AdributorNativeVideo0\" class=\"AdributorNativeVideo\"><\/div>\n<p>P.\u015eahbazov \u0259lav\u0259 edib ki, mart\u0131n 17-18-d\u0259 Bak\u0131da ke\u00e7irilmi\u015f h\u0259r iki OPEC t\u0259dbiri u\u011furla ke\u00e7di: &#8220;Az\u0259rbaycan OPEC+ format\u0131n\u0131n f\u0259al \u00fczv\u00fc kimi neft bazar\u0131nda balans\u0131n qorunmas\u0131na \u00f6z t\u00f6hf\u0259sini verib. Az\u0259rbaycan bu sazi\u015fi g\u0259l\u0259c\u0259kd\u0259 d\u0259 d\u0259st\u0259kl\u0259y\u0259c\u0259k&#8221;.<\/p>\n<p>Qeyd ed\u0259k ki, bu g\u00fcn Bak\u0131da OPEC v\u0259 qeyri-OPEC \u00f6lk\u0259l\u0259rinin Nazirl\u0259rinin Birg\u0259 Monitorinq Komit\u0259sinin 13-c\u00fc iclas\u0131 ke\u00e7irilib. Toplant\u0131da 14 neft istehsal\u00e7\u0131s\u0131 olan \u00f6lk\u0259 v\u0259 OPEC Katibliyi y\u00fcks\u0259k s\u0259viyy\u0259d\u0259 t\u0259msil olunub.<\/p>\n<p>\u0130clasda OPEC-in bazar\u0131n inki\u015faf tempinin t\u0259hlili \u0259sas\u0131nda haz\u0131rlanm\u0131\u015f t\u0259qdimat\u0131 v\u0259 M\u00fc\u015ft\u0259r\u0259k Texniki Komissiyan\u0131n (JTC) fevral ay\u0131 \u00fczr\u0259 hasilat g\u00f6st\u0259ricil\u0259rind\u0259n b\u0259hs ed\u0259n hesabat\u0131 m\u00fczakir\u0259 edilib, h\u0259m\u00e7inin JTC-nin bazar\u0131n balansla\u015fd\u0131r\u0131lmas\u0131 \u00fczr\u0259 t\u00f6vsiy\u0259l\u0259ri v\u0259 neft istehsal\u0131n\u0131n azald\u0131lmas\u0131na dair \u00f6hd\u0259likl\u0259r\u0259 \u0259m\u0259letm\u0259 s\u0259viyy\u0259si n\u0259z\u0259rd\u0259n ke\u00e7irilib.<\/p>\n","protected":false},"excerpt":{"rendered":"<p>&#8220;G\u0259l\u0259n ay Az\u0259rbaycan\u0131n neft hasilat\u0131n\u0131n azald\u0131lmas\u0131 bar\u0259d\u0259 OPEC+ sazi\u015finin icras\u0131 il\u0259 ba\u011fl\u0131 g\u00f6st\u0259ricil\u0259ri daha da yax\u015f\u0131 olacaq&#8221;. ARANTV.AZ trend-\u0259 istinad\u0259n x\u0259b\u0259r verir ki, bunu energetika naziri P\u0259rviz \u015eahbazov Bak\u0131da OPEC v\u0259 qeyri-OPEC \u00f6lk\u0259l\u0259rinin Nazirl\u0259rinin Birg\u0259 Monitorinq Komit\u0259sinin 13-c\u00fc iclas\u0131n\u0131n yekunlar\u0131na dair m\u0259tbuat konfrans\u0131nda deyib. Nazir bildirib ki, son iki il yar\u0131m \u0259rzind\u0259 Az\u0259rbaycan OPEC+ sazi\u015fi \u00e7\u0259r\u00e7iv\u0259sind\u0259 \u00f6hd\u0259likl\u0259rini art\u0131qlamas\u0131 il\u0259 yerin\u0259 yetirib: &#8220;\u00d6t\u0259n ilin dekabr\u0131nda Az\u0259rbaycan \u00fcz\u0259rin\u0259 yeni \u00f6hd\u0259likl\u0259r g\u00f6t\u00fcrd\u00fc. Bu ilin ilk yar\u0131s\u0131 \u0259rzind\u0259 Az\u0259rbaycan \u00f6z \u00f6hd\u0259likl\u0259rini tam yerin\u0259 yetir\u0259c\u0259k. Art\u0131q g\u0259l\u0259n ay n\u0259tic\u0259l\u0259r daha yax\u015f\u0131 olacaq&#8221;. P.\u015eahbazov \u0259lav\u0259 edib&hellip;<\/p>\n","protected":false},"author":2,"featured_media":46212,"comment_status":"closed","ping_status":"closed","sticky":false,"template":"","format":"standard","meta":{"om_disable_all_campaigns":false,"_monsterinsights_skip_tracking":false,"_monsterinsights_sitenote_active":false,"_monsterinsights_sitenote_note":"","_monsterinsights_sitenote_category":0},"categories":[19],"tags":[],"aioseo_notices":[],"gutentor_comment":0,"rttpg_featured_image_url":{"full":["https:\/\/arantv.az\/wp-content\/uploads\/2019\/03\/740056.jpg",800,600,false],"landscape":["https:\/\/arantv.az\/wp-content\/uploads\/2019\/03\/740056.jpg",800,600,false],"portraits":["https:\/\/arantv.az\/wp-content\/uploads\/2019\/03\/740056.jpg",800,600,false],"thumbnail":["https:\/\/arantv.az\/wp-content\/uploads\/2019\/03\/740056-150x150.jpg",150,150,true],"medium":["https:\/\/arantv.az\/wp-content\/uploads\/2019\/03\/740056-300x225.jpg",300,225,true],"large":["https:\/\/arantv.az\/wp-content\/uploads\/2019\/03\/740056.jpg",640,480,false],"1536x1536":["https:\/\/arantv.az\/wp-content\/uploads\/2019\/03\/740056.jpg",800,600,false],"2048x2048":["https:\/\/arantv.az\/wp-content\/uploads\/2019\/03\/740056.jpg",800,600,false],"post-thumbnail":["https:\/\/arantv.az\/wp-content\/uploads\/2019\/03\/740056-240x172.jpg",240,172,true],"advps-thumb-one":["https:\/\/arantv.az\/wp-content\/uploads\/2019\/03\/740056.jpg",800,600,false]},"rttpg_author":{"display_name":"V\u00fcsal Rafiqo\u011flu","author_link":"https:\/\/arantv.az\/?author=2"},"rttpg_comment":0,"rttpg_category":"<a href=\"https:\/\/arantv.az\/?cat=19\" rel=\"category\">G\u00fcnd\u0259m<\/a>","rttpg_excerpt":"&#8220;G\u0259l\u0259n ay Az\u0259rbaycan\u0131n neft hasilat\u0131n\u0131n azald\u0131lmas\u0131 bar\u0259d\u0259 OPEC+ sazi\u015finin icras\u0131 il\u0259 ba\u011fl\u0131 g\u00f6st\u0259ricil\u0259ri daha da yax\u015f\u0131 olacaq&#8221;. ARANTV.AZ trend-\u0259 istinad\u0259n x\u0259b\u0259r verir ki, bunu energetika naziri P\u0259rviz \u015eahbazov Bak\u0131da OPEC v\u0259 qeyri-OPEC \u00f6lk\u0259l\u0259rinin Nazirl\u0259rinin Birg\u0259 Monitorinq Komit\u0259sinin 13-c\u00fc iclas\u0131n\u0131n yekunlar\u0131na dair m\u0259tbuat konfrans\u0131nda deyib. Nazir bildirib ki, son iki il yar\u0131m \u0259rzind\u0259 Az\u0259rbaycan OPEC+ sazi\u015fi&hellip;","_links":{"self":[{"href":"https:\/\/arantv.az\/index.php?rest_route=\/wp\/v2\/posts\/46211"}],"collection":[{"href":"https:\/\/arantv.az\/index.php?rest_route=\/wp\/v2\/posts"}],"about":[{"href":"https:\/\/arantv.az\/index.php?rest_route=\/wp\/v2\/types\/post"}],"author":[{"embeddable":true,"href":"https:\/\/arantv.az\/index.php?rest_route=\/wp\/v2\/users\/2"}],"replies":[{"embeddable":true,"href":"https:\/\/arantv.az\/index.php?rest_route=%2Fwp%2Fv2%2Fcomments&post=46211"}],"version-history":[{"count":0,"href":"https:\/\/arantv.az\/index.php?rest_route=\/wp\/v2\/posts\/46211\/revisions"}],"wp:featuredmedia":[{"embeddable":true,"href":"https:\/\/arantv.az\/index.php?rest_route=\/wp\/v2\/media\/46212"}],"wp:attachment":[{"href":"https:\/\/arantv.az\/index.php?rest_route=%2Fwp%2Fv2%2Fmedia&parent=46211"}],"wp:term":[{"taxonomy":"category","embeddable":true,"href":"https:\/\/arantv.az\/index.php?rest_route=%2Fwp%2Fv2%2Fcategories&post=46211"},{"taxonomy":"post_tag","embeddable":true,"href":"https:\/\/arantv.az\/index.php?rest_route=%2Fwp%2Fv2%2Ftags&post=46211"}],"curies":[{"name":"wp","href":"https:\/\/api.w.org\/{rel}","templated":true}]}}