{"id":46223,"date":"2019-03-18T16:10:42","date_gmt":"2019-03-18T13:10:42","guid":{"rendered":"http:\/\/arantv.az\/?p=46223"},"modified":"2019-03-18T16:10:42","modified_gmt":"2019-03-18T13:10:42","slug":"ora-avtoritar-dus%c9%99n-m%c9%99l%c9%99k-cildin%c9%99-burunub-demokrat-kimi-cixir-siyavus-novruzov","status":"publish","type":"post","link":"https:\/\/arantv.az\/?p=46223","title":{"rendered":"&#8220;Ora avtoritar d\u00fc\u015f\u0259n m\u0259l\u0259k cildin\u0259 b\u00fcr\u00fcn\u00fcb demokrat kimi \u00e7\u0131x\u0131r&#8221; &#8211; Siyavu\u015f Novruzov"},"content":{"rendered":"<p><strong>&#8220;H\u00fcquqi v\u0259 demokratik d\u00f6vl\u0259t olan Az\u0259rbaycanda insan v\u0259 v\u0259t\u0259nda\u015f h\u00fcquq v\u0259 azadl\u0131qlar\u0131 y\u00fcks\u0259k s\u0259viyy\u0259d\u0259 t\u0259min olunub&#8221;.<\/strong><\/p>\n<p><b>ARANTV.AZ\u00a0<\/b>x\u0259b\u0259r verir ki, bu s\u00f6zl\u0259ri hakim partiyan\u0131n sayt\u0131na a\u00e7\u0131qlamas\u0131nda Milli M\u0259clisin \u0130ctimai birlikl\u0259r v\u0259 dini qurumlar\u00a0komit\u0259sinin s\u0259dri, YAP \u0130cra katibinin m\u00fcavini Siyavu\u015f Novruzov deyib.<\/p>\n<p><strong>YAP r\u0259smisi hesab edib ki, bununla yana\u015f\u0131, \u00f6lk\u0259mizd\u0259 h\u0259yata ke\u00e7iril\u0259n siyas\u0259tin m\u0259rk\u0259zind\u0259 v\u0259t\u0259nda\u015f amili dayan\u0131r:<\/strong><\/p>\n<p>&#8220;Y\u0259ni d\u00f6vl\u0259t \u00f6z v\u0259t\u0259nda\u015flar\u0131na x\u00fcsusi diqq\u0259t v\u0259 qay\u011f\u0131 g\u00f6st\u0259rir, q\u0259bul olunan b\u00fct\u00fcn q\u0259rarlarda v\u0259t\u0259nda\u015flar\u0131n m\u0259nafeyi \u0259sas g\u00f6t\u00fcr\u00fcl\u00fcr. Eyni zamanda, Az\u0259rbaycan d\u00f6vl\u0259ti \u00f6z v\u0259t\u0259nda\u015flar\u0131na qar\u015f\u0131 humanist m\u00f6vqe n\u00fcmayi\u015f etdirir, onlar\u0131n c\u0259miyy\u0259t daxilind\u0259 t\u0259hl\u00fck\u0259siz, \u0259min-amanl\u0131q \u015f\u0259raitind\u0259 ya\u015famas\u0131, \u00f6z imkan v\u0259 qabiliyy\u0259tl\u0259rind\u0259n s\u0259m\u0259r\u0259li istifad\u0259 etm\u0259l\u0259rini diqq\u0259t m\u0259rk\u0259zind\u0259 saxlay\u0131r. Bu bax\u0131mdan, azadl\u0131qdan m\u0259hrumetm\u0259 v\u0259 azadl\u0131\u011f\u0131n m\u0259hdudla\u015fd\u0131r\u0131lmas\u0131 c\u0259zas\u0131na m\u0259hkum edilmi\u015f \u015f\u0259xsl\u0259rin \u0259fv edilm\u0259si il\u0259 ba\u011fl\u0131 d\u00f6vl\u0259t ba\u015f\u00e7\u0131s\u0131 t\u0259r\u0259find\u0259n \u0259fv haqq\u0131nda s\u0259r\u0259ncamlar\u0131n imzalanmas\u0131, el\u0259c\u0259 d\u0259 amnistiya aktlar\u0131n\u0131n q\u0259bul olunmas\u0131 x\u00fcsusi \u0259h\u0259miyy\u0259t\u0259 malikdir. Bu, d\u00f6vl\u0259tin humanizm siyas\u0259tini v\u0259 \u00f6z v\u0259t\u0259nda\u015flar\u0131na m\u00fcnasib\u0259tini \u0259ks etdir\u0259n m\u00fch\u00fcm g\u00f6st\u0259ricil\u0259rd\u0259n biridir. Az\u0259rbaycanda m\u0259hkumlar\u0131n \u0259fv olunmas\u0131 h\u0259m \u00f6lk\u0259 Prezidentinin imzalad\u0131\u011f\u0131 F\u0259rman v\u0259 s\u0259r\u0259ncamlar, h\u0259m d\u0259 Milli M\u0259clisin q\u0259bul etdiyi amnistiya aktlar\u0131 \u0259sas\u0131nda h\u0259yata ke\u00e7irilir&#8221;.<\/p>\n<p><strong>Mill\u0259t v\u0259kili \u0259lav\u0259 edib ki, humanizm Az\u0259rbaycanda d\u00f6vl\u0259t siyas\u0259tinin m\u00fch\u00fcm t\u0259rkib hiss\u0259sidir:\u00a0<\/strong>&#8220;Bu siyas\u0259tin v\u0259 m\u00fcsb\u0259t \u0259n\u0259n\u0259nin t\u0259m\u0259li is\u0259 Az\u0259rbaycan xalq\u0131n\u0131n \u00dcmummilli lideri Heyd\u0259r \u018fliyev t\u0259r\u0259find\u0259n qoyulub. Ulu \u00f6nd\u0259r Heyd\u0259r \u018fliyev h\u0259r zaman humanizm &#8211; insanp\u0259rv\u0259rlik d\u0259y\u0259rl\u0259rin\u0259 b\u00f6y\u00fck \u00f6n\u0259m verib v\u0259 bunu \u00d6z f\u0259aliyy\u0259tind\u0259 daim n\u00fcmayi\u015f etdirib. \u00dcmummilli lider Heyd\u0259r \u018fliyev 1993-c\u00fc ild\u0259 xalq\u0131n t\u0259kidli t\u0259l\u0259bi il\u0259 hakimiyy\u0259t\u0259 g\u0259ldikd\u0259n sonra \u00f6l\u00fcm h\u00f6km\u00fcn\u0259 moratorium qoyub. O d\u00f6vrd\u0259n etibar\u0259n Az\u0259rbaycanda he\u00e7 kim\u0259 \u00f6l\u00fcm h\u00f6km\u00fc t\u0259tbiq olunmad\u0131 v\u0259 sonradan bu c\u0259za n\u00f6v\u00fc l\u0259\u011fv edildi. Bununla yana\u015f\u0131, \u00dcmummilli liderin \u00f6lk\u0259miz\u0259 r\u0259hb\u0259rliyi d\u00f6vr\u00fcnd\u0259 \u0259fv s\u0259r\u0259ncamlar\u0131 imzalan\u0131b, amnistiya aktlar\u0131 q\u0259bul edilib. \u00dcmumiyy\u0259tl\u0259, Az\u0259rbaycan\u0131n m\u00fcst\u0259qilliyini b\u0259rpa etdiyi 18 oktyabr 1991-ci ild\u0259n \u00dcmummilli lider Heyd\u0259r \u018fliyevin hakimiyy\u0259t\u0259 g\u0259ldiyi d\u00f6vr\u0259 q\u0259d\u0259r \u00f6lk\u0259mizd\u0259 amnistiya v\u0259 ya \u0259fv haqq\u0131nda h\u0259r hans\u0131 bir q\u0259rar v\u0259 s\u0259r\u0259ncam olmay\u0131b. \u018fksin\u0259, Prezident \u0130lham \u018fliyevin 16 mart tarixli \u201cM\u0259hkum edilmi\u015f bir s\u0131ra \u015f\u0259xsl\u0259rin \u0259fv olunmas\u0131 haqq\u0131nda\u201d S\u0259r\u0259ncam\u0131na k\u00f6lg\u0259 salma\u011fa \u00e7al\u0131\u015fan, o vaxt AXC-\u201cM\u00fcsavat\u201d c\u00fctl\u00fcy\u00fcn\u00fcn t\u0259rkibind\u0259 y\u00fcks\u0259k d\u00f6vl\u0259t v\u0259zif\u0259si tutmu\u015f \u018fli K\u0259rimli, el\u0259c\u0259 d\u0259 \u201cMilli \u015fura\u201dda yer alan dig\u0259r \u015f\u0259xsl\u0259r 1 illik hakimiyy\u0259t d\u00f6vrl\u0259ri m\u00fcdd\u0259tind\u0259 onlarla insan\u0131 \u00f6l\u00fcm h\u00f6km\u00fcn\u0259 m\u0259hkum etmi\u015fdil\u0259r v\u0259 h\u0259min h\u00f6kml\u0259r icra olunmu\u015fdu. M\u0259hz \u00dcmummilli liderin hakimiyy\u0259t\u0259 qay\u0131d\u0131\u015f\u0131ndan sonra 1996-c\u0131 ild\u0259n ba\u015flayaraq \u0259fv s\u0259r\u0259ncamlar\u0131 imzalan\u0131b, amnistiya haqq\u0131nda q\u0259rarlar q\u0259bul olunub. \u00dcmummilli lider Heyd\u0259r \u018fliyevin \u0259sas\u0131n\u0131 qoydu\u011fu bu siyas\u0259t haz\u0131rda Prezident \u0130lham \u018fliyev t\u0259r\u0259find\u0259n u\u011furla davam etdirilir. \u00d6z siyas\u0259tind\u0259 daim y\u00fcks\u0259k humanizm prinsipl\u0259rini r\u0259hb\u0259r tutan Prezident \u0130lham \u018fliyevin imzalad\u0131\u011f\u0131 \u0259fv s\u0259r\u0259ncamlar\u0131 v\u0259 f\u0259rmanlar\u0131n\u0131n icras\u0131 n\u0259tic\u0259sind\u0259 minl\u0259rl\u0259 m\u0259hkum \u00f6z azadl\u0131\u011f\u0131na qovu\u015fub v\u0259 ya c\u0259zalar\u0131 qanunvericiliy\u0259 uy\u011fun olaraq azald\u0131l\u0131b.<\/p>\n<p>Bu g\u00fcn\u0259 q\u0259d\u0259r \u00f6lk\u0259mizd\u0259 11 d\u0259f\u0259 amnistiya akt\u0131 q\u0259bul edilib, d\u00f6vl\u0259t ba\u015f\u00e7\u0131s\u0131 t\u0259r\u0259find\u0259n 70-\u0259 yax\u0131n \u0259fv F\u0259rman\u0131 v\u0259 S\u0259r\u0259ncam\u0131 imzalan\u0131b. N\u0259tic\u0259d\u0259 10 minl\u0259rl\u0259 insan azadl\u0131\u011f\u0131na qovu\u015fub. Sonuncu Amnistiya Akt\u0131 is\u0259 Az\u0259rbaycan Respublikas\u0131n\u0131n Birinci vitse-prezidenti Mehriban xan\u0131m \u018fliyevan\u0131n t\u0259\u015f\u0259bb\u00fcs\u00fc il\u0259 h\u0259yata ke\u00e7irilib. Bu Amnistiya Akt\u0131 10 mind\u0259n art\u0131q insana \u015famil olunub. Bu, Heyd\u0259r \u018fliyev siyas\u0259tinin humanist mahiyy\u0259tini \u0259ks etdir\u0259n bariz n\u00fcmun\u0259l\u0259rd\u0259n biridir. Y\u0259ni \u00f6l\u00fcm h\u00f6km\u00fcn\u00fcn aradan qald\u0131r\u0131lmas\u0131, \u0259fv s\u0259r\u0259ncamlar\u0131n\u0131n, amnistiya aktlar\u0131n\u0131n q\u0259bul olunmas\u0131 il\u0259 m\u0259hkumlar\u0131n yenid\u0259n azadl\u0131\u011fa qovu\u015fub c\u0259miyy\u0259t \u00fc\u00e7\u00fcn yararl\u0131 \u015f\u0259xsiyy\u0259t\u0259 \u00e7evrilm\u0259si imkan\u0131n\u0131n verilm\u0259si m\u0259hz Heyd\u0259r \u018fliyev siyas\u0259tinin apar\u0131c\u0131 istiqam\u0259tl\u0259rind\u0259n biridir. \u018ffv olunan v\u0259t\u0259nda\u015flar d\u00f6vl\u0259tin onlara olan inam v\u0259 etibar\u0131n\u0131 daim hiss edirl\u0259r, bu is\u0259 onlar\u0131 layiqli v\u0259t\u0259nda\u015f olma\u011fa h\u0259v\u0259sl\u0259ndirir. Y\u0259ni Az\u0259rbaycan ictimaiyy\u0259tinin n\u00fcmay\u0259nd\u0259l\u0259ri humanizm n\u00fcmun\u0259si olan bu add\u0131mlar\u0131 y\u00fcks\u0259k d\u0259y\u0259rl\u0259ndirirl\u0259r.<\/p>\n<p>\u015e\u00fcbh\u0259siz ki, \u00f6lk\u0259mizd\u0259 m\u00fct\u0259madi olaraq \u0259fv s\u0259r\u0259ncamlar\u0131n\u0131n imzalanmas\u0131, amnistiya aktlar\u0131n\u0131n q\u0259bul olunmas\u0131 d\u00f6vl\u0259tin \u00f6z v\u0259t\u0259nda\u015flar\u0131na verdiyi d\u0259y\u0259rin bariz n\u00fcmun\u0259sidir. Qeyd etdiyimiz kimi, indiy\u0259 q\u0259d\u0259r \u00f6lk\u0259mizd\u0259 70-\u0259 yax\u0131n \u0259fv S\u0259r\u0259ncam\u0131 imzalan\u0131b. \u00a0Mart\u0131n 16-da Az\u0259rbaycan Respublikas\u0131n\u0131n Prezidenti \u0130lham \u018fliyev t\u0259r\u0259find\u0259n imzalanan \u201cM\u0259hkum edilmi\u015f bir s\u0131ra \u015f\u0259xsl\u0259rin \u0259fv olunmas\u0131 haqq\u0131nda\u201d S\u0259r\u0259ncam da bu q\u0259bild\u0259n olan n\u00fcmun\u0259l\u0259rd\u0259ndir. S\u0259r\u0259ncama \u0259sas\u0259n, azadl\u0131qdan m\u0259hrum etm\u0259 c\u0259zas\u0131na m\u0259hkum olunmu\u015f 399 n\u0259f\u0259r c\u0259zas\u0131n\u0131n \u00e7\u0259kilm\u0259mi\u015f hiss\u0259sind\u0259n azad edilib. Bundan ba\u015fqa, \u00f6m\u00fcrl\u00fck azadl\u0131qdan m\u0259hrum etm\u0259 c\u0259zas\u0131na m\u0259hkum edilmi\u015f \u00fc\u00e7 n\u0259f\u0259rd\u0259n birinin c\u0259zas\u0131 25, iki n\u0259f\u0259rinki is\u0259 20 il m\u00fcdd\u0259t\u0259 azadl\u0131qdan m\u0259hrum etm\u0259 c\u0259zas\u0131 il\u0259 \u0259v\u0259zl\u0259nib. Azadl\u0131qdan m\u0259hrum etm\u0259 c\u0259zas\u0131na m\u0259hkum olunan v\u0259 c\u0259zas\u0131n\u0131n \u00e7\u0259kilm\u0259si t\u0259xir\u0259 sal\u0131nm\u0131\u015f bir n\u0259f\u0259r c\u0259zadan azad edilib. H\u0259m\u00e7inin azadl\u0131qdan m\u0259hrumetm\u0259 c\u0259zas\u0131na \u015f\u0259rti olaraq m\u0259hkum edilmi\u015f 11 n\u0259f\u0259r c\u0259zadan azad olunub. El\u0259c\u0259 d\u0259 azadl\u0131\u011f\u0131n m\u0259hdudla\u015fd\u0131r\u0131lmas\u0131 c\u0259zas\u0131na m\u0259hkum edilmi\u015f bir n\u0259f\u0259r c\u0259zas\u0131n\u0131n \u00e7\u0259kilm\u0259mi\u015f hiss\u0259sind\u0259n azad edilib. \u00dc\u00e7 n\u0259f\u0259r islah i\u015fl\u0259ri c\u0259zas\u0131ndan, bir n\u0259f\u0259r ictimai i\u015fl\u0259r c\u0259zas\u0131ndan, 12 n\u0259f\u0259r is\u0259 c\u0259rim\u0259 c\u0259zas\u0131ndan azad edilib&#8221;.<\/p>\n<p><strong>S.Novruzov deyib ki, b\u0259hs olunan \u0259fv S\u0259r\u0259ncam\u0131n\u0131n imzalanmas\u0131 h\u00fcquq m\u00fcdafi\u0259\u00e7il\u0259ri, ayr\u0131-ayr\u0131 d\u00f6vl\u0259tl\u0259r, beyn\u0259lxalq t\u0259\u015fkilatlar, h\u0259m\u00e7inin \u00f6lk\u0259mizd\u0259 milli maraqlara uy\u011fun f\u0259aliyy\u0259t g\u00f6st\u0259r\u0259n siyasi partiyalar, QHT-l\u0259r, K\u0130V-l\u0259r v\u0259 dig\u0259r ictimai t\u0259\u015fkilatlar, b\u00fct\u00f6vl\u00fckd\u0259 Az\u0259rbaycan ictimaiyy\u0259ti t\u0259r\u0259find\u0259n olduqca y\u00fcks\u0259k qiym\u0259tl\u0259ndirilir:<\/strong>\u00a0&#8220;\u018ffsuslar olsun ki, y\u00fcks\u0259k humanizmi, d\u00f6vl\u0259tin \u00f6z v\u0259t\u0259nda\u015flar\u0131na diqq\u0259t v\u0259 qay\u011f\u0131s\u0131n\u0131 \u0259ks etdir\u0259n \u0259fv S\u0259r\u0259ncam\u0131n\u0131n \u0259h\u0259miyy\u0259tini azaltma\u011fa, mahiyy\u0259tini t\u0259hrif etm\u0259y\u0259 \u00e7al\u0131\u015fan q\u00fcvv\u0259l\u0259r d\u0259 var. \u00dcmumiyy\u0259tl\u0259, Az\u0259rbaycanda h\u0259yata ke\u00e7iril\u0259n ard\u0131c\u0131l v\u0259 m\u0259qs\u0259dy\u00f6nl\u00fc islahatlar, \u00f6lk\u0259mizin beyn\u0259lxalq m\u00f6vqeyinin daha da m\u00f6hk\u0259ml\u0259nm\u0259si, el\u0259c\u0259 d\u0259 d\u00f6vl\u0259tin \u00f6z v\u0259t\u0259nda\u015flar\u0131na humanist m\u00fcnasib\u0259tini \u0259ks etdir\u0259n \u0259fv S\u0259r\u0259ncam\u0131n\u0131n imzalanmas\u0131 ilk n\u00f6vb\u0259d\u0259 \u00f6lk\u0259mizin h\u00fcdudlar\u0131ndan k\u0259narda olan q\u00fcvv\u0259l\u0259ri \u2013 erm\u0259nip\u0259r\u0259st dair\u0259l\u0259ri ciddi \u015f\u0259kild\u0259 narahat edir. H\u0259m xaricd\u0259ki \u201csap\u0131 \u00f6z\u00fcm\u00fczd\u0259n olan baltalar\u201d, h\u0259m d\u0259 \u00f6lk\u0259mizd\u0259ki \u201cbe\u015finci kolon\u201d n\u00fcmay\u0259nd\u0259l\u0259ri s\u00f6z\u00fcged\u0259n \u0259fv S\u0259r\u0259ncam\u0131n\u0131n guya hans\u0131sa xarici q\u00fcvv\u0259l\u0259rin t\u0259zyiqi n\u0259tic\u0259sind\u0259 imzaland\u0131\u011f\u0131n\u0131 iddia etm\u0259kl\u0259 ictimai r\u0259yi \u00e7a\u015fd\u0131rma\u011fa \u00e7al\u0131\u015f\u0131rlar. Halbuki el\u0259 bu fikiri dey\u0259nl\u0259rin \u00f6zl\u0259ri, yax\u0131nlar\u0131-qohumlar\u0131 c\u0259nab Prezident \u0130lham \u018fliyev\u0259, h\u00fcquq m\u00fcdafi\u0259\u00e7il\u0259rin\u0259, m\u00fcraci\u0259t ed\u0259r\u0259k t\u00f6r\u0259tdikl\u0259ri \u0259m\u0259ld\u0259n pe\u015fiman olduqlar\u0131n\u0131, azadl\u0131\u011fa \u00e7\u0131xmaq ist\u0259dikl\u0259rini d\u0259f\u0259l\u0259rl\u0259 bildirmi\u015fdil\u0259r.<\/p>\n<p>Maraql\u0131 bir m\u0259qam ondan ibar\u0259tdir ki, vaxtil\u0259 \u00f6z \u00e7\u0131x\u0131\u015flar\u0131nda AB\u015e-\u0131, \u00fcmumilikd\u0259 Q\u0259rb \u00f6lk\u0259l\u0259rini erm\u0259ni lobbisi il\u0259 i\u015f birliyi quraraq Az\u0259rbaycan m\u00fcxalif\u0259tini maliyy\u0259l\u0259\u015fdirm\u0259kd\u0259 ittiham ed\u0259nl\u0259r bu g\u00fcn onlar\u0131n demokratiyaya v\u0259 insan h\u00fcquqlar\u0131na verdiyi d\u0259y\u0259rd\u0259n a\u011f\u0131z dolusu dan\u0131\u015f\u0131rlar. 1993-2005-ci ill\u0259r aras\u0131nda r\u0259hb\u0259rlik etdiyi qrumdan y\u00fczl\u0259rl\u0259 i\u015f\u00e7ini he\u00e7 bir \u0259sas olmadan i\u015fd\u0259n \u00e7\u0131xardan, \u0259ll\u0259rind\u0259 yerli v\u0259 Avropa \u0130nsan H\u00fcquqlar\u0131 M\u0259hk\u0259m\u0259sinin q\u0259rarlar\u0131 olmas\u0131na baxmayaraq i\u015f yerin\u0259 b\u0259rpa etm\u0259y\u0259n, nazirlikd\u0259 \u0259n s\u0259rt despotik- avtoritar rejim yaratm\u0131\u015f b\u0259zil\u0259ri bu g\u00fcn demokrat imic formala\u015fd\u0131rmaq \u00fc\u00e7\u00fcn d\u0259rid\u0259n-qab\u0131qdan \u00e7\u0131x\u0131rlar. M\u00fcxalif\u0259t liderl\u0259rini \u201cgenetik x\u0259st\u0259\u201d, \u201c\u00f6vladlar\u0131 \u00fc\u00e7\u00fcn x\u0259cal\u0259t m\u0259nb\u0259yi\u201d adland\u0131ran, K\u0130V n\u00fcmay\u0259nd\u0259l\u0259rin\u0259 \u0259n t\u0259hqiramiz formada h\u0259qar\u0259t ed\u0259n \u015f\u0259xsl\u0259r bu g\u00fcn qap\u0131lar\u0131n\u0131n m\u0259tbuata a\u00e7\u0131q oldu\u011funu elan edir. Q\u0259rib\u0259 i\u015fl\u0259r ba\u015f verir.\u00a0G\u00f6r\u00fcn\u00fcr Az\u0259rbaycan penitensiar \u00a0xidm\u0259ti i\u015fini el\u0259 qurub ki, sanki m\u00f6c\u00fcz\u0259 ba\u015f verir &#8211; \u00a0ora avtoritar d\u00fc\u015f\u0259n m\u0259l\u0259k cildin\u0259 b\u00fcr\u00fcn\u00fcb demokrat kimi \u00e7\u0131x\u0131r.<\/p>\n<p>Dig\u0259r t\u0259r\u0259fd\u0259n, radikal \u2013 antimilli \u00fcns\u00fcrl\u0259r Az\u0259rbaycanda geni\u015fmiqyasl\u0131 islahatlar\u0131n, v\u0259t\u0259nda\u015flar\u0131n m\u0259nafeyin\u0259 xidm\u0259t ed\u0259n t\u0259dbirl\u0259rin guya m\u0259hz \u00f6z \u201cmitinq\u201dl\u0259rinin n\u0259tic\u0259sind\u0259 h\u0259yata ke\u00e7irildiyini iddia edirl\u0259r. Onlar bununla \u00f6lk\u0259mizin inki\u015faf\u0131n\u0131n, realla\u015fd\u0131r\u0131lan t\u0259dbirl\u0259rin, el\u0259c\u0259 d\u0259 \u0259fv \u00a0S\u0259r\u0259ncam\u0131n\u0131n \u00fcz\u0259rin\u0259 k\u00f6lg\u0259 salma\u011fa \u00e7al\u0131\u015f\u0131rlar. Radikal \u00fcns\u00fcrl\u0259r, \u0259slind\u0259, q\u0259r\u0259zli \u015f\u0259kild\u0259 \u201csiyasi m\u0259hbus\u201d olaraq q\u0259l\u0259m\u0259 verdikl\u0259ri \u015f\u0259xsl\u0259rin \u0259fv olunmas\u0131n\u0131 ist\u0259mirl\u0259r, \u00e7\u00fcnki onlar\u0131n m\u0259qs\u0259di h\u0259min \u015f\u0259xsl\u0259rin h\u0259bsd\u0259 qalmas\u0131 v\u0259 bu \u015f\u0259xsl\u0259rin ad\u0131ndan sui-istifad\u0259 etm\u0259kdir. Az\u0259rbaycan xalq\u0131 b\u00fct\u00fcn bunlar\u0131 g\u00f6r\u00fcr, bu radikal \u2013 antimilli \u00fcns\u00fcrl\u0259rin anti-Az\u0259rbaycan v\u0259 erm\u0259nip\u0259r\u0259st dair\u0259l\u0259r\u0259 xidm\u0259t etdikl\u0259rini, milli maraqlara zidd m\u00f6vqed\u0259 durduqlar\u0131n\u0131 yax\u015f\u0131 bilir. O s\u0259b\u0259bd\u0259n bu marginal qruplar\u0131n sosial bazas\u0131 yoxdur, onlar xalq t\u0259r\u0259find\u0259n d\u0259st\u0259kl\u0259nmir.<\/p>\n<p>B\u00fct\u00f6vl\u00fckd\u0259, \u0259fv S\u0259r\u0259ncam\u0131n\u0131n imzalanmas\u0131 y\u00fcks\u0259k humanizm n\u00fcmun\u0259si olmaqla yana\u015f\u0131, d\u00f6vl\u0259tin \u00f6z v\u0259t\u0259nda\u015flar\u0131na verdiyi d\u0259y\u0259rin ifad\u0259sidir. Y\u00fczl\u0259rl\u0259 ail\u0259nin, minl\u0259rl\u0259 insan\u0131n sevincin\u0259 s\u0259b\u0259b olan bu S\u0259r\u0259ncam\u0131n imzalanmas\u0131na g\u00f6r\u0259 Az\u0259rbaycan Respublikas\u0131n\u0131n Prezidenti c\u0259nab \u0130lham \u018fliyev\u0259 t\u0259\u015f\u0259kk\u00fcr edir, sonsuz minn\u0259tdarl\u0131\u011f\u0131m\u0131z\u0131 bildiririk. Bu, Ulu \u00f6nd\u0259r Heyd\u0259r \u018fliyevin layiqli davam\u00e7\u0131s\u0131 olan Prezident \u0130lham \u018fliyevin r\u0259hb\u0259rliyi il\u0259 h\u0259yata ke\u00e7iril\u0259n siyas\u0259tin m\u0259rk\u0259zind\u0259 insan amilinin dayand\u0131\u011f\u0131n\u0131, bu siyas\u0259tin humanizm\u0259 v\u0259 \u0259dal\u0259t\u0259 s\u00f6yk\u0259ndiyini g\u00f6st\u0259rir&#8221;.\u00a0Unikal.org<\/p>\n","protected":false},"excerpt":{"rendered":"<p>&#8220;H\u00fcquqi v\u0259 demokratik d\u00f6vl\u0259t olan Az\u0259rbaycanda insan v\u0259 v\u0259t\u0259nda\u015f h\u00fcquq v\u0259 azadl\u0131qlar\u0131 y\u00fcks\u0259k s\u0259viyy\u0259d\u0259 t\u0259min olunub&#8221;. ARANTV.AZ\u00a0x\u0259b\u0259r verir ki, bu s\u00f6zl\u0259ri hakim partiyan\u0131n sayt\u0131na a\u00e7\u0131qlamas\u0131nda Milli M\u0259clisin \u0130ctimai birlikl\u0259r v\u0259 dini qurumlar\u00a0komit\u0259sinin s\u0259dri, YAP \u0130cra katibinin m\u00fcavini Siyavu\u015f Novruzov deyib. YAP r\u0259smisi hesab edib ki, bununla yana\u015f\u0131, \u00f6lk\u0259mizd\u0259 h\u0259yata ke\u00e7iril\u0259n siyas\u0259tin m\u0259rk\u0259zind\u0259 v\u0259t\u0259nda\u015f amili dayan\u0131r: &#8220;Y\u0259ni d\u00f6vl\u0259t \u00f6z v\u0259t\u0259nda\u015flar\u0131na x\u00fcsusi diqq\u0259t v\u0259 qay\u011f\u0131 g\u00f6st\u0259rir, q\u0259bul olunan b\u00fct\u00fcn q\u0259rarlarda v\u0259t\u0259nda\u015flar\u0131n m\u0259nafeyi \u0259sas g\u00f6t\u00fcr\u00fcl\u00fcr. Eyni zamanda, Az\u0259rbaycan d\u00f6vl\u0259ti \u00f6z v\u0259t\u0259nda\u015flar\u0131na qar\u015f\u0131 humanist m\u00f6vqe n\u00fcmayi\u015f etdirir, onlar\u0131n c\u0259miyy\u0259t daxilind\u0259 t\u0259hl\u00fck\u0259siz, \u0259min-amanl\u0131q \u015f\u0259raitind\u0259 ya\u015famas\u0131,&hellip;<\/p>\n","protected":false},"author":2,"featured_media":46224,"comment_status":"closed","ping_status":"closed","sticky":false,"template":"","format":"standard","meta":{"om_disable_all_campaigns":false,"_monsterinsights_skip_tracking":false,"_monsterinsights_sitenote_active":false,"_monsterinsights_sitenote_note":"","_monsterinsights_sitenote_category":0},"categories":[19],"tags":[],"aioseo_notices":[],"gutentor_comment":0,"rttpg_featured_image_url":{"full":["https:\/\/arantv.az\/wp-content\/uploads\/2019\/03\/1549348676.Siyavu\u015f-Novruzov-0099sn.jpg",600,400,false],"landscape":["https:\/\/arantv.az\/wp-content\/uploads\/2019\/03\/1549348676.Siyavu\u015f-Novruzov-0099sn.jpg",600,400,false],"portraits":["https:\/\/arantv.az\/wp-content\/uploads\/2019\/03\/1549348676.Siyavu\u015f-Novruzov-0099sn.jpg",600,400,false],"thumbnail":["https:\/\/arantv.az\/wp-content\/uploads\/2019\/03\/1549348676.Siyavu\u015f-Novruzov-0099sn-150x150.jpg",150,150,true],"medium":["https:\/\/arantv.az\/wp-content\/uploads\/2019\/03\/1549348676.Siyavu\u015f-Novruzov-0099sn-300x200.jpg",300,200,true],"large":["https:\/\/arantv.az\/wp-content\/uploads\/2019\/03\/1549348676.Siyavu\u015f-Novruzov-0099sn.jpg",600,400,false],"1536x1536":["https:\/\/arantv.az\/wp-content\/uploads\/2019\/03\/1549348676.Siyavu\u015f-Novruzov-0099sn.jpg",600,400,false],"2048x2048":["https:\/\/arantv.az\/wp-content\/uploads\/2019\/03\/1549348676.Siyavu\u015f-Novruzov-0099sn.jpg",600,400,false],"post-thumbnail":["https:\/\/arantv.az\/wp-content\/uploads\/2019\/03\/1549348676.Siyavu\u015f-Novruzov-0099sn-240x172.jpg",240,172,true],"advps-thumb-one":["https:\/\/arantv.az\/wp-content\/uploads\/2019\/03\/1549348676.Siyavu\u015f-Novruzov-0099sn.jpg",600,400,false]},"rttpg_author":{"display_name":"V\u00fcsal Rafiqo\u011flu","author_link":"https:\/\/arantv.az\/?author=2"},"rttpg_comment":0,"rttpg_category":"<a href=\"https:\/\/arantv.az\/?cat=19\" rel=\"category\">G\u00fcnd\u0259m<\/a>","rttpg_excerpt":"&#8220;H\u00fcquqi v\u0259 demokratik d\u00f6vl\u0259t olan Az\u0259rbaycanda insan v\u0259 v\u0259t\u0259nda\u015f h\u00fcquq v\u0259 azadl\u0131qlar\u0131 y\u00fcks\u0259k s\u0259viyy\u0259d\u0259 t\u0259min olunub&#8221;. ARANTV.AZ\u00a0x\u0259b\u0259r verir ki, bu s\u00f6zl\u0259ri hakim partiyan\u0131n sayt\u0131na a\u00e7\u0131qlamas\u0131nda Milli M\u0259clisin \u0130ctimai birlikl\u0259r v\u0259 dini qurumlar\u00a0komit\u0259sinin s\u0259dri, YAP \u0130cra katibinin m\u00fcavini Siyavu\u015f Novruzov deyib. YAP r\u0259smisi hesab edib ki, bununla yana\u015f\u0131, \u00f6lk\u0259mizd\u0259 h\u0259yata ke\u00e7iril\u0259n siyas\u0259tin m\u0259rk\u0259zind\u0259 v\u0259t\u0259nda\u015f amili dayan\u0131r:&hellip;","_links":{"self":[{"href":"https:\/\/arantv.az\/index.php?rest_route=\/wp\/v2\/posts\/46223"}],"collection":[{"href":"https:\/\/arantv.az\/index.php?rest_route=\/wp\/v2\/posts"}],"about":[{"href":"https:\/\/arantv.az\/index.php?rest_route=\/wp\/v2\/types\/post"}],"author":[{"embeddable":true,"href":"https:\/\/arantv.az\/index.php?rest_route=\/wp\/v2\/users\/2"}],"replies":[{"embeddable":true,"href":"https:\/\/arantv.az\/index.php?rest_route=%2Fwp%2Fv2%2Fcomments&post=46223"}],"version-history":[{"count":0,"href":"https:\/\/arantv.az\/index.php?rest_route=\/wp\/v2\/posts\/46223\/revisions"}],"wp:featuredmedia":[{"embeddable":true,"href":"https:\/\/arantv.az\/index.php?rest_route=\/wp\/v2\/media\/46224"}],"wp:attachment":[{"href":"https:\/\/arantv.az\/index.php?rest_route=%2Fwp%2Fv2%2Fmedia&parent=46223"}],"wp:term":[{"taxonomy":"category","embeddable":true,"href":"https:\/\/arantv.az\/index.php?rest_route=%2Fwp%2Fv2%2Fcategories&post=46223"},{"taxonomy":"post_tag","embeddable":true,"href":"https:\/\/arantv.az\/index.php?rest_route=%2Fwp%2Fv2%2Ftags&post=46223"}],"curies":[{"name":"wp","href":"https:\/\/api.w.org\/{rel}","templated":true}]}}