{"id":46226,"date":"2019-03-18T16:11:32","date_gmt":"2019-03-18T13:11:32","guid":{"rendered":"http:\/\/arantv.az\/?p=46226"},"modified":"2019-03-18T16:11:32","modified_gmt":"2019-03-18T13:11:32","slug":"ozund%c9%99n-8-yas-kicik-sevgilisini-oteld%c9%99-oldurdu-bakida-32-yasli-qadindan-d%c9%99hs%c9%99tli-%c9%99m%c9%99l","status":"publish","type":"post","link":"https:\/\/arantv.az\/?p=46226","title":{"rendered":"\u00d6z\u00fcnd\u0259n 8 ya\u015f ki\u00e7ik sevgilisini oteld\u0259 \u00d6LD\u00dcRD\u00dc &#8211; Bak\u0131da 32 ya\u015fl\u0131 qad\u0131ndan d\u0259h\u015f\u0259tli \u0259m\u0259l"},"content":{"rendered":"<p>Bu g\u00fcn Bak\u0131 A\u011f\u0131r Cinay\u0259tl\u0259r M\u0259hk\u0259m\u0259sind\u0259 Bin\u0259q\u0259di rayonunda \u00f6z\u00fcnd\u0259n 8 ya\u015f ki\u00e7ik sevgilisini \u00f6ld\u00fcrm\u0259kd\u0259 t\u0259qsirl\u0259ndiril\u0259n 1987-ci il t\u0259v\u0259ll\u00fcdl\u00fc G\u00fcnel H\u00fcseynovan\u0131n cinay\u0259t i\u015fi \u00fczr\u0259 m\u0259hk\u0259m\u0259 iclas\u0131 ba\u015fa \u00e7at\u0131b.<\/p>\n<p><b>ARANTV.AZ\u00a0<\/b>olke.az-a istinad\u0259n x\u0259b\u0259r verir ki, hakim \u018ffqan Hac\u0131yevin s\u0259drliyi il\u0259 ke\u00e7iril\u0259n prosesd\u0259 h\u00f6km oxunub.<\/p>\n<p>M\u0259hk\u0259m\u0259nin h\u00f6km\u00fc il\u0259 G.H\u00fcseyova 15 il 6 ay m\u00fcdd\u0259tin\u0259 azadl\u0131qdan m\u0259hrum edilib.<\/p>\n<div id=\"AdributorNativeVideo0\" class=\"AdributorNativeVideo\"><\/div>\n<p>Xat\u0131rladaq ki, prokuror \u00e7\u0131x\u0131\u015f\u0131nda onun 17 il m\u00fcdd\u0259tin\u0259 azadl\u0131qdan m\u0259hrum edilm\u0259sini ist\u0259mi\u015fdi.<br \/>\n<ins><\/ins><\/p>\n<div id=\"beacon_3cdcd687ab\"><img loading=\"lazy\" src=\"https:\/\/ads2.newmedia.az\/www\/delivery\/lg.php?bannerid=0&amp;campaignid=0&amp;zoneid=975&amp;loc=https%3A%2F%2Fbig.az%2F348134-bakireliyini_pozan_sevgilisini_cinsi_elaqede_olduqdan_sonra_oldurdu_-_bakida.html&amp;referer=https%3A%2F%2Fbig.az%2F&amp;cb=3cdcd687ab\" alt=\"\" width=\"0\" height=\"0\" \/><\/div>\n<p>Qeyd ed\u0259k ki, q\u0259tl hadis\u0259si \u00f6t\u0259n il iyunun 25-d\u0259 gec\u0259 saatlar\u0131nda Bin\u0259q\u0259di rayonu, \u018fc\u0259mi Nax\u00e7\u0131vani k\u00fc\u00e7\u0259sind\u0259 yerl\u0259\u015f\u0259n \u201cQrand\u201d oteld\u0259 ba\u015f verib. H\u0259min \u0259razid\u0259 Sabun\u00e7u rayon sakini G.H\u00fcseynova sevgilisi, 1993-c\u00fc il t\u0259v\u0259ll\u00fcdl\u00fc V\u00fcqar Ataki\u015fiyev il\u0259 otelin ikinci m\u0259rt\u0259b\u0259sind\u0259ki ota\u011f\u0131 kiray\u0259l\u0259yib. Oteld\u0259 gec\u0259l\u0259y\u0259n zaman t\u0259r\u0259fl\u0259r aras\u0131nda m\u00fcbahis\u0259 d\u00fc\u015f\u00fcb.<\/p>\n<p>Bu zaman qad\u0131n b\u0131\u00e7aqla o\u011flan\u0131n bo\u011faz\u0131na, ard\u0131nca is\u0259 qoltuq nahiy\u0259sin\u0259 bir ne\u00e7\u0259 z\u0259rb\u0259 vurub. V.Ataki\u015fiyev bo\u011faz\u0131ndan d\u0259y\u0259n z\u0259rb\u0259d\u0259n sonra hu\u015funu itir\u0259r\u0259k yer\u0259 y\u0131x\u0131l\u0131b v\u0259 hadis\u0259 yerind\u0259 ke\u00e7inib.<\/p>\n<p>G.H\u00fcseynovan\u0131n V.Ataki\u015fiyevl\u0259 bir ne\u00e7\u0259 il sevgi m\u00fcnasib\u0259tl\u0259ri olub. Qad\u0131n sevgilisini namus \u00fcst\u00fcnd\u0259 \u00f6ld\u00fcr\u00fcb.<\/p>\n<p>&nbsp;<\/p>\n","protected":false},"excerpt":{"rendered":"<p>Bu g\u00fcn Bak\u0131 A\u011f\u0131r Cinay\u0259tl\u0259r M\u0259hk\u0259m\u0259sind\u0259 Bin\u0259q\u0259di rayonunda \u00f6z\u00fcnd\u0259n 8 ya\u015f ki\u00e7ik sevgilisini \u00f6ld\u00fcrm\u0259kd\u0259 t\u0259qsirl\u0259ndiril\u0259n 1987-ci il t\u0259v\u0259ll\u00fcdl\u00fc G\u00fcnel H\u00fcseynovan\u0131n cinay\u0259t i\u015fi \u00fczr\u0259 m\u0259hk\u0259m\u0259 iclas\u0131 ba\u015fa \u00e7at\u0131b. ARANTV.AZ\u00a0olke.az-a istinad\u0259n x\u0259b\u0259r verir ki, hakim \u018ffqan Hac\u0131yevin s\u0259drliyi il\u0259 ke\u00e7iril\u0259n prosesd\u0259 h\u00f6km oxunub. M\u0259hk\u0259m\u0259nin h\u00f6km\u00fc il\u0259 G.H\u00fcseyova 15 il 6 ay m\u00fcdd\u0259tin\u0259 azadl\u0131qdan m\u0259hrum edilib. Xat\u0131rladaq ki, prokuror \u00e7\u0131x\u0131\u015f\u0131nda onun 17 il m\u00fcdd\u0259tin\u0259 azadl\u0131qdan m\u0259hrum edilm\u0259sini ist\u0259mi\u015fdi. Qeyd ed\u0259k ki, q\u0259tl hadis\u0259si \u00f6t\u0259n il iyunun 25-d\u0259 gec\u0259 saatlar\u0131nda Bin\u0259q\u0259di rayonu, \u018fc\u0259mi Nax\u00e7\u0131vani k\u00fc\u00e7\u0259sind\u0259 yerl\u0259\u015f\u0259n \u201cQrand\u201d oteld\u0259 ba\u015f verib. H\u0259min \u0259razid\u0259 Sabun\u00e7u rayon&hellip;<\/p>\n","protected":false},"author":2,"featured_media":46227,"comment_status":"closed","ping_status":"closed","sticky":false,"template":"","format":"standard","meta":{"om_disable_all_campaigns":false,"_monsterinsights_skip_tracking":false,"_monsterinsights_sitenote_active":false,"_monsterinsights_sitenote_note":"","_monsterinsights_sitenote_category":0},"categories":[3],"tags":[],"aioseo_notices":[],"gutentor_comment":0,"rttpg_featured_image_url":{"full":["https:\/\/arantv.az\/wp-content\/uploads\/2019\/03\/maxresdefault_81549968859.jpg",637,400,false],"landscape":["https:\/\/arantv.az\/wp-content\/uploads\/2019\/03\/maxresdefault_81549968859.jpg",637,400,false],"portraits":["https:\/\/arantv.az\/wp-content\/uploads\/2019\/03\/maxresdefault_81549968859.jpg",637,400,false],"thumbnail":["https:\/\/arantv.az\/wp-content\/uploads\/2019\/03\/maxresdefault_81549968859-150x150.jpg",150,150,true],"medium":["https:\/\/arantv.az\/wp-content\/uploads\/2019\/03\/maxresdefault_81549968859-300x188.jpg",300,188,true],"large":["https:\/\/arantv.az\/wp-content\/uploads\/2019\/03\/maxresdefault_81549968859.jpg",637,400,false],"1536x1536":["https:\/\/arantv.az\/wp-content\/uploads\/2019\/03\/maxresdefault_81549968859.jpg",637,400,false],"2048x2048":["https:\/\/arantv.az\/wp-content\/uploads\/2019\/03\/maxresdefault_81549968859.jpg",637,400,false],"post-thumbnail":["https:\/\/arantv.az\/wp-content\/uploads\/2019\/03\/maxresdefault_81549968859-240x172.jpg",240,172,true],"advps-thumb-one":["https:\/\/arantv.az\/wp-content\/uploads\/2019\/03\/maxresdefault_81549968859.jpg",637,400,false]},"rttpg_author":{"display_name":"V\u00fcsal Rafiqo\u011flu","author_link":"https:\/\/arantv.az\/?author=2"},"rttpg_comment":0,"rttpg_category":"<a href=\"https:\/\/arantv.az\/?cat=3\" rel=\"category\">Kriminal<\/a>","rttpg_excerpt":"Bu g\u00fcn Bak\u0131 A\u011f\u0131r Cinay\u0259tl\u0259r M\u0259hk\u0259m\u0259sind\u0259 Bin\u0259q\u0259di rayonunda \u00f6z\u00fcnd\u0259n 8 ya\u015f ki\u00e7ik sevgilisini \u00f6ld\u00fcrm\u0259kd\u0259 t\u0259qsirl\u0259ndiril\u0259n 1987-ci il t\u0259v\u0259ll\u00fcdl\u00fc G\u00fcnel H\u00fcseynovan\u0131n cinay\u0259t i\u015fi \u00fczr\u0259 m\u0259hk\u0259m\u0259 iclas\u0131 ba\u015fa \u00e7at\u0131b. ARANTV.AZ\u00a0olke.az-a istinad\u0259n x\u0259b\u0259r verir ki, hakim \u018ffqan Hac\u0131yevin s\u0259drliyi il\u0259 ke\u00e7iril\u0259n prosesd\u0259 h\u00f6km oxunub. M\u0259hk\u0259m\u0259nin h\u00f6km\u00fc il\u0259 G.H\u00fcseyova 15 il 6 ay m\u00fcdd\u0259tin\u0259 azadl\u0131qdan m\u0259hrum edilib. Xat\u0131rladaq ki,&hellip;","_links":{"self":[{"href":"https:\/\/arantv.az\/index.php?rest_route=\/wp\/v2\/posts\/46226"}],"collection":[{"href":"https:\/\/arantv.az\/index.php?rest_route=\/wp\/v2\/posts"}],"about":[{"href":"https:\/\/arantv.az\/index.php?rest_route=\/wp\/v2\/types\/post"}],"author":[{"embeddable":true,"href":"https:\/\/arantv.az\/index.php?rest_route=\/wp\/v2\/users\/2"}],"replies":[{"embeddable":true,"href":"https:\/\/arantv.az\/index.php?rest_route=%2Fwp%2Fv2%2Fcomments&post=46226"}],"version-history":[{"count":0,"href":"https:\/\/arantv.az\/index.php?rest_route=\/wp\/v2\/posts\/46226\/revisions"}],"wp:featuredmedia":[{"embeddable":true,"href":"https:\/\/arantv.az\/index.php?rest_route=\/wp\/v2\/media\/46227"}],"wp:attachment":[{"href":"https:\/\/arantv.az\/index.php?rest_route=%2Fwp%2Fv2%2Fmedia&parent=46226"}],"wp:term":[{"taxonomy":"category","embeddable":true,"href":"https:\/\/arantv.az\/index.php?rest_route=%2Fwp%2Fv2%2Fcategories&post=46226"},{"taxonomy":"post_tag","embeddable":true,"href":"https:\/\/arantv.az\/index.php?rest_route=%2Fwp%2Fv2%2Ftags&post=46226"}],"curies":[{"name":"wp","href":"https:\/\/api.w.org\/{rel}","templated":true}]}}