{"id":46284,"date":"2019-03-19T08:50:07","date_gmt":"2019-03-19T05:50:07","guid":{"rendered":"http:\/\/arantv.az\/?p=46284"},"modified":"2019-03-19T08:50:07","modified_gmt":"2019-03-19T05:50:07","slug":"baki-gec%c9%99si-qan-canagina-dondu-uc-bicaqlanma-video","status":"publish","type":"post","link":"https:\/\/arantv.az\/?p=46284","title":{"rendered":"Bak\u0131 gec\u0259si \u201cqan \u00e7ana\u011f\u0131\u201dna d\u00f6nd\u00fc: \u00fc\u00e7 b\u0131\u00e7aqlanma &#8211; V\u0130DEO"},"content":{"rendered":"<p>Gec\u0259 saatlar\u0131nda paytaxt\u0131n N\u0259simi rayonu, X\u0259tai k\u00fc\u00e7\u0259si 10-da b\u0131\u00e7aqlanma hadis\u0259si ba\u015f verib.<\/p>\n<p><strong>ARANTV.AZ<\/strong>-\u0131n m\u0259lumat\u0131na g\u00f6r\u0259, 1967-ci il t\u0259v\u0259ll\u00fcdl\u00fc F\u0259r\u0259cov May\u0131l \u00c7ingiz o\u011flu \u015f\u0259xsiyy\u0259ti h\u0259l\u0259lik m\u0259lum olmayan qohumu t\u0259r\u0259find\u0259n b\u0131\u00e7aqlan\u0131b.<\/p>\n<p>Yaral\u0131 1 sayl\u0131 \u015e\u0259h\u0259r Klinik M\u0259rk\u0259z\u0259 \u00e7atd\u0131r\u0131l\u0131b. Ona sa\u011f k\u00fcr\u0259k nahiy\u0259sinin k\u0259silmi\u015f de\u015filmi\u015f yaras\u0131 diaqnozu qoyulub. D\u0259rhal \u0259m\u0259liyyata al\u0131n\u0131b. Haz\u0131rda v\u0259ziyy\u0259ti q\u0259na\u0259tb\u0259x\u015fdir.<\/p>\n<div id=\"AdributorNativeVideo0\" class=\"AdributorNativeVideo\"><\/div>\n<p>Analoji hadis\u0259 paytaxt\u0131n Bil\u0259c\u0259ri q\u0259s\u0259b\u0259si As\u0259f Zeynall\u0131 2 \u00fcnvan\u0131nda ba\u015f verib.<\/p>\n<p>1995-ci il t\u0259v\u0259ll\u00fcdl\u00fc Mirbalazad\u0259 Mira\u011fa Mirbala o\u011flu \u015f\u0259xsiyy\u0259ti h\u0259l\u0259lik m\u0259lum olmayan \u015f\u0259xs t\u0259r\u0259find\u0259n b\u0131\u00e7aqlan\u0131b.<\/p>\n<p>T\u0259cili 1 sayl\u0131 \u015e\u0259h\u0259r Klinik M\u0259rk\u0259z\u0259 yerl\u0259\u015fdirilib. Ona, d\u00f6\u015f q\u0259f\u0259sinin de\u015filmi\u015f k\u0259silmi\u015f yaras\u0131 diaqnozu qoyulub. D\u0259rhal \u0259m\u0259liyyata al\u0131n\u0131b. Haz\u0131rki v\u0259ziyy\u0259ti orta a\u011f\u0131rd\u0131r.<\/p>\n<p>Gec\u0259nin \u00fc\u00e7\u00fcnc\u00fc b\u0131\u00e7aqlanma hadis\u0259si is\u0259 M\u00fc\u015ffiq q\u0259s\u0259b\u0259sind\u0259 ba\u015f verib.<\/p>\n<p>1985-ci il t\u0259v\u0259ll\u00fcdl\u00fc A\u011fayev R\u0259\u015fid F\u0259rman o\u011flu \u015f\u0259xsiyy\u0259ti h\u0259l\u0259lik m\u0259lum olmayan \u015f\u0259xs t\u0259r\u0259find\u0259n b\u0131\u00e7aqlan\u0131b. O, 1 sayl\u0131 \u015e\u0259h\u0259r Klinik M\u0259rk\u0259z\u0259 \u00e7atd\u0131r\u0131l\u0131b.<\/p>\n<p>Qeyd ed\u0259k ki, A\u011fayev R\u0259\u015fid taksi s\u00fcr\u00fcc\u00fcs\u00fc kimi f\u0259aliyy\u0259t g\u00f6st\u0259rir. Onu b\u0131\u00e7aqlayan \u015f\u0259xs d\u0259 s\u0259rni\u015fini olub.<\/p>\n<p>H\u0259r \u00fc\u00e7 hadis\u0259nin hans\u0131 s\u0259b\u0259bd\u0259n ba\u015f verm\u0259si h\u0259l\u0259lik m\u0259lum deyil.<\/p>\n<p>Faktla ba\u011fl\u0131 ara\u015fd\u0131rmalar apar\u0131l\u0131r.<\/p>\n<div><iframe loading=\"lazy\" src=\"https:\/\/player.baku.tv\/embed\/7382?fbclid=IwAR0NJ4qCDNwp6OESrto4txar6atRnkQfMsnOPwme2xUzvhRN_RtxfP6l-bI\" width=\"560\" height=\"315\" frameborder=\"0\" allowfullscreen=\"allowfullscreen\" data-mce-fragment=\"1\"><\/iframe><\/div>\n<p><b>oxu.az<\/b><\/p>\n","protected":false},"excerpt":{"rendered":"<p>Gec\u0259 saatlar\u0131nda paytaxt\u0131n N\u0259simi rayonu, X\u0259tai k\u00fc\u00e7\u0259si 10-da b\u0131\u00e7aqlanma hadis\u0259si ba\u015f verib. ARANTV.AZ-\u0131n m\u0259lumat\u0131na g\u00f6r\u0259, 1967-ci il t\u0259v\u0259ll\u00fcdl\u00fc F\u0259r\u0259cov May\u0131l \u00c7ingiz o\u011flu \u015f\u0259xsiyy\u0259ti h\u0259l\u0259lik m\u0259lum olmayan qohumu t\u0259r\u0259find\u0259n b\u0131\u00e7aqlan\u0131b. Yaral\u0131 1 sayl\u0131 \u015e\u0259h\u0259r Klinik M\u0259rk\u0259z\u0259 \u00e7atd\u0131r\u0131l\u0131b. Ona sa\u011f k\u00fcr\u0259k nahiy\u0259sinin k\u0259silmi\u015f de\u015filmi\u015f yaras\u0131 diaqnozu qoyulub. D\u0259rhal \u0259m\u0259liyyata al\u0131n\u0131b. Haz\u0131rda v\u0259ziyy\u0259ti q\u0259na\u0259tb\u0259x\u015fdir. Analoji hadis\u0259 paytaxt\u0131n Bil\u0259c\u0259ri q\u0259s\u0259b\u0259si As\u0259f Zeynall\u0131 2 \u00fcnvan\u0131nda ba\u015f verib. 1995-ci il t\u0259v\u0259ll\u00fcdl\u00fc Mirbalazad\u0259 Mira\u011fa Mirbala o\u011flu \u015f\u0259xsiyy\u0259ti h\u0259l\u0259lik m\u0259lum olmayan \u015f\u0259xs t\u0259r\u0259find\u0259n b\u0131\u00e7aqlan\u0131b. T\u0259cili 1 sayl\u0131 \u015e\u0259h\u0259r Klinik M\u0259rk\u0259z\u0259 yerl\u0259\u015fdirilib. Ona, d\u00f6\u015f q\u0259f\u0259sinin de\u015filmi\u015f k\u0259silmi\u015f yaras\u0131 diaqnozu&hellip;<\/p>\n","protected":false},"author":2,"featured_media":46285,"comment_status":"closed","ping_status":"closed","sticky":false,"template":"","format":"standard","meta":{"om_disable_all_campaigns":false,"_monsterinsights_skip_tracking":false,"_monsterinsights_sitenote_active":false,"_monsterinsights_sitenote_note":"","_monsterinsights_sitenote_category":0},"categories":[3],"tags":[],"aioseo_notices":[],"gutentor_comment":0,"rttpg_featured_image_url":{"full":["https:\/\/arantv.az\/wp-content\/uploads\/2019\/03\/bicaq-2.jpg",620,412,false],"landscape":["https:\/\/arantv.az\/wp-content\/uploads\/2019\/03\/bicaq-2.jpg",620,412,false],"portraits":["https:\/\/arantv.az\/wp-content\/uploads\/2019\/03\/bicaq-2.jpg",620,412,false],"thumbnail":["https:\/\/arantv.az\/wp-content\/uploads\/2019\/03\/bicaq-2-150x150.jpg",150,150,true],"medium":["https:\/\/arantv.az\/wp-content\/uploads\/2019\/03\/bicaq-2-300x199.jpg",300,199,true],"large":["https:\/\/arantv.az\/wp-content\/uploads\/2019\/03\/bicaq-2.jpg",620,412,false],"1536x1536":["https:\/\/arantv.az\/wp-content\/uploads\/2019\/03\/bicaq-2.jpg",620,412,false],"2048x2048":["https:\/\/arantv.az\/wp-content\/uploads\/2019\/03\/bicaq-2.jpg",620,412,false],"post-thumbnail":["https:\/\/arantv.az\/wp-content\/uploads\/2019\/03\/bicaq-2-240x172.jpg",240,172,true],"advps-thumb-one":["https:\/\/arantv.az\/wp-content\/uploads\/2019\/03\/bicaq-2.jpg",620,412,false]},"rttpg_author":{"display_name":"V\u00fcsal Rafiqo\u011flu","author_link":"https:\/\/arantv.az\/?author=2"},"rttpg_comment":0,"rttpg_category":"<a href=\"https:\/\/arantv.az\/?cat=3\" rel=\"category\">Kriminal<\/a>","rttpg_excerpt":"Gec\u0259 saatlar\u0131nda paytaxt\u0131n N\u0259simi rayonu, X\u0259tai k\u00fc\u00e7\u0259si 10-da b\u0131\u00e7aqlanma hadis\u0259si ba\u015f verib. ARANTV.AZ-\u0131n m\u0259lumat\u0131na g\u00f6r\u0259, 1967-ci il t\u0259v\u0259ll\u00fcdl\u00fc F\u0259r\u0259cov May\u0131l \u00c7ingiz o\u011flu \u015f\u0259xsiyy\u0259ti h\u0259l\u0259lik m\u0259lum olmayan qohumu t\u0259r\u0259find\u0259n b\u0131\u00e7aqlan\u0131b. Yaral\u0131 1 sayl\u0131 \u015e\u0259h\u0259r Klinik M\u0259rk\u0259z\u0259 \u00e7atd\u0131r\u0131l\u0131b. Ona sa\u011f k\u00fcr\u0259k nahiy\u0259sinin k\u0259silmi\u015f de\u015filmi\u015f yaras\u0131 diaqnozu qoyulub. D\u0259rhal \u0259m\u0259liyyata al\u0131n\u0131b. Haz\u0131rda v\u0259ziyy\u0259ti q\u0259na\u0259tb\u0259x\u015fdir. Analoji hadis\u0259 paytaxt\u0131n Bil\u0259c\u0259ri&hellip;","_links":{"self":[{"href":"https:\/\/arantv.az\/index.php?rest_route=\/wp\/v2\/posts\/46284"}],"collection":[{"href":"https:\/\/arantv.az\/index.php?rest_route=\/wp\/v2\/posts"}],"about":[{"href":"https:\/\/arantv.az\/index.php?rest_route=\/wp\/v2\/types\/post"}],"author":[{"embeddable":true,"href":"https:\/\/arantv.az\/index.php?rest_route=\/wp\/v2\/users\/2"}],"replies":[{"embeddable":true,"href":"https:\/\/arantv.az\/index.php?rest_route=%2Fwp%2Fv2%2Fcomments&post=46284"}],"version-history":[{"count":0,"href":"https:\/\/arantv.az\/index.php?rest_route=\/wp\/v2\/posts\/46284\/revisions"}],"wp:featuredmedia":[{"embeddable":true,"href":"https:\/\/arantv.az\/index.php?rest_route=\/wp\/v2\/media\/46285"}],"wp:attachment":[{"href":"https:\/\/arantv.az\/index.php?rest_route=%2Fwp%2Fv2%2Fmedia&parent=46284"}],"wp:term":[{"taxonomy":"category","embeddable":true,"href":"https:\/\/arantv.az\/index.php?rest_route=%2Fwp%2Fv2%2Fcategories&post=46284"},{"taxonomy":"post_tag","embeddable":true,"href":"https:\/\/arantv.az\/index.php?rest_route=%2Fwp%2Fv2%2Ftags&post=46284"}],"curies":[{"name":"wp","href":"https:\/\/api.w.org\/{rel}","templated":true}]}}