{"id":46294,"date":"2019-03-19T09:31:16","date_gmt":"2019-03-19T06:31:16","guid":{"rendered":"http:\/\/arantv.az\/?p=46294"},"modified":"2019-03-19T09:31:16","modified_gmt":"2019-03-19T06:31:16","slug":"zakir-h%c9%99s%c9%99novdan-bayram-t%c9%99briki","status":"publish","type":"post","link":"https:\/\/arantv.az\/?p=46294","title":{"rendered":"Zakir H\u0259s\u0259novdan BAYRAM T\u018fBR\u0130K\u0130"},"content":{"rendered":"<p><strong>M\u00fcdafi\u0259 naziri general-polkovnik Zakir H\u0259s\u0259nov Novruz bayram\u0131 m\u00fcnasib\u0259til\u0259 Az\u0259rbaycan Ordusunun \u015f\u0259xsi hey\u0259tini t\u0259brik edib.<\/strong><\/p>\n<p><b>ARANTV.AZ\u00a0<\/b>x\u0259b\u0259r verir ki, t\u0259brikd\u0259 deyilir:<\/p>\n<p>&#8220;C\u0259nab zabitl\u0259r, yolda\u015f gizirl\u0259r, mi\u00e7manlar, \u00e7avu\u015flar, \u0259sg\u0259rl\u0259r, matroslar v\u0259 m\u00fclki \u0259m\u0259kda\u015flar!<\/p>\n<p>Sizi Novruz bayram\u0131 m\u00fcnasib\u0259til\u0259 s\u0259mimi q\u0259lbd\u0259n t\u0259brik edir, Az\u0259rbaycan\u0131m\u0131z namin\u0259 \u00e7\u0259tin, lakin \u015f\u0259r\u0259fli xidm\u0259tinizd\u0259 h\u0259r biriniz\u0259 u\u011furlar arzulay\u0131ram.<\/p>\n<p>T\u0259bi\u0259tin \u0259b\u0259di qanunlar\u0131 v\u0259 kainat\u0131n d\u0259yi\u015fm\u0259z nizam\u0131 il\u0259 \u0259laq\u0259dar olan Novruz bayram\u0131 \u0259n\u0259n\u0259l\u0259rinin qorunub saxlan\u0131lmas\u0131 milli-m\u0259n\u0259vi d\u0259y\u0259rl\u0259rimiz\u0259 h\u00f6rm\u0259t v\u0259 sevginin t\u0259zah\u00fcr\u00fcd\u00fcr.<\/p>\n<p>\u00dcmummilli liderimiz Heyd\u0259r \u018fliyevin uzaqg\u00f6r\u0259n v\u0259 m\u00fcdrik siyas\u0259tinin n\u0259tic\u0259si olaraq bu g\u00fcn Novruz \u00fcmumxalq v\u0259 d\u00f6vl\u0259t bayram\u0131 s\u0259viyy\u0259sind\u0259 \u00f6lk\u0259mizin h\u0259r bir b\u00f6lg\u0259sind\u0259 b\u00f6y\u00fck izdihamla, ruh y\u00fcks\u0259kliyi il\u0259 qeyd edilir.<\/p>\n<p>M\u00f6ht\u0259r\u0259m Prezidentimiz, Silahl\u0131 Q\u00fcvv\u0259l\u0259rin Ali Ba\u015f Komandan\u0131 c\u0259nab \u0130lham \u018fliyevin apard\u0131\u011f\u0131 u\u011furlu siyas\u0259t n\u0259tic\u0259sind\u0259 m\u00fcst\u0259qil Az\u0259rbaycanda v\u0259t\u0259nda\u015f h\u0259mr\u0259yliyi \u0259ld\u0259 olunub. \u00d6lk\u0259miz d\u00fcnya d\u00f6vl\u0259tl\u0259ri s\u0131ras\u0131nda \u0259n layiqli yerl\u0259rd\u0259n birini tutub, iqtisadiyyat\u0131m\u0131z\u0131n fasil\u0259siz inki\u015faf\u0131 t\u0259min olunub, d\u00f6vl\u0259t\u00e7ilik \u0259n\u0259n\u0259l\u0259rimiz daha da m\u00f6hk\u0259ml\u0259nib.<\/p>\n<p>\u00d6lk\u0259mizin m\u00fcdafi\u0259 q\u00fcdr\u0259tinin art\u0131r\u0131lmas\u0131 istiqam\u0259tind\u0259 at\u0131lan u\u011furlu add\u0131mlar h\u0259rbi qulluq\u00e7ular\u0131m\u0131z\u0131n q\u0259l\u0259b\u0259 \u0259zmini daha da m\u00f6hk\u0259ml\u0259ndirir. G\u00fcn\u00fc-g\u00fcnd\u0259n g\u00fccl\u0259n\u0259n Az\u0259rbaycan Ordusunun h\u0259yata ke\u00e7irdiyi \u0259ks-h\u0259ml\u0259 \u0259m\u0259liyyatlar\u0131ndak\u0131 q\u0259l\u0259b\u0259l\u0259ri say\u0259sind\u0259 i\u015f\u011faldan azad olunmu\u015f torpaqlar\u0131m\u0131zda v\u0259 strateji \u0259h\u0259miyy\u0259tli y\u00fcks\u0259klikl\u0259rd\u0259 bu g\u00fcn Az\u0259rbaycan bayra\u011f\u0131 v\u00fcqarla dal\u011falan\u0131r. B\u00fct\u00fcn bunlar son ill\u0259r ordu quruculu\u011fu istiqam\u0259tind\u0259ki islahatlar n\u0259tic\u0259sind\u0259 qazan\u0131lan nailiyy\u0259tl\u0259rin m\u0259ntiqi n\u0259tic\u0259sidir.<br \/>\nXalq\u0131m\u0131z\u0131n v\u0259 ordumuzun \u015f\u0259xsi hey\u0259tinin i\u015ftirak\u0131 il\u0259 2018-ci ild\u0259 ke\u00e7iril\u0259n Az\u0259rbaycan Ordusunun yarad\u0131lmas\u0131n\u0131n v\u0259 Bak\u0131n\u0131n i\u015f\u011faldan azad edilm\u0259sinin 100 illiyin\u0259 h\u0259sr olunan m\u00f6ht\u0259\u015f\u0259m paradlar \u00f6lk\u0259mizin m\u00fcdafi\u0259 g\u00fcc\u00fcn\u00fc bir daha t\u0259sdiql\u0259di.<br \/>\n\u0130rimiqyasl\u0131 t\u0259liml\u0259rd\u0259 pe\u015f\u0259karl\u0131\u011f\u0131n\u0131, d\u00f6y\u00fc\u015f qabiliyy\u0259tini art\u0131ran \u015f\u0259xsi hey\u0259t V\u0259t\u0259n qar\u015f\u0131s\u0131nda v\u0259zif\u0259 borcunu \u015f\u0259r\u0259fl\u0259 v\u0259 vicdanla yerin\u0259 yetirm\u0259y\u0259 davam edir.<\/p>\n<p>\u018fmin\u0259m ki, Az\u0259rbaycan Respublikas\u0131n\u0131n Konstitusiyas\u0131na, H\u0259rbi anda v\u0259 nizamnam\u0259l\u0259r\u0259 daim sadiq qalaraq d\u00f6y\u00fc\u015f v\u0259 m\u0259n\u0259vi-psixoloji haz\u0131rl\u0131\u011f\u0131n\u0131z\u0131 g\u00fccl\u0259ndir\u0259c\u0259k, yeni q\u0259l\u0259b\u0259l\u0259r \u0259ld\u0259 etm\u0259k \u00fc\u00e7\u00fcn s\u0259y v\u0259 bacar\u0131qlar\u0131n\u0131z\u0131 daha da art\u0131racaqs\u0131n\u0131z.<\/p>\n<p>Respublikam\u0131z\u0131n suverenliyinin, m\u00fcst\u0259qilliyinin qorunmas\u0131 v\u0259 \u0259razi b\u00fct\u00f6vl\u00fcy\u00fcn\u00fcn b\u0259rpas\u0131 u\u011frunda canlar\u0131ndan ke\u00e7\u0259n \u015f\u0259hidl\u0259rimizin unudulmaz xatir\u0259sini ehtiramla yad edir, onlara Tanr\u0131dan r\u0259hm\u0259t dil\u0259yir\u0259m. Eyni zamanda \u015f\u0259hid ail\u0259l\u0259rini v\u0259 torpaqlar\u0131m\u0131z\u0131n m\u00fcdafi\u0259si u\u011frunda d\u00fc\u015fm\u0259nl\u0259 sava\u015fda sa\u011flaml\u0131\u011f\u0131n\u0131 itir\u0259n d\u00f6y\u00fc\u015f\u00e7\u00fcl\u0259rimizi, h\u00f6rm\u0259tli veteranlar\u0131m\u0131z\u0131 da bayram m\u00fcnasib\u0259til\u0259 t\u0259brik edir, onlara \u0259n xo\u015f arzular\u0131m\u0131 \u00e7atd\u0131r\u0131ram.<\/p>\n<p>Bir daha h\u0259r birinizi g\u00f6z\u0259l bahar bayram\u0131 m\u00fcnasib\u0259til\u0259 \u00fcr\u0259kd\u0259n t\u0259brik edir, m\u00f6hk\u0259m cansa\u011fl\u0131\u011f\u0131, uzun \u00f6m\u00fcr, ail\u0259 s\u0259ad\u0259ti v\u0259 \u015f\u0259r\u0259fli xidm\u0259tinizd\u0259 yeni u\u011furlar arzulay\u0131ram.<\/p>\n<p>Novruz bayram\u0131n\u0131z m\u00fcbar\u0259k olsun!&#8221;.<\/p>\n","protected":false},"excerpt":{"rendered":"<p>M\u00fcdafi\u0259 naziri general-polkovnik Zakir H\u0259s\u0259nov Novruz bayram\u0131 m\u00fcnasib\u0259til\u0259 Az\u0259rbaycan Ordusunun \u015f\u0259xsi hey\u0259tini t\u0259brik edib. ARANTV.AZ\u00a0x\u0259b\u0259r verir ki, t\u0259brikd\u0259 deyilir: &#8220;C\u0259nab zabitl\u0259r, yolda\u015f gizirl\u0259r, mi\u00e7manlar, \u00e7avu\u015flar, \u0259sg\u0259rl\u0259r, matroslar v\u0259 m\u00fclki \u0259m\u0259kda\u015flar! Sizi Novruz bayram\u0131 m\u00fcnasib\u0259til\u0259 s\u0259mimi q\u0259lbd\u0259n t\u0259brik edir, Az\u0259rbaycan\u0131m\u0131z namin\u0259 \u00e7\u0259tin, lakin \u015f\u0259r\u0259fli xidm\u0259tinizd\u0259 h\u0259r biriniz\u0259 u\u011furlar arzulay\u0131ram. T\u0259bi\u0259tin \u0259b\u0259di qanunlar\u0131 v\u0259 kainat\u0131n d\u0259yi\u015fm\u0259z nizam\u0131 il\u0259 \u0259laq\u0259dar olan Novruz bayram\u0131 \u0259n\u0259n\u0259l\u0259rinin qorunub saxlan\u0131lmas\u0131 milli-m\u0259n\u0259vi d\u0259y\u0259rl\u0259rimiz\u0259 h\u00f6rm\u0259t v\u0259 sevginin t\u0259zah\u00fcr\u00fcd\u00fcr. \u00dcmummilli liderimiz Heyd\u0259r \u018fliyevin uzaqg\u00f6r\u0259n v\u0259 m\u00fcdrik siyas\u0259tinin n\u0259tic\u0259si olaraq bu g\u00fcn Novruz \u00fcmumxalq v\u0259 d\u00f6vl\u0259t bayram\u0131 s\u0259viyy\u0259sind\u0259 \u00f6lk\u0259mizin h\u0259r bir&hellip;<\/p>\n","protected":false},"author":2,"featured_media":46295,"comment_status":"closed","ping_status":"closed","sticky":false,"template":"","format":"standard","meta":{"om_disable_all_campaigns":false,"_monsterinsights_skip_tracking":false,"_monsterinsights_sitenote_active":false,"_monsterinsights_sitenote_note":"","_monsterinsights_sitenote_category":0},"categories":[19],"tags":[],"aioseo_notices":[],"gutentor_comment":0,"rttpg_featured_image_url":{"full":["https:\/\/arantv.az\/wp-content\/uploads\/2019\/03\/zakir_3857867.jpg",800,450,false],"landscape":["https:\/\/arantv.az\/wp-content\/uploads\/2019\/03\/zakir_3857867.jpg",800,450,false],"portraits":["https:\/\/arantv.az\/wp-content\/uploads\/2019\/03\/zakir_3857867.jpg",800,450,false],"thumbnail":["https:\/\/arantv.az\/wp-content\/uploads\/2019\/03\/zakir_3857867-150x150.jpg",150,150,true],"medium":["https:\/\/arantv.az\/wp-content\/uploads\/2019\/03\/zakir_3857867-300x169.jpg",300,169,true],"large":["https:\/\/arantv.az\/wp-content\/uploads\/2019\/03\/zakir_3857867.jpg",640,360,false],"1536x1536":["https:\/\/arantv.az\/wp-content\/uploads\/2019\/03\/zakir_3857867.jpg",800,450,false],"2048x2048":["https:\/\/arantv.az\/wp-content\/uploads\/2019\/03\/zakir_3857867.jpg",800,450,false],"post-thumbnail":["https:\/\/arantv.az\/wp-content\/uploads\/2019\/03\/zakir_3857867-240x172.jpg",240,172,true],"advps-thumb-one":["https:\/\/arantv.az\/wp-content\/uploads\/2019\/03\/zakir_3857867.jpg",800,450,false]},"rttpg_author":{"display_name":"V\u00fcsal Rafiqo\u011flu","author_link":"https:\/\/arantv.az\/?author=2"},"rttpg_comment":0,"rttpg_category":"<a href=\"https:\/\/arantv.az\/?cat=19\" rel=\"category\">G\u00fcnd\u0259m<\/a>","rttpg_excerpt":"M\u00fcdafi\u0259 naziri general-polkovnik Zakir H\u0259s\u0259nov Novruz bayram\u0131 m\u00fcnasib\u0259til\u0259 Az\u0259rbaycan Ordusunun \u015f\u0259xsi hey\u0259tini t\u0259brik edib. ARANTV.AZ\u00a0x\u0259b\u0259r verir ki, t\u0259brikd\u0259 deyilir: &#8220;C\u0259nab zabitl\u0259r, yolda\u015f gizirl\u0259r, mi\u00e7manlar, \u00e7avu\u015flar, \u0259sg\u0259rl\u0259r, matroslar v\u0259 m\u00fclki \u0259m\u0259kda\u015flar! Sizi Novruz bayram\u0131 m\u00fcnasib\u0259til\u0259 s\u0259mimi q\u0259lbd\u0259n t\u0259brik edir, Az\u0259rbaycan\u0131m\u0131z namin\u0259 \u00e7\u0259tin, lakin \u015f\u0259r\u0259fli xidm\u0259tinizd\u0259 h\u0259r biriniz\u0259 u\u011furlar arzulay\u0131ram. T\u0259bi\u0259tin \u0259b\u0259di qanunlar\u0131 v\u0259 kainat\u0131n d\u0259yi\u015fm\u0259z nizam\u0131&hellip;","_links":{"self":[{"href":"https:\/\/arantv.az\/index.php?rest_route=\/wp\/v2\/posts\/46294"}],"collection":[{"href":"https:\/\/arantv.az\/index.php?rest_route=\/wp\/v2\/posts"}],"about":[{"href":"https:\/\/arantv.az\/index.php?rest_route=\/wp\/v2\/types\/post"}],"author":[{"embeddable":true,"href":"https:\/\/arantv.az\/index.php?rest_route=\/wp\/v2\/users\/2"}],"replies":[{"embeddable":true,"href":"https:\/\/arantv.az\/index.php?rest_route=%2Fwp%2Fv2%2Fcomments&post=46294"}],"version-history":[{"count":0,"href":"https:\/\/arantv.az\/index.php?rest_route=\/wp\/v2\/posts\/46294\/revisions"}],"wp:featuredmedia":[{"embeddable":true,"href":"https:\/\/arantv.az\/index.php?rest_route=\/wp\/v2\/media\/46295"}],"wp:attachment":[{"href":"https:\/\/arantv.az\/index.php?rest_route=%2Fwp%2Fv2%2Fmedia&parent=46294"}],"wp:term":[{"taxonomy":"category","embeddable":true,"href":"https:\/\/arantv.az\/index.php?rest_route=%2Fwp%2Fv2%2Fcategories&post=46294"},{"taxonomy":"post_tag","embeddable":true,"href":"https:\/\/arantv.az\/index.php?rest_route=%2Fwp%2Fv2%2Ftags&post=46294"}],"curies":[{"name":"wp","href":"https:\/\/api.w.org\/{rel}","templated":true}]}}