{"id":46297,"date":"2019-03-19T09:35:16","date_gmt":"2019-03-19T06:35:16","guid":{"rendered":"http:\/\/arantv.az\/?p=46297"},"modified":"2019-03-19T09:35:16","modified_gmt":"2019-03-19T06:35:16","slug":"%c9%99li-h%c9%99s%c9%99nov-az%c9%99rbaycan-dovl%c9%99tinin-kiv-l%c9%99r%c9%99-jurnalistl%c9%99r%c9%99-d%c9%99st%c9%99yi-s%c9%99ffaf-s%c9%99kild%c9%99-h%c9%99yata-kecirilir-bu-prosesd%c9%99","status":"publish","type":"post","link":"https:\/\/arantv.az\/?p=46297","title":{"rendered":"\u018fli H\u0259s\u0259nov: \u201cAz\u0259rbaycan d\u00f6vl\u0259tinin K\u0130V-l\u0259r\u0259, jurnalistl\u0259r\u0259 d\u0259st\u0259yi \u015f\u0259ffaf \u015f\u0259kild\u0259 h\u0259yata ke\u00e7irilir, bu prosesd\u0259 he\u00e7 bir qaranl\u0131q m\u0259qam yoxdur\u201d \u2013 FOTO"},"content":{"rendered":"<p>Bu g\u00fcn Az\u0259rbaycan Respublikas\u0131n\u0131n Prezidenti yan\u0131nda K\u00fctl\u0259vi \u0130nformasiya Vasit\u0259l\u0259rinin \u0130nki\u015faf\u0131na D\u00f6vl\u0259t D\u0259st\u0259yi Fondunun (K\u0130VDF) yaranmas\u0131n\u0131n 10-cu ild\u00f6n\u00fcm\u00fc v\u0259 Novruz bayram\u0131 m\u00fcnasib\u0259til\u0259 elan olunmu\u015f \u0259n\u0259n\u0259vi f\u0259rdi jurnalist yaz\u0131lar\u0131 m\u00fcsabiq\u0259sinin qalibl\u0259rinin m\u00fckafatland\u0131r\u0131lmas\u0131 m\u0259rasimi ke\u00e7irilib.<\/p>\n<p><strong>ARANTV.AZ<\/strong> trend-\u0259 istinad\u0259n bildirir ki,\u00a0t\u0259dbird\u0259 Az\u0259rbaycan Prezidentinin \u0130ctimai-siyasi m\u0259s\u0259l\u0259l\u0259r \u00fczr\u0259 k\u00f6m\u0259k\u00e7isi \u018fli H\u0259s\u0259nov, K\u0130VDF-nin icra\u00e7\u0131 direktoru V\u00fcqar S\u0259f\u0259rli, d\u00f6vl\u0259t r\u0259smil\u0259ri, mill\u0259t v\u0259kill\u0259ri, K\u0130V r\u0259hb\u0259rl\u0259ri v\u0259 dig\u0259r qonaqlar i\u015ftirak edibl\u0259r.<\/p>\n<p>Az\u0259rbaycan D\u00f6vl\u0259t himinin s\u0259sl\u0259ndirilm\u0259si il\u0259 ba\u015flayan t\u0259dbirin \u0259vv\u0259lind\u0259 fondun 10 illiyin\u0259 h\u0259sr olunan film n\u00fcmayi\u015f etdirilib.<\/p>\n<p>T\u0259dbird\u0259 \u00e7\u0131x\u0131\u015f ed\u0259n \u018f.H\u0259s\u0259nov bildirib ki, K\u00fctl\u0259vi \u0130nformasiya Vasit\u0259l\u0259rinin \u0130nki\u015faf\u0131na D\u00f6vl\u0259t D\u0259st\u0259yi Fondu Az\u0259rbaycanda k\u00fctl\u0259vi informasiya vasit\u0259l\u0259rinin v\u0259 jurnalistikan\u0131n inki\u015faf\u0131nda \u00f6n\u0259mli rol oynay\u0131b:<\/p>\n<p>\u201cFond \u00dcmummilli lider Heyd\u0259r \u018fliyev t\u0259r\u0259find\u0259n t\u0259m\u0259li qoyulmu\u015f azad media siyas\u0259tinin h\u0259yata ke\u00e7irilm\u0259sind\u0259 \u00f6n\u0259mli xidm\u0259tl\u0259r g\u00f6st\u0259rib. Bu fondun yarad\u0131lmas\u0131 t\u0259\u015f\u0259bb\u00fcs\u00fcn\u00fc c\u0259nab Prezident \u0130lham \u018fliyev ir\u0259li s\u00fcr\u00fcb. 10 il bundan qabaq fondun yarad\u0131lmas\u0131 il\u0259 ba\u011fl\u0131 Prezidentin s\u0259r\u0259ncam\u0131 imzaland\u0131. Ondan bir il qabaq K\u00fctl\u0259vi \u0130nformasiya Vasit\u0259l\u0259rinin \u0130nki\u015faf\u0131na D\u00f6vl\u0259t D\u0259st\u0259yi Konsepsiyas\u0131 q\u0259bul olundu. H\u0259m konsepsiyan\u0131n q\u0259bul edilm\u0259si, h\u0259m d\u0259 fondun yarad\u0131lmas\u0131 Az\u0259rbaycanda d\u00f6vl\u0259tin mediaya qay\u011f\u0131s\u0131n\u0131, d\u0259st\u0259yini sisteml\u0259\u015fdir\u0259n v\u0259 vahid konsepsiya il\u0259 h\u0259yata ke\u00e7ir\u0259n bir mexanizmin yarad\u0131lmas\u0131n\u0131 ehtiva edirdi\u201d.<\/p>\n<p>PA r\u0259smisi bildirib ki, 10 ildir Az\u0259rbaycan d\u00f6vl\u0259tinin K\u0130V-l\u0259r\u0259, jurnalistl\u0259r\u0259, onlar\u0131n \u015f\u0259xsi v\u0259 xidm\u0259ti ehtiyaclar\u0131na, o c\u00fcml\u0259d\u0259n K\u0130V-l\u0259rin maddi-texniki v\u0259ziyy\u0259tinin yax\u015f\u0131la\u015fd\u0131r\u0131lmas\u0131na, jurnalistl\u0259rin sosial probleml\u0259rinin h\u0259ll edilm\u0259sin\u0259 g\u00f6st\u0259rdiyi d\u0259st\u0259k \u015f\u0259ffaf \u015f\u0259kild\u0259 h\u0259yata ke\u00e7irilir v\u0259 bu prosesd\u0259 he\u00e7 bir qaranl\u0131q m\u0259qam yoxdur:<\/p>\n<p>\u201cBu 10 il m\u00fcdd\u0259tind\u0259 k\u00fctl\u0259vi informasiya vasit\u0259l\u0259rin\u0259, jurnalistl\u0259r\u0259 n\u0259 edilibs\u0259, kollegial \u015f\u0259kild\u0259 edilib, K\u0130VDF-nin M\u00fc\u015fahid\u0259 \u015euras\u0131n\u0131n bilavasit\u0259 n\u0259zar\u0259ti il\u0259 h\u0259yata ke\u00e7irilib. \u0130st\u0259r m\u0259nzill\u0259rin paylanmas\u0131, ist\u0259r f\u0259rdi yaz\u0131 m\u00fcsabiq\u0259l\u0259rinin ke\u00e7irilm\u0259si, m\u00fcsabiq\u0259l\u0259rd\u0259 qalibl\u0259rin elan olunmas\u0131, ist\u0259rs\u0259 d\u0259 k\u00fctl\u0259vi informasiya vasit\u0259l\u0259rin\u0259 tiraj\u0131na v\u0259 onlar\u0131n potensial\u0131na uy\u011fun illik yard\u0131mlar\u0131n paylanmas\u0131 tam \u015f\u0259ffaf v\u0259 \u0259dal\u0259tli sistem \u00fczr\u0259 h\u0259yata ke\u00e7irilib. Ona g\u00f6r\u0259 d\u0259 Prezident \u0130lham \u018fliyev\u0259 Az\u0259rbaycan jurnalistl\u0259rinin bug\u00fcnk\u00fc m\u0259mnunluq n\u00fcmayi\u015f etdir\u0259n m\u00fcnasib\u0259ti d\u0259 ona g\u0259tirib \u00e7\u0131xar\u0131b ki, ne\u00e7\u0259 ildir davaml\u0131 olaraq jurnalistl\u0259r \u0130lham \u018fliyevi \u00f6z\u00fcn\u00fcn dostu se\u00e7ir. M\u0259n Az\u0259rbaycan medias\u0131na g\u00f6st\u0259rdiyi sistemli v\u0259 \u015f\u0259ffaf d\u0259st\u0259y\u0259 g\u00f6r\u0259 c\u0259nab Prezident \u0130lham \u018fliyev\u0259 minn\u0259tdarl\u0131\u011f\u0131m\u0131 bildirir\u0259m. Prezident \u0130lham \u018fliyevin bu siyas\u0259tinin h\u0259yata ke\u00e7irilm\u0259sind\u0259 i\u015ftirak ed\u0259n h\u0259r k\u0259s\u0259, o c\u00fcml\u0259d\u0259n Az\u0259rbaycan\u0131n Birinci vitse-prezidenti Mehriban xan\u0131m \u018fliyevaya, m\u0259rk\u0259zi v\u0259 yerli icra hakimiyy\u0259ti orqanlar\u0131na t\u0259\u015f\u0259kk\u00fcr edir\u0259m\u201d.<\/p>\n<p>Daha sonra t\u0259dbird\u0259 \u00e7\u0131x\u0131\u015f ed\u0259n V.S\u0259f\u0259rli bildirib ki, 10 il \u0259rzind\u0259 Fond t\u0259r\u0259find\u0259n bir \u00e7ox layih\u0259l\u0259r h\u0259yata ke\u00e7irilib: \u201c\u0130st\u0259r yerli icra hakimiyy\u0259tl\u0259ri, ist\u0259rs\u0259 d\u0259 m\u0259rk\u0259zi icra orqanlar\u0131 v\u0259 dig\u0259r qurumlarla birg\u0259 bir \u00e7ox layih\u0259l\u0259r h\u0259yata ke\u00e7irmi\u015fik. 10 ild\u0259 \u00e7ox i\u015fl\u0259r g\u00f6r\u00fcl\u00fcb, jurnalistl\u0259rin pe\u015f\u0259karl\u0131\u011f\u0131n\u0131n art\u0131r\u0131lmas\u0131, sosial-m\u0259nzil \u015f\u0259raitinin yax\u015f\u0131la\u015fd\u0131r\u0131lmas\u0131 istiqam\u0259tind\u0259 xeyli i\u015f g\u00f6r\u00fcl\u00fcb. Fond ild\u0259 3 d\u0259f\u0259 \u2013 Novruz bayram\u0131nda, Milli m\u0259tbuat\u0131n yaranma g\u00fcn\u00fcnd\u0259 v\u0259 D\u00fcnya Az\u0259rbaycanl\u0131lar\u0131n\u0131n H\u0259mr\u0259yliyi v\u0259 Yeni il m\u00fcnasib\u0259til\u0259 m\u00fcsabiq\u0259 ke\u00e7irir\u201d.<\/p>\n<p>V.S\u0259f\u0259rli Az\u0259rbaycan m\u0259tbuat\u0131na g\u00f6st\u0259ril\u0259n diqq\u0259t v\u0259 qay\u011f\u0131ya g\u00f6r\u0259 Prezident \u0130lham \u018fliyev\u0259 m\u0259tbuat ad\u0131ndan minn\u0259tdarl\u0131\u011f\u0131n\u0131 bildirib, eyni zamanda, Prezident \u0130lham \u018fliyevi v\u0259 Birinci vitse-prezident Mehriban xan\u0131m \u018fliyevan\u0131 Novruz bayram\u0131 m\u00fcnasib\u0259til\u0259 t\u0259brik edib.<\/p>\n<p>Daha sonra m\u00fckafatlar t\u0259qdim edilib v\u0259 t\u0259dbir b\u0259dii hiss\u0259 il\u0259 davam etdirilib.<\/p>\n","protected":false},"excerpt":{"rendered":"<p>Bu g\u00fcn Az\u0259rbaycan Respublikas\u0131n\u0131n Prezidenti yan\u0131nda K\u00fctl\u0259vi \u0130nformasiya Vasit\u0259l\u0259rinin \u0130nki\u015faf\u0131na D\u00f6vl\u0259t D\u0259st\u0259yi Fondunun (K\u0130VDF) yaranmas\u0131n\u0131n 10-cu ild\u00f6n\u00fcm\u00fc v\u0259 Novruz bayram\u0131 m\u00fcnasib\u0259til\u0259 elan olunmu\u015f \u0259n\u0259n\u0259vi f\u0259rdi jurnalist yaz\u0131lar\u0131 m\u00fcsabiq\u0259sinin qalibl\u0259rinin m\u00fckafatland\u0131r\u0131lmas\u0131 m\u0259rasimi ke\u00e7irilib. ARANTV.AZ trend-\u0259 istinad\u0259n bildirir ki,\u00a0t\u0259dbird\u0259 Az\u0259rbaycan Prezidentinin \u0130ctimai-siyasi m\u0259s\u0259l\u0259l\u0259r \u00fczr\u0259 k\u00f6m\u0259k\u00e7isi \u018fli H\u0259s\u0259nov, K\u0130VDF-nin icra\u00e7\u0131 direktoru V\u00fcqar S\u0259f\u0259rli, d\u00f6vl\u0259t r\u0259smil\u0259ri, mill\u0259t v\u0259kill\u0259ri, K\u0130V r\u0259hb\u0259rl\u0259ri v\u0259 dig\u0259r qonaqlar i\u015ftirak edibl\u0259r. Az\u0259rbaycan D\u00f6vl\u0259t himinin s\u0259sl\u0259ndirilm\u0259si il\u0259 ba\u015flayan t\u0259dbirin \u0259vv\u0259lind\u0259 fondun 10 illiyin\u0259 h\u0259sr olunan film n\u00fcmayi\u015f etdirilib. T\u0259dbird\u0259 \u00e7\u0131x\u0131\u015f ed\u0259n \u018f.H\u0259s\u0259nov bildirib ki, K\u00fctl\u0259vi \u0130nformasiya Vasit\u0259l\u0259rinin \u0130nki\u015faf\u0131na D\u00f6vl\u0259t D\u0259st\u0259yi Fondu&hellip;<\/p>\n","protected":false},"author":2,"featured_media":46298,"comment_status":"closed","ping_status":"closed","sticky":false,"template":"","format":"standard","meta":{"om_disable_all_campaigns":false,"_monsterinsights_skip_tracking":false,"_monsterinsights_sitenote_active":false,"_monsterinsights_sitenote_note":"","_monsterinsights_sitenote_category":0},"categories":[19],"tags":[],"aioseo_notices":[],"gutentor_comment":0,"rttpg_featured_image_url":{"full":["https:\/\/arantv.az\/wp-content\/uploads\/2019\/03\/740110.jpg",800,600,false],"landscape":["https:\/\/arantv.az\/wp-content\/uploads\/2019\/03\/740110.jpg",800,600,false],"portraits":["https:\/\/arantv.az\/wp-content\/uploads\/2019\/03\/740110.jpg",800,600,false],"thumbnail":["https:\/\/arantv.az\/wp-content\/uploads\/2019\/03\/740110-150x150.jpg",150,150,true],"medium":["https:\/\/arantv.az\/wp-content\/uploads\/2019\/03\/740110-300x225.jpg",300,225,true],"large":["https:\/\/arantv.az\/wp-content\/uploads\/2019\/03\/740110.jpg",640,480,false],"1536x1536":["https:\/\/arantv.az\/wp-content\/uploads\/2019\/03\/740110.jpg",800,600,false],"2048x2048":["https:\/\/arantv.az\/wp-content\/uploads\/2019\/03\/740110.jpg",800,600,false],"post-thumbnail":["https:\/\/arantv.az\/wp-content\/uploads\/2019\/03\/740110-240x172.jpg",240,172,true],"advps-thumb-one":["https:\/\/arantv.az\/wp-content\/uploads\/2019\/03\/740110.jpg",800,600,false]},"rttpg_author":{"display_name":"V\u00fcsal Rafiqo\u011flu","author_link":"https:\/\/arantv.az\/?author=2"},"rttpg_comment":0,"rttpg_category":"<a href=\"https:\/\/arantv.az\/?cat=19\" rel=\"category\">G\u00fcnd\u0259m<\/a>","rttpg_excerpt":"Bu g\u00fcn Az\u0259rbaycan Respublikas\u0131n\u0131n Prezidenti yan\u0131nda K\u00fctl\u0259vi \u0130nformasiya Vasit\u0259l\u0259rinin \u0130nki\u015faf\u0131na D\u00f6vl\u0259t D\u0259st\u0259yi Fondunun (K\u0130VDF) yaranmas\u0131n\u0131n 10-cu ild\u00f6n\u00fcm\u00fc v\u0259 Novruz bayram\u0131 m\u00fcnasib\u0259til\u0259 elan olunmu\u015f \u0259n\u0259n\u0259vi f\u0259rdi jurnalist yaz\u0131lar\u0131 m\u00fcsabiq\u0259sinin qalibl\u0259rinin m\u00fckafatland\u0131r\u0131lmas\u0131 m\u0259rasimi ke\u00e7irilib. ARANTV.AZ trend-\u0259 istinad\u0259n bildirir ki,\u00a0t\u0259dbird\u0259 Az\u0259rbaycan Prezidentinin \u0130ctimai-siyasi m\u0259s\u0259l\u0259l\u0259r \u00fczr\u0259 k\u00f6m\u0259k\u00e7isi \u018fli H\u0259s\u0259nov, K\u0130VDF-nin icra\u00e7\u0131 direktoru V\u00fcqar S\u0259f\u0259rli, d\u00f6vl\u0259t r\u0259smil\u0259ri, mill\u0259t v\u0259kill\u0259ri, K\u0130V&hellip;","_links":{"self":[{"href":"https:\/\/arantv.az\/index.php?rest_route=\/wp\/v2\/posts\/46297"}],"collection":[{"href":"https:\/\/arantv.az\/index.php?rest_route=\/wp\/v2\/posts"}],"about":[{"href":"https:\/\/arantv.az\/index.php?rest_route=\/wp\/v2\/types\/post"}],"author":[{"embeddable":true,"href":"https:\/\/arantv.az\/index.php?rest_route=\/wp\/v2\/users\/2"}],"replies":[{"embeddable":true,"href":"https:\/\/arantv.az\/index.php?rest_route=%2Fwp%2Fv2%2Fcomments&post=46297"}],"version-history":[{"count":0,"href":"https:\/\/arantv.az\/index.php?rest_route=\/wp\/v2\/posts\/46297\/revisions"}],"wp:featuredmedia":[{"embeddable":true,"href":"https:\/\/arantv.az\/index.php?rest_route=\/wp\/v2\/media\/46298"}],"wp:attachment":[{"href":"https:\/\/arantv.az\/index.php?rest_route=%2Fwp%2Fv2%2Fmedia&parent=46297"}],"wp:term":[{"taxonomy":"category","embeddable":true,"href":"https:\/\/arantv.az\/index.php?rest_route=%2Fwp%2Fv2%2Fcategories&post=46297"},{"taxonomy":"post_tag","embeddable":true,"href":"https:\/\/arantv.az\/index.php?rest_route=%2Fwp%2Fv2%2Ftags&post=46297"}],"curies":[{"name":"wp","href":"https:\/\/api.w.org\/{rel}","templated":true}]}}